

{"id":3009,"date":"2017-06-12T14:06:24","date_gmt":"2017-06-12T17:06:24","guid":{"rendered":"https:\/\/siteshom.goias.gov.br\/saude\/aviso-de-coletiva\/"},"modified":"2017-06-12T14:06:24","modified_gmt":"2017-06-12T17:06:24","slug":"aviso-de-coletiva","status":"publish","type":"post","link":"https:\/\/goias.gov.br\/saude\/aviso-de-coletiva\/","title":{"rendered":"AVISO DE COLETIVA"},"content":{"rendered":"<p>O repasse de parte deste recurso \u00e9 condicionado \u00e0 realiza\u00e7\u00e3o do Levantamento R\u00e1pido do \u00cdndice de Infesta\u00e7\u00e3o do Aedes aegypti em todos os munic\u00edpios goianos no primeiro semestre do ano. Goi\u00e1s cumpriu a meta com um m\u00eas de anteced\u00eancia.<\/p>\n<div class=\"tx cl\">\n<p>&nbsp;<\/p>\n<p><strong>Data<\/strong>\u00a0\u2013 13 de junho (ter\u00e7a-feira)<\/p>\n<p><strong>Hor\u00e1rio<\/strong>\u00a0\u2013 10 horas<\/p>\n<p><strong>Local<\/strong>\u00a0\u2013 Centro de Informa\u00e7\u00f5es e Decis\u00f5es Estrat\u00e9gias em Sa\u00fade Zilda Arns Neumann<\/p>\n<p><strong>Endere\u00e7o<\/strong>\u00a0\u2013 Sede da Secretaria de Estado da Sa\u00fade\u00a0 de Goi\u00e1s \u2013 Rua SC-1, n\u00famero 299 \u2013 Bairro Santa Cruz, Goi\u00e2nia (GO)<\/p>\n<p>O secret\u00e1rio de Estado da Sa\u00fade de Goi\u00e1s, Leonardo Vilela, conceder\u00e1 entrevista coletiva sobre o fato do Estado de Goi\u00e1s ser contemplado com verba do Minist\u00e9rio da Sa\u00fade para o desenvolvimento de a\u00e7\u00f5es de combate ao Aedes.<\/p>\n<\/div>\n","protected":false},"excerpt":{"rendered":"<p>O repasse de parte deste recurso \u00e9 condicionado \u00e0 realiza\u00e7\u00e3o do Levantamento R\u00e1pido do \u00cdndice de Infesta\u00e7\u00e3o do Aedes aegypti em todos os munic\u00edpios goianos no primeiro semestre do ano. Goi\u00e1s cumpriu a meta com um m\u00eas de anteced\u00eancia. &nbsp; Data\u00a0\u2013 13 de junho (ter\u00e7a-feira) Hor\u00e1rio\u00a0\u2013 10 horas Local\u00a0\u2013 Centro de Informa\u00e7\u00f5es e Decis\u00f5es Estrat\u00e9gias [&hellip;]<\/p>\n","protected":false},"author":46,"featured_media":0,"comment_status":"closed","ping_status":"open","sticky":false,"template":"","format":"standard","meta":{"footnotes":""},"categories":[3],"tags":[],"class_list":["post-3009","post","type-post","status-publish","format-standard","hentry","category-noticias"],"rttpg_featured_image_url":null,"rttpg_author":{"display_name":"cleybetsls","author_link":"https:\/\/goias.gov.br\/saude\/author\/cleybetsls\/"},"rttpg_comment":0,"rttpg_category":"<a href=\"https:\/\/goias.gov.br\/saude\/categoria\/noticias\/\" rel=\"category tag\">Not\u00edcias<\/a>","rttpg_excerpt":"O repasse de parte deste recurso \u00e9 condicionado \u00e0 realiza\u00e7\u00e3o do Levantamento R\u00e1pido do \u00cdndice de Infesta\u00e7\u00e3o do Aedes aegypti em todos os munic\u00edpios goianos no primeiro semestre do ano. Goi\u00e1s cumpriu a meta com um m\u00eas de anteced\u00eancia. &nbsp; Data\u00a0\u2013 13 de junho (ter\u00e7a-feira) Hor\u00e1rio\u00a0\u2013 10 horas Local\u00a0\u2013 Centro de Informa\u00e7\u00f5es e Decis\u00f5es Estrat\u00e9gias&hellip;","_links":{"self":[{"href":"https:\/\/goias.gov.br\/saude\/wp-json\/wp\/v2\/posts\/3009","targetHints":{"allow":["GET"]}}],"collection":[{"href":"https:\/\/goias.gov.br\/saude\/wp-json\/wp\/v2\/posts"}],"about":[{"href":"https:\/\/goias.gov.br\/saude\/wp-json\/wp\/v2\/types\/post"}],"author":[{"embeddable":true,"href":"https:\/\/goias.gov.br\/saude\/wp-json\/wp\/v2\/users\/46"}],"replies":[{"embeddable":true,"href":"https:\/\/goias.gov.br\/saude\/wp-json\/wp\/v2\/comments?post=3009"}],"version-history":[{"count":0,"href":"https:\/\/goias.gov.br\/saude\/wp-json\/wp\/v2\/posts\/3009\/revisions"}],"wp:attachment":[{"href":"https:\/\/goias.gov.br\/saude\/wp-json\/wp\/v2\/media?parent=3009"}],"wp:term":[{"taxonomy":"category","embeddable":true,"href":"https:\/\/goias.gov.br\/saude\/wp-json\/wp\/v2\/categories?post=3009"},{"taxonomy":"post_tag","embeddable":true,"href":"https:\/\/goias.gov.br\/saude\/wp-json\/wp\/v2\/tags?post=3009"}],"curies":[{"name":"wp","href":"https:\/\/api.w.org\/{rel}","templated":true}]}}