

{"id":298225,"date":"2025-03-24T14:35:14","date_gmt":"2025-03-24T17:35:14","guid":{"rendered":"https:\/\/goias.gov.br\/saude\/?p=298225"},"modified":"2025-08-13T10:53:08","modified_gmt":"2025-08-13T13:53:08","slug":"apresentacoes-integra-saude-goias","status":"publish","type":"post","link":"https:\/\/goias.gov.br\/saude\/apresentacoes-integra-saude-goias\/","title":{"rendered":"Apresenta\u00e7\u00f5es Integra Sa\u00fade Goi\u00e1s"},"content":{"rendered":"\n<div class=\"wp-block-columns is-layout-flex wp-container-core-columns-is-layout-9d6595d7 wp-block-columns-is-layout-flex\">\n<div class=\"wp-block-column is-layout-flow wp-block-column-is-layout-flow\">\n<figure class=\"wp-block-image size-full\"><a href=\"https:\/\/goias.gov.br\/saude\/wp-content\/uploads\/sites\/34\/2025\/03\/Integra-Saude-Vigilancia-em-Saude-como-Importante-Ferramenta-de-Gestao-Fluvia-Amorim.pdf\" target=\"_blank\" rel=\" noreferrer noopener\"><img fetchpriority=\"high\" decoding=\"async\" width=\"692\" height=\"359\" src=\"https:\/\/goias.gov.br\/saude\/wp-content\/uploads\/sites\/34\/2025\/03\/fluvia.png\" alt=\"\" class=\"wp-image-299572\" srcset=\"https:\/\/goias.gov.br\/saude\/wp-content\/uploads\/sites\/34\/2025\/03\/fluvia.png 692w, https:\/\/goias.gov.br\/saude\/wp-content\/uploads\/sites\/34\/2025\/03\/fluvia-300x156.png 300w\" sizes=\"(max-width: 692px) 100vw, 692px\" \/><\/a><figcaption class=\"wp-element-caption\">A Vigil\u00e2ncia em Sa\u00fade Como Importante Ferramenta de Gest\u00e3o &#8211; Fl\u00favia Amorim<\/figcaption><\/figure>\n<\/div>\n\n\n\n<div class=\"wp-block-column is-layout-flow wp-block-column-is-layout-flow\">\n<figure class=\"wp-block-image size-full\"><a href=\"https:\/\/goias.gov.br\/saude\/wp-content\/uploads\/sites\/34\/planejamento\/integra-saude-goias\/apresentacoes\/Integra%20Sa%C3%BAde%20-%20Cofinanciamento%20em%20Sa%C3%BAde%20-%20Luciano%20Carvalho.pdf\" target=\"_blank\" rel=\" noreferrer noopener\"><img decoding=\"async\" width=\"692\" height=\"359\" src=\"https:\/\/goias.gov.br\/saude\/wp-content\/uploads\/sites\/34\/2025\/03\/luciano.png\" alt=\"\" class=\"wp-image-299569\" srcset=\"https:\/\/goias.gov.br\/saude\/wp-content\/uploads\/sites\/34\/2025\/03\/luciano.png 692w, https:\/\/goias.gov.br\/saude\/wp-content\/uploads\/sites\/34\/2025\/03\/luciano-300x156.png 300w\" sizes=\"(max-width: 692px) 100vw, 692px\" \/><\/a><figcaption class=\"wp-element-caption\">Cofinanciamentos em Sa\u00fade &#8211; Luciano Carvalho<\/figcaption><\/figure>\n<\/div>\n\n\n\n<div class=\"wp-block-column is-layout-flow wp-block-column-is-layout-flow\">\n<figure class=\"wp-block-image size-full\"><a href=\"https:\/\/goias.gov.br\/saude\/wp-content\/uploads\/sites\/34\/2025\/03\/Integra-Saude-Gestao-a-Vista-Paulo-Vitor-Avelar.pdf\" target=\"_blank\" rel=\" noreferrer noopener\"><img decoding=\"async\" width=\"692\" height=\"359\" src=\"https:\/\/goias.gov.br\/saude\/wp-content\/uploads\/sites\/34\/2025\/03\/paulo-vitor.png\" alt=\"\" class=\"wp-image-299562\" srcset=\"https:\/\/goias.gov.br\/saude\/wp-content\/uploads\/sites\/34\/2025\/03\/paulo-vitor.png 692w, https:\/\/goias.gov.br\/saude\/wp-content\/uploads\/sites\/34\/2025\/03\/paulo-vitor-300x156.png 300w\" sizes=\"(max-width: 692px) 100vw, 692px\" \/><\/a><figcaption class=\"wp-element-caption\">Gest\u00e3o \u00e0 Vista &#8211; Paulo Vitor Avelar<\/figcaption><\/figure>\n<\/div>\n<\/div>\n\n\n\n<div class=\"wp-block-columns is-layout-flex wp-container-core-columns-is-layout-9d6595d7 wp-block-columns-is-layout-flex\">\n<div class=\"wp-block-column is-layout-flow wp-block-column-is-layout-flow\">\n<figure class=\"wp-block-image size-full\"><a href=\"https:\/\/goias.gov.br\/saude\/wp-content\/uploads\/sites\/34\/2025\/03\/Integra-Saude-Gestao-a-Servico-da-Saude-Ana-Carolina-Rezende.pdf-1.pdf\" target=\"_blank\" rel=\" noreferrer noopener\"><img loading=\"lazy\" decoding=\"async\" width=\"692\" height=\"359\" src=\"https:\/\/goias.gov.br\/saude\/wp-content\/uploads\/sites\/34\/2025\/03\/ana-carolina.png\" alt=\"\" class=\"wp-image-299565\" srcset=\"https:\/\/goias.gov.br\/saude\/wp-content\/uploads\/sites\/34\/2025\/03\/ana-carolina.png 692w, https:\/\/goias.gov.br\/saude\/wp-content\/uploads\/sites\/34\/2025\/03\/ana-carolina-300x156.png 300w\" sizes=\"(max-width: 692px) 100vw, 692px\" \/><\/a><figcaption class=\"wp-element-caption\">Gest\u00e3o a Servi\u00e7o da Sa\u00fade &#8211; Ana Carolina Abrah\u00e3o<\/figcaption><\/figure>\n<\/div>\n\n\n\n<div class=\"wp-block-column is-layout-flow wp-block-column-is-layout-flow\">\n<figure class=\"wp-block-image size-full\"><a href=\"https:\/\/goias.gov.br\/saude\/wp-content\/uploads\/sites\/34\/2025\/03\/Apresentacao-Integra-Saude-transparencia.pdf\" target=\"_blank\" rel=\" noreferrer noopener\"><img loading=\"lazy\" decoding=\"async\" width=\"692\" height=\"359\" src=\"https:\/\/goias.gov.br\/saude\/wp-content\/uploads\/sites\/34\/2025\/03\/jose-augusto.png\" alt=\"\" class=\"wp-image-300175\" srcset=\"https:\/\/goias.gov.br\/saude\/wp-content\/uploads\/sites\/34\/2025\/03\/jose-augusto.png 692w, https:\/\/goias.gov.br\/saude\/wp-content\/uploads\/sites\/34\/2025\/03\/jose-augusto-300x156.png 300w\" sizes=\"(max-width: 692px) 100vw, 692px\" \/><\/a><figcaption class=\"wp-element-caption\">Transpar\u00eancia e Efici\u00eancia na Sa\u00fade &#8211; Jos\u00e9 Augusto<\/figcaption><\/figure>\n<\/div>\n\n\n\n<div class=\"wp-block-column is-layout-flow wp-block-column-is-layout-flow\"><\/div>\n<\/div>\n\n\n\n<div class=\"wp-block-columns is-layout-flex wp-container-core-columns-is-layout-9d6595d7 wp-block-columns-is-layout-flex\">\n<div class=\"wp-block-column is-layout-flow wp-block-column-is-layout-flow\"><\/div>\n\n\n\n<div class=\"wp-block-column is-layout-flow wp-block-column-is-layout-flow\"><\/div>\n\n\n\n<div class=\"wp-block-column is-layout-flow wp-block-column-is-layout-flow\"><\/div>\n<\/div>\n\n\n\n<p><\/p>\n","protected":false},"excerpt":{"rendered":"","protected":false},"author":165,"featured_media":0,"comment_status":"closed","ping_status":"open","sticky":false,"template":"","format":"standard","meta":{"footnotes":""},"categories":[10],"tags":[],"class_list":["post-298225","post","type-post","status-publish","format-standard","hentry","category-page"],"rttpg_featured_image_url":null,"rttpg_author":{"display_name":"ricardocruz","author_link":"https:\/\/goias.gov.br\/saude\/author\/ricardocruz\/"},"rttpg_comment":0,"rttpg_category":"<a href=\"https:\/\/goias.gov.br\/saude\/categoria\/page\/\" rel=\"category tag\">Outras p\u00e1ginas<\/a>","rttpg_excerpt":null,"_links":{"self":[{"href":"https:\/\/goias.gov.br\/saude\/wp-json\/wp\/v2\/posts\/298225","targetHints":{"allow":["GET"]}}],"collection":[{"href":"https:\/\/goias.gov.br\/saude\/wp-json\/wp\/v2\/posts"}],"about":[{"href":"https:\/\/goias.gov.br\/saude\/wp-json\/wp\/v2\/types\/post"}],"author":[{"embeddable":true,"href":"https:\/\/goias.gov.br\/saude\/wp-json\/wp\/v2\/users\/165"}],"replies":[{"embeddable":true,"href":"https:\/\/goias.gov.br\/saude\/wp-json\/wp\/v2\/comments?post=298225"}],"version-history":[{"count":2,"href":"https:\/\/goias.gov.br\/saude\/wp-json\/wp\/v2\/posts\/298225\/revisions"}],"predecessor-version":[{"id":465111,"href":"https:\/\/goias.gov.br\/saude\/wp-json\/wp\/v2\/posts\/298225\/revisions\/465111"}],"wp:attachment":[{"href":"https:\/\/goias.gov.br\/saude\/wp-json\/wp\/v2\/media?parent=298225"}],"wp:term":[{"taxonomy":"category","embeddable":true,"href":"https:\/\/goias.gov.br\/saude\/wp-json\/wp\/v2\/categories?post=298225"},{"taxonomy":"post_tag","embeddable":true,"href":"https:\/\/goias.gov.br\/saude\/wp-json\/wp\/v2\/tags?post=298225"}],"curies":[{"name":"wp","href":"https:\/\/api.w.org\/{rel}","templated":true}]}}