

{"id":2972,"date":"2017-06-21T12:09:28","date_gmt":"2017-06-21T15:09:28","guid":{"rendered":"https:\/\/siteshom.goias.gov.br\/saude\/saude-participa-da-programacao-do-fica\/"},"modified":"2017-06-21T12:09:28","modified_gmt":"2017-06-21T15:09:28","slug":"saude-participa-da-programacao-do-fica","status":"publish","type":"post","link":"https:\/\/goias.gov.br\/saude\/saude-participa-da-programacao-do-fica\/","title":{"rendered":"Sa\u00fade participa da programa\u00e7\u00e3o do Fica"},"content":{"rendered":"<p>Durante todo o dia, profissionais de sa\u00fade recepcionam os frequentadores do Fica com a distribui\u00e7\u00e3o de material educativo, demonstra\u00e7\u00e3o de plantas medicinais, repasse de informa\u00e7\u00f5es e at\u00e9 mesmo ministra\u00e7\u00e3o de palestras. A farmac\u00eautica do Cremic, Renata Carneiro, informa que entre os itens demonstrados pelo Cremic est\u00e3o plantas medicinais, plantas aliment\u00edcias n\u00e3o convencionais e fitoterapia.<\/p>\n<div class=\"tx cl\">\n<p>\u00a0A 2\u00aa Tenda de Pr\u00e1ticas Populares de Sa\u00fade \u00e9 realizada pela SES-GO, em parceria com a Secretaria Municipal de Sa\u00fade da Cidade de Goi\u00e1s. No espa\u00e7o tamb\u00e9m s\u00e3o realizadas confer\u00eancias, rodas de conversas e pr\u00e1ticas de transcend\u00eancia como yoga e ta chi chuan, que d\u00e3o voz \u00e0s necessidades voltadas \u00e0 sa\u00fade e ao bem-estar.<\/p>\n<p>O Centro de Especialidades em Pr\u00e1ticas Integrativas e Complementares (Cremic) \u2013 antigo Hospital de Medicina Alternativa \u2013 integra, de forma ativa, a programa\u00e7\u00e3o da 19\u00aa edi\u00e7\u00e3o do Festival Internacional de Cinema e V\u00eddeo Ambiental (Fica), que acontece at\u00e9 o pr\u00f3ximo domingo na cidade de Goi\u00e1s. A unidade est\u00e1 ocupando um espa\u00e7o da 2\u00aa Tenda de Pr\u00e1ticas Populares de Sa\u00fade, que est\u00e1 instalada na Pra\u00e7a do Coreto.<\/p><\/div><\/p>\n","protected":false},"excerpt":{"rendered":"<p>Durante todo o dia, profissionais de sa\u00fade recepcionam os frequentadores do Fica com a distribui\u00e7\u00e3o de material educativo, demonstra\u00e7\u00e3o de plantas medicinais, repasse de informa\u00e7\u00f5es e at\u00e9 mesmo ministra\u00e7\u00e3o de palestras. A farmac\u00eautica do Cremic, Renata Carneiro, informa que entre os itens demonstrados pelo Cremic est\u00e3o plantas medicinais, plantas aliment\u00edcias n\u00e3o convencionais e fitoterapia. \u00a0A [&hellip;]<\/p>\n","protected":false},"author":46,"featured_media":0,"comment_status":"closed","ping_status":"open","sticky":false,"template":"","format":"standard","meta":{"footnotes":""},"categories":[3],"tags":[],"class_list":["post-2972","post","type-post","status-publish","format-standard","hentry","category-noticias"],"rttpg_featured_image_url":null,"rttpg_author":{"display_name":"cleybetsls","author_link":"https:\/\/goias.gov.br\/saude\/author\/cleybetsls\/"},"rttpg_comment":0,"rttpg_category":"<a href=\"https:\/\/goias.gov.br\/saude\/categoria\/noticias\/\" rel=\"category tag\">Not\u00edcias<\/a>","rttpg_excerpt":"Durante todo o dia, profissionais de sa\u00fade recepcionam os frequentadores do Fica com a distribui\u00e7\u00e3o de material educativo, demonstra\u00e7\u00e3o de plantas medicinais, repasse de informa\u00e7\u00f5es e at\u00e9 mesmo ministra\u00e7\u00e3o de palestras. A farmac\u00eautica do Cremic, Renata Carneiro, informa que entre os itens demonstrados pelo Cremic est\u00e3o plantas medicinais, plantas aliment\u00edcias n\u00e3o convencionais e fitoterapia. \u00a0A&hellip;","_links":{"self":[{"href":"https:\/\/goias.gov.br\/saude\/wp-json\/wp\/v2\/posts\/2972","targetHints":{"allow":["GET"]}}],"collection":[{"href":"https:\/\/goias.gov.br\/saude\/wp-json\/wp\/v2\/posts"}],"about":[{"href":"https:\/\/goias.gov.br\/saude\/wp-json\/wp\/v2\/types\/post"}],"author":[{"embeddable":true,"href":"https:\/\/goias.gov.br\/saude\/wp-json\/wp\/v2\/users\/46"}],"replies":[{"embeddable":true,"href":"https:\/\/goias.gov.br\/saude\/wp-json\/wp\/v2\/comments?post=2972"}],"version-history":[{"count":0,"href":"https:\/\/goias.gov.br\/saude\/wp-json\/wp\/v2\/posts\/2972\/revisions"}],"wp:attachment":[{"href":"https:\/\/goias.gov.br\/saude\/wp-json\/wp\/v2\/media?parent=2972"}],"wp:term":[{"taxonomy":"category","embeddable":true,"href":"https:\/\/goias.gov.br\/saude\/wp-json\/wp\/v2\/categories?post=2972"},{"taxonomy":"post_tag","embeddable":true,"href":"https:\/\/goias.gov.br\/saude\/wp-json\/wp\/v2\/tags?post=2972"}],"curies":[{"name":"wp","href":"https:\/\/api.w.org\/{rel}","templated":true}]}}