

{"id":2865,"date":"2017-07-24T11:39:32","date_gmt":"2017-07-24T14:39:32","guid":{"rendered":"https:\/\/siteshom.goias.gov.br\/saude\/suvisa-desenvolve-acao-em-teresina-de-goias\/"},"modified":"2017-07-24T11:39:32","modified_gmt":"2017-07-24T14:39:32","slug":"suvisa-desenvolve-acao-em-teresina-de-goias","status":"publish","type":"post","link":"https:\/\/goias.gov.br\/saude\/suvisa-desenvolve-acao-em-teresina-de-goias\/","title":{"rendered":"Suvisa desenvolve a\u00e7\u00e3o em Teresina de Goi\u00e1s"},"content":{"rendered":"<p>Gestores e profissionais de sa\u00fade dos munic\u00edpios da Regi\u00e3o Nordeste 1 est\u00e3o reunidos hoje e amanh\u00e3 em Teresina de Goi\u00e1s com o objetivo de avaliar o cumprimento das tarefas que integram o plano de a\u00e7\u00e3o para a preven\u00e7\u00e3o, detec\u00e7\u00e3o, notifica\u00e7\u00e3o e tratamento das doen\u00e7as negligenciadas. O encontro \u00e9 coordenado pela Superintend\u00eancia de Vigil\u00e2ncia em Sa\u00fade (Suvisa) com o apoio da Regional de Sa\u00fade Nordeste 1. Doen\u00e7as negligenciadas s\u00e3o aquelas que afetam as popula\u00e7\u00f5es pobres, que moram nas localidades carentes de servi\u00e7os de sa\u00fade. O plano de a\u00e7\u00e3o tem como foco a hansen\u00edase, doen\u00e7a de Chagas, leishmanioses, tracoma e tuberculose. Ele est\u00e1 sendo efetivado nos munic\u00edpios de Campos Belos, Cavalcante, Divin\u00f3polis, Monte Alegre e Teresina de Goi\u00e1s, que comp\u00f5em a regi\u00e3o.<\/p>\n<p><div class=\"tx cl\"><\/div><\/p>\n","protected":false},"excerpt":{"rendered":"<p>Gestores e profissionais de sa\u00fade dos munic\u00edpios da Regi\u00e3o Nordeste 1 est\u00e3o reunidos hoje e amanh\u00e3 em Teresina de Goi\u00e1s com o objetivo de avaliar o cumprimento das tarefas que integram o plano de a\u00e7\u00e3o para a preven\u00e7\u00e3o, detec\u00e7\u00e3o, notifica\u00e7\u00e3o e tratamento das doen\u00e7as negligenciadas. O encontro \u00e9 coordenado pela Superintend\u00eancia de Vigil\u00e2ncia em Sa\u00fade [&hellip;]<\/p>\n","protected":false},"author":46,"featured_media":0,"comment_status":"closed","ping_status":"open","sticky":false,"template":"","format":"standard","meta":{"footnotes":""},"categories":[3],"tags":[],"class_list":["post-2865","post","type-post","status-publish","format-standard","hentry","category-noticias"],"rttpg_featured_image_url":null,"rttpg_author":{"display_name":"cleybetsls","author_link":"https:\/\/goias.gov.br\/saude\/author\/cleybetsls\/"},"rttpg_comment":0,"rttpg_category":"<a href=\"https:\/\/goias.gov.br\/saude\/categoria\/noticias\/\" rel=\"category tag\">Not\u00edcias<\/a>","rttpg_excerpt":"Gestores e profissionais de sa\u00fade dos munic\u00edpios da Regi\u00e3o Nordeste 1 est\u00e3o reunidos hoje e amanh\u00e3 em Teresina de Goi\u00e1s com o objetivo de avaliar o cumprimento das tarefas que integram o plano de a\u00e7\u00e3o para a preven\u00e7\u00e3o, detec\u00e7\u00e3o, notifica\u00e7\u00e3o e tratamento das doen\u00e7as negligenciadas. O encontro \u00e9 coordenado pela Superintend\u00eancia de Vigil\u00e2ncia em Sa\u00fade&hellip;","_links":{"self":[{"href":"https:\/\/goias.gov.br\/saude\/wp-json\/wp\/v2\/posts\/2865","targetHints":{"allow":["GET"]}}],"collection":[{"href":"https:\/\/goias.gov.br\/saude\/wp-json\/wp\/v2\/posts"}],"about":[{"href":"https:\/\/goias.gov.br\/saude\/wp-json\/wp\/v2\/types\/post"}],"author":[{"embeddable":true,"href":"https:\/\/goias.gov.br\/saude\/wp-json\/wp\/v2\/users\/46"}],"replies":[{"embeddable":true,"href":"https:\/\/goias.gov.br\/saude\/wp-json\/wp\/v2\/comments?post=2865"}],"version-history":[{"count":0,"href":"https:\/\/goias.gov.br\/saude\/wp-json\/wp\/v2\/posts\/2865\/revisions"}],"wp:attachment":[{"href":"https:\/\/goias.gov.br\/saude\/wp-json\/wp\/v2\/media?parent=2865"}],"wp:term":[{"taxonomy":"category","embeddable":true,"href":"https:\/\/goias.gov.br\/saude\/wp-json\/wp\/v2\/categories?post=2865"},{"taxonomy":"post_tag","embeddable":true,"href":"https:\/\/goias.gov.br\/saude\/wp-json\/wp\/v2\/tags?post=2865"}],"curies":[{"name":"wp","href":"https:\/\/api.w.org\/{rel}","templated":true}]}}