

{"id":2826,"date":"2017-08-01T11:03:22","date_gmt":"2017-08-01T14:03:22","guid":{"rendered":"https:\/\/siteshom.goias.gov.br\/saude\/mnsl-inicia-semana-da-amamentacao-2017\/"},"modified":"2017-08-01T11:03:22","modified_gmt":"2017-08-01T14:03:22","slug":"mnsl-inicia-semana-da-amamentacao-2017","status":"publish","type":"post","link":"https:\/\/goias.gov.br\/saude\/mnsl-inicia-semana-da-amamentacao-2017\/","title":{"rendered":"MNSL inicia Semana da Amamenta\u00e7\u00e3o 2017"},"content":{"rendered":"<p>Na manh\u00e3 desta ter\u00e7a-feira (1\u00ba de agosto), a Maternidade Nossa Senhora de Lourdes (MNSL) deu in\u00edcio \u00e0 Semana da Amamenta\u00e7\u00e3o MNSL 2017, em apoio \u00e0 Semana Mundial do Aleitamento Materno (SMAM), que \u00e9 lembrada em todo o mundo entre os dias 1\u00ba e 7 de agosto (segunda-feira).<br \/>\n<!--more--><\/p>\n<p>Na manh\u00e3 desta ter\u00e7a-feira (1\u00ba de agosto), a Maternidade Nossa Senhora de Lourdes (MNSL) deu in\u00edcio \u00e0 Semana da Amamenta\u00e7\u00e3o MNSL 2017, em apoio \u00e0 Semana Mundial do Aleitamento Materno (SMAM), que \u00e9 lembrada em todo o mundo entre os dias 1\u00ba e 7 de agosto (segunda-feira). No primeiro dia de evento, a fonoaudi\u00f3loga da unidade, Marilene Bueno, ministrou palestra com o tema \u201cTodos juntos pela Amamenta\u00e7\u00e3o \u2013 Agosto Dourado\u201d, na recep\u00e7\u00e3o da institui\u00e7\u00e3o, voltada a colaboradores e pacientes.<\/p>\n<p>\u201cA amamenta\u00e7\u00e3o deve ser incentivada durante todo o ano, mas a SMAM \u00e9 uma data especial para lembrar dessa causa, como uma estrat\u00e9gia para que todos estejam envolvidos, juntos em prol do aleitamento materno\u201d, explicou a fonoaudi\u00f3loga, que ainda lembrou sobre o Agosto Dourado, uma campanha dedicada \u00e0 mesma a\u00e7\u00e3o. \u201cDourado significa riqueza, pois o leite da m\u00e3e \u00e9 rico em nutrientes e tamb\u00e9m em oferta de amor\u201d, disse. Ao fim, foi exibido um v\u00eddeo que destacava que a alimenta\u00e7\u00e3o por meio do leite materno \u00e9 uma t\u00e9cnica milenar que gera muitos benef\u00edcios tanto para a m\u00e3e quanto para o beb\u00ea.<\/p>\n<p>Programa\u00e7\u00e3o \u2013 Entre os dias 2 e 6 de agosto (quarta e domingo), todos os pacientes e acompanhantes que buscarem por atendimento na MNSL ir\u00e3o receber um folder explicativo sobre a import\u00e2ncia da amamenta\u00e7\u00e3o. J\u00e1 na pr\u00f3xima segunda-feira (7 de agosto), ocorre o encerramento do evento com palestra do ginecologista, obstetra e mastologista Humberto Borges, \u00e0s 9h, sobre como o aleitamento materno contribui para a sa\u00fade do beb\u00ea e tamb\u00e9m da m\u00e3e e, \u00e0s 9h30min, uma din\u00e2mica com os presentes sobre os passos a serem seguidos para o sucesso da amamenta\u00e7\u00e3o.<\/p>\n<p>Debate mundial \u2013 A SMAM \u00e9 considerada como ve\u00edculo para promo\u00e7\u00e3o da amamenta\u00e7\u00e3o. Ocorre em 120 pa\u00edses e, oficialmente, \u00e9 celebrada de 1 a 7 agosto. A Alian\u00e7a Mundial de A\u00e7\u00e3o pr\u00f3-Amamenta\u00e7\u00e3o (WABA), organiza\u00e7\u00e3o que criou a Semana em 1992, define a cada ano o tema a ser trabalhado. Em 2017, o assunto discutido mundialmente \u00e9 \u201cTrabalhar juntos para o bem comum\u201d.<\/p>\n","protected":false},"excerpt":{"rendered":"<p>Na manh\u00e3 desta ter\u00e7a-feira (1\u00ba de agosto), a Maternidade Nossa Senhora de Lourdes (MNSL) deu in\u00edcio \u00e0 Semana da Amamenta\u00e7\u00e3o MNSL 2017, em apoio \u00e0 Semana Mundial do Aleitamento Materno (SMAM), que \u00e9 lembrada em todo o mundo entre os dias 1\u00ba e 7 de agosto (segunda-feira).<\/p>\n","protected":false},"author":46,"featured_media":0,"comment_status":"closed","ping_status":"open","sticky":false,"template":"","format":"standard","meta":{"footnotes":""},"categories":[3],"tags":[],"class_list":["post-2826","post","type-post","status-publish","format-standard","hentry","category-noticias"],"rttpg_featured_image_url":null,"rttpg_author":{"display_name":"cleybetsls","author_link":"https:\/\/goias.gov.br\/saude\/author\/cleybetsls\/"},"rttpg_comment":0,"rttpg_category":"<a href=\"https:\/\/goias.gov.br\/saude\/categoria\/noticias\/\" rel=\"category tag\">Not\u00edcias<\/a>","rttpg_excerpt":"Na manh\u00e3 desta ter\u00e7a-feira (1\u00ba de agosto), a Maternidade Nossa Senhora de Lourdes (MNSL) deu in\u00edcio \u00e0 Semana da Amamenta\u00e7\u00e3o MNSL 2017, em apoio \u00e0 Semana Mundial do Aleitamento Materno (SMAM), que \u00e9 lembrada em todo o mundo entre os dias 1\u00ba e 7 de agosto (segunda-feira).","_links":{"self":[{"href":"https:\/\/goias.gov.br\/saude\/wp-json\/wp\/v2\/posts\/2826","targetHints":{"allow":["GET"]}}],"collection":[{"href":"https:\/\/goias.gov.br\/saude\/wp-json\/wp\/v2\/posts"}],"about":[{"href":"https:\/\/goias.gov.br\/saude\/wp-json\/wp\/v2\/types\/post"}],"author":[{"embeddable":true,"href":"https:\/\/goias.gov.br\/saude\/wp-json\/wp\/v2\/users\/46"}],"replies":[{"embeddable":true,"href":"https:\/\/goias.gov.br\/saude\/wp-json\/wp\/v2\/comments?post=2826"}],"version-history":[{"count":0,"href":"https:\/\/goias.gov.br\/saude\/wp-json\/wp\/v2\/posts\/2826\/revisions"}],"wp:attachment":[{"href":"https:\/\/goias.gov.br\/saude\/wp-json\/wp\/v2\/media?parent=2826"}],"wp:term":[{"taxonomy":"category","embeddable":true,"href":"https:\/\/goias.gov.br\/saude\/wp-json\/wp\/v2\/categories?post=2826"},{"taxonomy":"post_tag","embeddable":true,"href":"https:\/\/goias.gov.br\/saude\/wp-json\/wp\/v2\/tags?post=2826"}],"curies":[{"name":"wp","href":"https:\/\/api.w.org\/{rel}","templated":true}]}}