

{"id":2824,"date":"2017-08-02T06:35:53","date_gmt":"2017-08-02T09:35:53","guid":{"rendered":"https:\/\/siteshom.goias.gov.br\/saude\/hurso-promove-palestra-sobre-cefaleia\/"},"modified":"2017-08-02T06:35:53","modified_gmt":"2017-08-02T09:35:53","slug":"hurso-promove-palestra-sobre-cefaleia","status":"publish","type":"post","link":"https:\/\/goias.gov.br\/saude\/hurso-promove-palestra-sobre-cefaleia\/","title":{"rendered":"Hurso promove palestra sobre cefaleia"},"content":{"rendered":"<p>Entre os dias 24 e 28 de julho, os colaboradores do Hospital de Urg\u00eancias da Regi\u00e3o Sudoeste (Hurso), em Santa Helena de Goi\u00e1s (GO), participaram de palestras com esse tema t\u00e3o rotineiro na vida dos brasileiros, a cefaleia, popularmente conhecida como dor de cabe\u00e7a.<br \/>\n<!--more--><\/p>\n<p>Entre os dias 24 e 28 de julho, os colaboradores do Hospital de Urg\u00eancias da Regi\u00e3o Sudoeste (Hurso), em Santa Helena de Goi\u00e1s (GO), participaram de palestras com esse tema t\u00e3o rotineiro na vida dos brasileiros, a cefaleia, popularmente conhecida como dor de cabe\u00e7a. O evento foi organizado pelas equipes do Servi\u00e7o Especializado de Seguran\u00e7a e da Medicina do Trabalho (SESMT).<\/p>\n<p>De acordo com Giselly Pimenta, enfermeira da Medicina do Trabalho, essa foi a primeira a\u00e7\u00e3o do \u201cProjeto Qualidade de Vida\u201d. \u201cO intuito \u00e9 orientar as formas de tratamento e preven\u00e7\u00e3o, pois constatamos o \u00edndice elevado de colaboradores que relatam dores de cabe\u00e7a\u201d, explicou.<\/p>\n<p>Foram promovidas diversas atividades, e estiveram presentes 228 colaboradores de 27 setores do Hurso. Na a\u00e7\u00e3o, foram distribu\u00eddos panfletos com orienta\u00e7\u00f5es referentes a cefaleia. Al\u00e9m disso, docinhos em formato de c\u00e9rebro foram sorteados no final do treinamento.<\/p>\n","protected":false},"excerpt":{"rendered":"<p>Entre os dias 24 e 28 de julho, os colaboradores do Hospital de Urg\u00eancias da Regi\u00e3o Sudoeste (Hurso), em Santa Helena de Goi\u00e1s (GO), participaram de palestras com esse tema t\u00e3o rotineiro na vida dos brasileiros, a cefaleia, popularmente conhecida como dor de cabe\u00e7a.<\/p>\n","protected":false},"author":46,"featured_media":0,"comment_status":"closed","ping_status":"open","sticky":false,"template":"","format":"standard","meta":{"footnotes":""},"categories":[3],"tags":[],"class_list":["post-2824","post","type-post","status-publish","format-standard","hentry","category-noticias"],"rttpg_featured_image_url":null,"rttpg_author":{"display_name":"cleybetsls","author_link":"https:\/\/goias.gov.br\/saude\/author\/cleybetsls\/"},"rttpg_comment":0,"rttpg_category":"<a href=\"https:\/\/goias.gov.br\/saude\/categoria\/noticias\/\" rel=\"category tag\">Not\u00edcias<\/a>","rttpg_excerpt":"Entre os dias 24 e 28 de julho, os colaboradores do Hospital de Urg\u00eancias da Regi\u00e3o Sudoeste (Hurso), em Santa Helena de Goi\u00e1s (GO), participaram de palestras com esse tema t\u00e3o rotineiro na vida dos brasileiros, a cefaleia, popularmente conhecida como dor de cabe\u00e7a.","_links":{"self":[{"href":"https:\/\/goias.gov.br\/saude\/wp-json\/wp\/v2\/posts\/2824","targetHints":{"allow":["GET"]}}],"collection":[{"href":"https:\/\/goias.gov.br\/saude\/wp-json\/wp\/v2\/posts"}],"about":[{"href":"https:\/\/goias.gov.br\/saude\/wp-json\/wp\/v2\/types\/post"}],"author":[{"embeddable":true,"href":"https:\/\/goias.gov.br\/saude\/wp-json\/wp\/v2\/users\/46"}],"replies":[{"embeddable":true,"href":"https:\/\/goias.gov.br\/saude\/wp-json\/wp\/v2\/comments?post=2824"}],"version-history":[{"count":0,"href":"https:\/\/goias.gov.br\/saude\/wp-json\/wp\/v2\/posts\/2824\/revisions"}],"wp:attachment":[{"href":"https:\/\/goias.gov.br\/saude\/wp-json\/wp\/v2\/media?parent=2824"}],"wp:term":[{"taxonomy":"category","embeddable":true,"href":"https:\/\/goias.gov.br\/saude\/wp-json\/wp\/v2\/categories?post=2824"},{"taxonomy":"post_tag","embeddable":true,"href":"https:\/\/goias.gov.br\/saude\/wp-json\/wp\/v2\/tags?post=2824"}],"curies":[{"name":"wp","href":"https:\/\/api.w.org\/{rel}","templated":true}]}}