

{"id":281761,"date":"2025-03-11T13:00:17","date_gmt":"2025-03-11T16:00:17","guid":{"rendered":"https:\/\/goias.gov.br\/saude\/?p=281761"},"modified":"2025-03-12T10:51:54","modified_gmt":"2025-03-12T13:51:54","slug":"escola-de-saude-de-goias-reabre-inscricoes-para-cursos-na-area-da-educacao-e-inovacao-no-sus","status":"publish","type":"post","link":"https:\/\/goias.gov.br\/saude\/escola-de-saude-de-goias-reabre-inscricoes-para-cursos-na-area-da-educacao-e-inovacao-no-sus\/","title":{"rendered":"Escola de Sa\u00fade de Goi\u00e1s reabre inscri\u00e7\u00f5es para cursos na \u00e1rea da educa\u00e7\u00e3o e inova\u00e7\u00e3o no SUS"},"content":{"rendered":"\n<p class=\"has-text-align-center\"><strong>Unidade da Secretaria de Estado da Sa\u00fade tamb\u00e9m est\u00e1 com vagas dispon\u00edveis ao curso Capacita\u00e7\u00e3o para Elabora\u00e7\u00e3o de Materiais Did\u00e1ticos para EaD<\/strong><\/p>\n\n\n\n<!--more-->\n\n\n\n<figure class=\"wp-block-image size-large\"><img fetchpriority=\"high\" decoding=\"async\" width=\"1024\" height=\"514\" src=\"https:\/\/goias.gov.br\/saude\/wp-content\/uploads\/sites\/34\/2025\/03\/FachadaSES-1-1024x514.jpeg\" alt=\"\" class=\"wp-image-281765\" srcset=\"https:\/\/goias.gov.br\/saude\/wp-content\/uploads\/sites\/34\/2025\/03\/FachadaSES-1-1024x514.jpeg 1024w, https:\/\/goias.gov.br\/saude\/wp-content\/uploads\/sites\/34\/2025\/03\/FachadaSES-1-300x151.jpeg 300w, https:\/\/goias.gov.br\/saude\/wp-content\/uploads\/sites\/34\/2025\/03\/FachadaSES-1-768x385.jpeg 768w, https:\/\/goias.gov.br\/saude\/wp-content\/uploads\/sites\/34\/2025\/03\/FachadaSES-1.jpeg 1064w\" sizes=\"(max-width: 1024px) 100vw, 1024px\" \/><figcaption class=\"wp-element-caption\"><em>Unidade da SES, Escola de Sa\u00fade de Goi\u00e1s anuncia reabertura das inscri\u00e7\u00f5es para cursos <\/em><\/figcaption><\/figure>\n\n\n\n<p>A Superintend\u00eancia da Escola de Sa\u00fade de Goi\u00e1s (Sesg), unidade da Secretaria de Estado da Sa\u00fade (Sesg\/SES-GO) reabriu as inscri\u00e7\u00f5es para dois cursos de capacita\u00e7\u00e3o: Metodologias Problem\u00e1ticas Aplicadas aos Processos e Pr\u00e1ticas de Trabalho no SUS e Capacita\u00e7\u00e3o em Metodologias Ativas e Tecnologias Educacionais. <\/p>\n\n\n\n<p>A reabertura tem como objetivo complementar o preenchimento das vagas remanescentes, oferecendo novas oportunidades para profissionais da sa\u00fade e educa\u00e7\u00e3o. A Sesg tamb\u00e9m est\u00e1 com vagas dispon\u00edveis para o curso Capacita\u00e7\u00e3o para Elabora\u00e7\u00e3o de Materiais Did\u00e1ticos para EaD. <\/p>\n\n\n\n<p>O Curso de Capacita\u00e7\u00e3o em Metodologias Problem\u00e1ticas Aplicadas aos Processos e Pr\u00e1ticas de Trabalho no SUS ser\u00e1 realizado na modalidade Educa\u00e7\u00e3o a Dist\u00e2ncia (EaD) com tutoria e carga hor\u00e1ria total de 40 horas. Ser\u00e3o ofertadas 80 vagas, destinadas a servidores p\u00fablicos vinculados ao SUS em Goi\u00e1s. <\/p>\n\n\n\n<p>Os candidatos precisam ter no\u00e7\u00f5es b\u00e1sicas de inform\u00e1tica, acesso \u00e0 internet e disponibilidade de 10 horas semanais para dedica\u00e7\u00e3o aos estudos. As inscri\u00e7\u00f5es s\u00e3o gratuitas e podem ser realizadas at\u00e9 o dia 18 de mar\u00e7o, por meio do preenchimento do Formul\u00e1rio de Inscri\u00e7\u00e3o no FormSAUDE, e anexa\u00e7\u00e3o dos documentos exigidos em formato PDF. O link para inscri\u00e7\u00e3o \u00e9: <a href=\"https:\/\/form.saude.go.gov.br\/inscricoes\/discentes\/cad-017-2024-dis01.html\">https:\/\/form.saude.go.gov.br\/inscricoes\/discentes\/cad-017-2024-dis01.html<\/a>. <\/p>\n\n\n\n<p>O curso ser\u00e1 realizado no ambiente virtual de aprendizagem (AVA\/Plataforma Moodle) da Sesg, com turmas divididas em grupos de 20 alunos, cada um acompanhado por um tutor. J\u00e1 o Curso Capacita\u00e7\u00e3o em Metodologias Ativas e Tecnologias Educacionais da Sesg (2\u00aa Edi\u00e7\u00e3o 1\/2025) oferece 40 vagas e ser\u00e1 realizado na modalidade EaD com tutoria, com carga hor\u00e1ria total de 75 horas, distribu\u00eddas em sete semanas. Desse total, 61 horas s\u00e3o ass\u00edncronas e 14 horas s\u00e3o de ensino remoto s\u00edncrono. <\/p>\n\n\n\n<p>O curso abordar\u00e1 temas como Introdu\u00e7\u00e3o \u00e0s Metodologias Ativas e Tecnologias Educacionais, Problem\u00e1tica, Aprendizagem Baseada em Projetos, Equipes (Team Based Learning) e Games, al\u00e9m de ferramentas como Padlet, Google Forms, Storyboardthat, YouTube, StreamYard, Wordwall, Kahoot e Canva. As inscri\u00e7\u00f5es tamb\u00e9m s\u00e3o gratuitas e devem ser realizadas at\u00e9 o dia 18 de mar\u00e7o, por meio do link: <a href=\"https:\/\/form.saude.go.gov.br\/inscricoes\/discentes\/cad-1083-2023-dis01.html\">https:\/\/form.saude.go.gov.br\/inscricoes\/discentes\/cad-1083-2023-dis01.html<\/a>. <\/p>\n\n\n\n<p>A Sesg ainda est\u00e1 com as \u00faltimas vagas dispon\u00edveis para o curso Capacita\u00e7\u00e3o para Elabora\u00e7\u00e3o de Materiais Did\u00e1ticos para EaD, destinado a quem deseja produzir materiais did\u00e1ticos ou cursos na modalidade EaD. <\/p>\n\n\n\n<p>Com carga hor\u00e1ria de 86 horas, abordar\u00e1 crit\u00e9rios para produ\u00e7\u00e3o de conte\u00fado EaD, linguagens e metodologias ativas, Design Thinking, Storytelling, direitos autorais, ferramentas digitais, videoaulas e podcasts (roteiro, grava\u00e7\u00e3o e edi\u00e7\u00e3o). Ser\u00e3o ofertadas 60 vagas imediatas, e as inscri\u00e7\u00f5es podem ser feitas at\u00e9 o dia 24 de mar\u00e7o, pelo link: <a href=\"https:\/\/form.saude.go.gov.br\/inscricoes\/discentes\/cad_015_2025_dis.html\">https:\/\/form.saude.go.gov.br\/inscricoes\/discentes\/cad_015_2025_dis.html<\/a>. <\/p>\n\n\n\n<p>Esses cursos representam uma excelente oportunidade para capacita\u00e7\u00e3o e atualiza\u00e7\u00e3o profissional, especialmente para quem atua no SUS ou na \u00e1rea de educa\u00e7\u00e3o em sa\u00fade. As vagas s\u00e3o limitadas, e as inscri\u00e7\u00f5es devem ser realizadas dentro dos prazos estabelecidos.<\/p>\n\n\n\n<p>Gabriela Dutra\/Superintend\u00eancia da Escola de Sa\u00fade de Goi\u00e1s<\/p>\n","protected":false},"excerpt":{"rendered":"<p>Unidade da Secretaria de Estado da Sa\u00fade tamb\u00e9m est\u00e1 com vagas dispon\u00edveis ao curso Capacita\u00e7\u00e3o para Elabora\u00e7\u00e3o de Materiais Did\u00e1ticos para EaD<\/p>\n","protected":false},"author":166,"featured_media":281764,"comment_status":"closed","ping_status":"open","sticky":false,"template":"","format":"standard","meta":{"footnotes":""},"categories":[3],"tags":[163],"class_list":["post-281761","post","type-post","status-publish","format-standard","has-post-thumbnail","hentry","category-noticias","tag-escola-de-saude"],"rttpg_featured_image_url":{"full":["https:\/\/goias.gov.br\/saude\/wp-content\/uploads\/sites\/34\/2025\/03\/FachadaSES.jpeg",1064,534,false],"landscape":["https:\/\/goias.gov.br\/saude\/wp-content\/uploads\/sites\/34\/2025\/03\/FachadaSES.jpeg",1064,534,false],"portraits":["https:\/\/goias.gov.br\/saude\/wp-content\/uploads\/sites\/34\/2025\/03\/FachadaSES.jpeg",1064,534,false],"thumbnail":["https:\/\/goias.gov.br\/saude\/wp-content\/uploads\/sites\/34\/2025\/03\/FachadaSES-150x150.jpeg",150,150,true],"medium":["https:\/\/goias.gov.br\/saude\/wp-content\/uploads\/sites\/34\/2025\/03\/FachadaSES-300x151.jpeg",300,151,true],"large":["https:\/\/goias.gov.br\/saude\/wp-content\/uploads\/sites\/34\/2025\/03\/FachadaSES-1024x514.jpeg",1024,514,true],"1536x1536":["https:\/\/goias.gov.br\/saude\/wp-content\/uploads\/sites\/34\/2025\/03\/FachadaSES.jpeg",1064,534,false],"2048x2048":["https:\/\/goias.gov.br\/saude\/wp-content\/uploads\/sites\/34\/2025\/03\/FachadaSES.jpeg",1064,534,false]},"rttpg_author":{"display_name":"josegomes","author_link":"https:\/\/goias.gov.br\/saude\/author\/josegomes\/"},"rttpg_comment":0,"rttpg_category":"<a href=\"https:\/\/goias.gov.br\/saude\/categoria\/noticias\/\" rel=\"category tag\">Not\u00edcias<\/a>","rttpg_excerpt":"Unidade da Secretaria de Estado da Sa\u00fade tamb\u00e9m est\u00e1 com vagas dispon\u00edveis ao curso Capacita\u00e7\u00e3o para Elabora\u00e7\u00e3o de Materiais Did\u00e1ticos para EaD","_links":{"self":[{"href":"https:\/\/goias.gov.br\/saude\/wp-json\/wp\/v2\/posts\/281761","targetHints":{"allow":["GET"]}}],"collection":[{"href":"https:\/\/goias.gov.br\/saude\/wp-json\/wp\/v2\/posts"}],"about":[{"href":"https:\/\/goias.gov.br\/saude\/wp-json\/wp\/v2\/types\/post"}],"author":[{"embeddable":true,"href":"https:\/\/goias.gov.br\/saude\/wp-json\/wp\/v2\/users\/166"}],"replies":[{"embeddable":true,"href":"https:\/\/goias.gov.br\/saude\/wp-json\/wp\/v2\/comments?post=281761"}],"version-history":[{"count":2,"href":"https:\/\/goias.gov.br\/saude\/wp-json\/wp\/v2\/posts\/281761\/revisions"}],"predecessor-version":[{"id":281767,"href":"https:\/\/goias.gov.br\/saude\/wp-json\/wp\/v2\/posts\/281761\/revisions\/281767"}],"wp:featuredmedia":[{"embeddable":true,"href":"https:\/\/goias.gov.br\/saude\/wp-json\/wp\/v2\/media\/281764"}],"wp:attachment":[{"href":"https:\/\/goias.gov.br\/saude\/wp-json\/wp\/v2\/media?parent=281761"}],"wp:term":[{"taxonomy":"category","embeddable":true,"href":"https:\/\/goias.gov.br\/saude\/wp-json\/wp\/v2\/categories?post=281761"},{"taxonomy":"post_tag","embeddable":true,"href":"https:\/\/goias.gov.br\/saude\/wp-json\/wp\/v2\/tags?post=281761"}],"curies":[{"name":"wp","href":"https:\/\/api.w.org\/{rel}","templated":true}]}}