

{"id":2797,"date":"2017-08-09T05:30:48","date_gmt":"2017-08-09T08:30:48","guid":{"rendered":"https:\/\/siteshom.goias.gov.br\/saude\/jovens-terao-acoes-de-saude-nos-parques\/"},"modified":"2017-08-09T05:30:48","modified_gmt":"2017-08-09T08:30:48","slug":"jovens-terao-acoes-de-saude-nos-parques","status":"publish","type":"post","link":"https:\/\/goias.gov.br\/saude\/jovens-terao-acoes-de-saude-nos-parques\/","title":{"rendered":"Jovens ter\u00e3o a\u00e7\u00f5es de sa\u00fade nos parques"},"content":{"rendered":"<p>Agosto \u00e9 o m\u00eas da Juventude. A Secretaria de Estado da Sa\u00fade de Goi\u00e1s, em parceria com o Conselho Estadual de Juventude, Secretaria da Educa\u00e7\u00e3o e \u00f3rg\u00e3os e entidades, promover\u00e3o a\u00e7\u00f5es para a juventude goiana.<br \/>\n<!--more--><\/p>\n<p>Agosto \u00e9 o m\u00eas da Juventude. A Secretaria de Estado da Sa\u00fade de Goi\u00e1s, em parceria com o Conselho Estadual de Juventude, Secretaria da Educa\u00e7\u00e3o e \u00f3rg\u00e3os e entidades, promover\u00e3o a\u00e7\u00f5es para a juventude goiana. A abertura do evento ser\u00e1 nesta quinta-feira, \u00e0s 10h, no Centro Cultural Oscar Niemeyer, com a presen\u00e7a do governador Marconi Perillo.<\/p>\n<p>Durante os finais de semana, equipes da Superintend\u00eancia de Pol\u00edtica de Aten\u00e7\u00e3o Integral \u00e0 Sa\u00fade da SES-GO ir\u00e3o para os parques de Goi\u00e2nia, das 8h \u00e0s 17h. Neste s\u00e1bado, 12 de agosto, ser\u00e1 no Flamboyant. No dia 19, no Arei\u00e3o e no dia 26, no Parque Itatiaia.<\/p>\n<p>Nestes encontros nos parques ser\u00e3o ministradas palestras, rodas de conversa, orienta\u00e7\u00f5es sobre planejamento sexual, abertura para interatividade sobre d\u00favidas e respostas. As equipes de sa\u00fade oferecer\u00e3o vacinas contra HPV, hepatite, e meningoc\u00f3cica para popula\u00e7\u00e3o alvo, com apresenta\u00e7\u00e3o do cart\u00e3o de vacina; entrega de Cadernetas do Adolescente e outros materiais educativos.<\/p>\n","protected":false},"excerpt":{"rendered":"<p>Agosto \u00e9 o m\u00eas da Juventude. A Secretaria de Estado da Sa\u00fade de Goi\u00e1s, em parceria com o Conselho Estadual de Juventude, Secretaria da Educa\u00e7\u00e3o e \u00f3rg\u00e3os e entidades, promover\u00e3o a\u00e7\u00f5es para a juventude goiana.<\/p>\n","protected":false},"author":46,"featured_media":0,"comment_status":"closed","ping_status":"open","sticky":false,"template":"","format":"standard","meta":{"footnotes":""},"categories":[3],"tags":[],"class_list":["post-2797","post","type-post","status-publish","format-standard","hentry","category-noticias"],"rttpg_featured_image_url":null,"rttpg_author":{"display_name":"cleybetsls","author_link":"https:\/\/goias.gov.br\/saude\/author\/cleybetsls\/"},"rttpg_comment":0,"rttpg_category":"<a href=\"https:\/\/goias.gov.br\/saude\/categoria\/noticias\/\" rel=\"category tag\">Not\u00edcias<\/a>","rttpg_excerpt":"Agosto \u00e9 o m\u00eas da Juventude. A Secretaria de Estado da Sa\u00fade de Goi\u00e1s, em parceria com o Conselho Estadual de Juventude, Secretaria da Educa\u00e7\u00e3o e \u00f3rg\u00e3os e entidades, promover\u00e3o a\u00e7\u00f5es para a juventude goiana.","_links":{"self":[{"href":"https:\/\/goias.gov.br\/saude\/wp-json\/wp\/v2\/posts\/2797","targetHints":{"allow":["GET"]}}],"collection":[{"href":"https:\/\/goias.gov.br\/saude\/wp-json\/wp\/v2\/posts"}],"about":[{"href":"https:\/\/goias.gov.br\/saude\/wp-json\/wp\/v2\/types\/post"}],"author":[{"embeddable":true,"href":"https:\/\/goias.gov.br\/saude\/wp-json\/wp\/v2\/users\/46"}],"replies":[{"embeddable":true,"href":"https:\/\/goias.gov.br\/saude\/wp-json\/wp\/v2\/comments?post=2797"}],"version-history":[{"count":0,"href":"https:\/\/goias.gov.br\/saude\/wp-json\/wp\/v2\/posts\/2797\/revisions"}],"wp:attachment":[{"href":"https:\/\/goias.gov.br\/saude\/wp-json\/wp\/v2\/media?parent=2797"}],"wp:term":[{"taxonomy":"category","embeddable":true,"href":"https:\/\/goias.gov.br\/saude\/wp-json\/wp\/v2\/categories?post=2797"},{"taxonomy":"post_tag","embeddable":true,"href":"https:\/\/goias.gov.br\/saude\/wp-json\/wp\/v2\/tags?post=2797"}],"curies":[{"name":"wp","href":"https:\/\/api.w.org\/{rel}","templated":true}]}}