

{"id":279443,"date":"2025-03-10T07:41:58","date_gmt":"2025-03-10T10:41:58","guid":{"rendered":"https:\/\/goias.gov.br\/saude\/?p=279443"},"modified":"2025-03-10T07:43:58","modified_gmt":"2025-03-10T10:43:58","slug":"ses-alerta-para-o-aumento-de-doencas-respiratorias-em-criancas-e-adolescentes","status":"publish","type":"post","link":"https:\/\/goias.gov.br\/saude\/ses-alerta-para-o-aumento-de-doencas-respiratorias-em-criancas-e-adolescentes\/","title":{"rendered":"SES alerta para o aumento de doen\u00e7as respirat\u00f3rias em crian\u00e7as e adolescentes"},"content":{"rendered":"\n<p class=\"has-text-align-center\"><strong>Segundo a Secretaria de Sa\u00fade, aumento \u00e9 esperado ap\u00f3s in\u00edcio das aulas e per\u00edodos festivos como Carnaval. Vacina\u00e7\u00e3o e medidas n\u00e3o farmacol\u00f3gicas s\u00e3o essenciais para prevenir as doen\u00e7as<\/strong><\/p>\n\n\n\n<!--more-->\n\n\n<div class=\"wp-block-image\">\n<figure class=\"aligncenter size-large\"><img fetchpriority=\"high\" decoding=\"async\" width=\"1024\" height=\"682\" src=\"https:\/\/goias.gov.br\/saude\/wp-content\/uploads\/sites\/34\/2025\/03\/1003-doencas-respiratorias-vacina-1024x682.jpeg\" alt=\"\" class=\"wp-image-279485\" srcset=\"https:\/\/goias.gov.br\/saude\/wp-content\/uploads\/sites\/34\/2025\/03\/1003-doencas-respiratorias-vacina-1024x682.jpeg 1024w, https:\/\/goias.gov.br\/saude\/wp-content\/uploads\/sites\/34\/2025\/03\/1003-doencas-respiratorias-vacina-300x200.jpeg 300w, https:\/\/goias.gov.br\/saude\/wp-content\/uploads\/sites\/34\/2025\/03\/1003-doencas-respiratorias-vacina-768x512.jpeg 768w, https:\/\/goias.gov.br\/saude\/wp-content\/uploads\/sites\/34\/2025\/03\/1003-doencas-respiratorias-vacina-1536x1023.jpeg 1536w, https:\/\/goias.gov.br\/saude\/wp-content\/uploads\/sites\/34\/2025\/03\/1003-doencas-respiratorias-vacina.jpeg 1600w\" sizes=\"(max-width: 1024px) 100vw, 1024px\" \/><figcaption class=\"wp-element-caption\"><em>Pais e respons\u00e1veis devem manter a caderneta de vacina\u00e7\u00e3o de crian\u00e7as e adolescentes atualizada<\/em><\/figcaption><\/figure>\n<\/div>\n\n\n<p>O Governo de Goi\u00e1s, por meio da Secretaria de Estado da Sa\u00fade (SES), alerta a popula\u00e7\u00e3o que reforce os cuidados para evitar o aumento de doen\u00e7as respirat\u00f3rias. A pasta explica que j\u00e1 era previsto o crescimento do n\u00famero de casos em crian\u00e7as e adolescentes, neste per\u00edodo sazonal, ap\u00f3s o in\u00edcio das aulas e do Carnaval. Neste ano, j\u00e1 foram registradas 836 notifica\u00e7\u00f5es. No mesmo per\u00edodo do ano passado, ocorreram 638 casos.<\/p>\n\n\n\n<p>Para evitar a contamina\u00e7\u00e3o e o agravamento da doen\u00e7a, a SES lembra aos pais e respons\u00e1veis que devem manter a caderneta de vacina\u00e7\u00e3o das crian\u00e7as e adolescentes atualizada, refor\u00e7ando a import\u00e2ncia da preven\u00e7\u00e3o com a imuniza\u00e7\u00e3o contra a Covid e a Influenza. Al\u00e9m disso, a ado\u00e7\u00e3o de medidas simples, como cobrir boca e nariz ao tossir ou espirrar, lavagem frequente das m\u00e3os, uso de \u00e1lcool gel na indisponibilidade de \u00e1gua e sab\u00e3o. Ainda destaca que \u00e9 essencial a utiliza\u00e7\u00e3o de m\u00e1scara de prote\u00e7\u00e3o para quem apresenta sintomas de problemas respirat\u00f3rios, al\u00e9m de dar prefer\u00eancia para ambientes arejados e bem ventilados.<\/p>\n\n\n\n<p>A SES explica que a S\u00edndrome Respirat\u00f3ria Aguda Grave (SRAG) abrange casos de s\u00edndrome gripal, podendo evoluir para o comprometimento da fun\u00e7\u00e3o respirat\u00f3ria que, na maioria dos casos, leva \u00e0 hospitaliza\u00e7\u00e3o. As causas podem ser v\u00edrus respirat\u00f3rios, dentre os quais predominam os da Influenza do tipo A e B, V\u00edrus Sincicial Respirat\u00f3rio, SARS-COV-2, bact\u00e9rias, fungos e outros agentes.<\/p>\n\n\n\n<p>A secretaria alerta que h\u00e1 ainda o risco do agravamento e desenvolvimento da bronquiolite, que \u00e9 uma infec\u00e7\u00e3o viral que atinge o trato respirat\u00f3rio, afetando, principalmente, crian\u00e7as menores de 2 anos. A doen\u00e7a pode ser causada por v\u00edrus respirat\u00f3rios, sendo o principal o V\u00edrus Sincicial Respirat\u00f3rio (VSR). Em janeiro deste ano, 97 crian\u00e7as precisaram de interna\u00e7\u00e3o em unidades estaduais em fun\u00e7\u00e3o da bronquiolite, j\u00e1 em fevereiro, o n\u00famero chegou a 202 interna\u00e7\u00f5es.<\/p>\n\n\n\n<p>Foto: Iron Braz<br><strong>Secretaria de Estado da Sa\u00fade \u2013 Governo de Goi\u00e1s<\/strong><\/p>\n","protected":false},"excerpt":{"rendered":"<p>Segundo a Secretaria de Sa\u00fade, aumento \u00e9 esperado ap\u00f3s in\u00edcio das aulas e per\u00edodos festivos como Carnaval. Vacina\u00e7\u00e3o e medidas n\u00e3o farmacol\u00f3gicas s\u00e3o essenciais para prevenir as doen\u00e7as<\/p>\n","protected":false},"author":164,"featured_media":279485,"comment_status":"closed","ping_status":"open","sticky":false,"template":"","format":"standard","meta":{"footnotes":""},"categories":[3],"tags":[248],"class_list":["post-279443","post","type-post","status-publish","format-standard","has-post-thumbnail","hentry","category-noticias","tag-vigilancia-em-saude"],"rttpg_featured_image_url":{"full":["https:\/\/goias.gov.br\/saude\/wp-content\/uploads\/sites\/34\/2025\/03\/1003-doencas-respiratorias-vacina.jpeg",1600,1066,false],"landscape":["https:\/\/goias.gov.br\/saude\/wp-content\/uploads\/sites\/34\/2025\/03\/1003-doencas-respiratorias-vacina.jpeg",1600,1066,false],"portraits":["https:\/\/goias.gov.br\/saude\/wp-content\/uploads\/sites\/34\/2025\/03\/1003-doencas-respiratorias-vacina.jpeg",1600,1066,false],"thumbnail":["https:\/\/goias.gov.br\/saude\/wp-content\/uploads\/sites\/34\/2025\/03\/1003-doencas-respiratorias-vacina-150x150.jpeg",150,150,true],"medium":["https:\/\/goias.gov.br\/saude\/wp-content\/uploads\/sites\/34\/2025\/03\/1003-doencas-respiratorias-vacina-300x200.jpeg",300,200,true],"large":["https:\/\/goias.gov.br\/saude\/wp-content\/uploads\/sites\/34\/2025\/03\/1003-doencas-respiratorias-vacina-1024x682.jpeg",1024,682,true],"1536x1536":["https:\/\/goias.gov.br\/saude\/wp-content\/uploads\/sites\/34\/2025\/03\/1003-doencas-respiratorias-vacina-1536x1023.jpeg",1536,1023,true],"2048x2048":["https:\/\/goias.gov.br\/saude\/wp-content\/uploads\/sites\/34\/2025\/03\/1003-doencas-respiratorias-vacina.jpeg",1600,1066,false]},"rttpg_author":{"display_name":"isabelamelo","author_link":"https:\/\/goias.gov.br\/saude\/author\/isabelamelo\/"},"rttpg_comment":0,"rttpg_category":"<a href=\"https:\/\/goias.gov.br\/saude\/categoria\/noticias\/\" rel=\"category tag\">Not\u00edcias<\/a>","rttpg_excerpt":"Segundo a Secretaria de Sa\u00fade, aumento \u00e9 esperado ap\u00f3s in\u00edcio das aulas e per\u00edodos festivos como Carnaval. Vacina\u00e7\u00e3o e medidas n\u00e3o farmacol\u00f3gicas s\u00e3o essenciais para prevenir as doen\u00e7as","_links":{"self":[{"href":"https:\/\/goias.gov.br\/saude\/wp-json\/wp\/v2\/posts\/279443","targetHints":{"allow":["GET"]}}],"collection":[{"href":"https:\/\/goias.gov.br\/saude\/wp-json\/wp\/v2\/posts"}],"about":[{"href":"https:\/\/goias.gov.br\/saude\/wp-json\/wp\/v2\/types\/post"}],"author":[{"embeddable":true,"href":"https:\/\/goias.gov.br\/saude\/wp-json\/wp\/v2\/users\/164"}],"replies":[{"embeddable":true,"href":"https:\/\/goias.gov.br\/saude\/wp-json\/wp\/v2\/comments?post=279443"}],"version-history":[{"count":2,"href":"https:\/\/goias.gov.br\/saude\/wp-json\/wp\/v2\/posts\/279443\/revisions"}],"predecessor-version":[{"id":279637,"href":"https:\/\/goias.gov.br\/saude\/wp-json\/wp\/v2\/posts\/279443\/revisions\/279637"}],"wp:featuredmedia":[{"embeddable":true,"href":"https:\/\/goias.gov.br\/saude\/wp-json\/wp\/v2\/media\/279485"}],"wp:attachment":[{"href":"https:\/\/goias.gov.br\/saude\/wp-json\/wp\/v2\/media?parent=279443"}],"wp:term":[{"taxonomy":"category","embeddable":true,"href":"https:\/\/goias.gov.br\/saude\/wp-json\/wp\/v2\/categories?post=279443"},{"taxonomy":"post_tag","embeddable":true,"href":"https:\/\/goias.gov.br\/saude\/wp-json\/wp\/v2\/tags?post=279443"}],"curies":[{"name":"wp","href":"https:\/\/api.w.org\/{rel}","templated":true}]}}