

{"id":2776,"date":"2017-08-15T06:00:04","date_gmt":"2017-08-15T09:00:04","guid":{"rendered":"https:\/\/siteshom.goias.gov.br\/saude\/pesquisadores-de-goias-sao-convidados-para-participar-do-premio-peter-muranyi\/"},"modified":"2017-08-15T06:00:04","modified_gmt":"2017-08-15T09:00:04","slug":"pesquisadores-de-goias-sao-convidados-para-participar-do-premio-peter-muranyi","status":"publish","type":"post","link":"https:\/\/goias.gov.br\/saude\/pesquisadores-de-goias-sao-convidados-para-participar-do-premio-peter-muranyi\/","title":{"rendered":"Pesquisadores de Goi\u00e1s s\u00e3o convidados para participar do Pr\u00eamio P\u00e9ter Mur\u00e1nyi"},"content":{"rendered":"<p>Os servidores da Secretaria de Estado da Sa\u00fade (SES-GO) que trabalham com pesquisas cient\u00edficas poder\u00e3o participar do \u201cPr\u00eamio P\u00e9ter Mur\u00e1nyi 2018\u201d, indicando trabalho sob o tema \u201cSa\u00fade\u201d.<br \/>\n<!--more--><\/p>\n<p>Os servidores da Secretaria de Estado da Sa\u00fade (SES-GO) que trabalham com pesquisas cient\u00edficas poder\u00e3o participar do \u201cPr\u00eamio P\u00e9ter Mur\u00e1nyi 2018\u201d, indicando trabalho sob o tema \u201cSa\u00fade\u201d. O convite foi feito pela pr\u00f3pria Funda\u00e7\u00e3o P\u00e9ter Mur\u00e1nyi ao secret\u00e1rio Leonardo Vilela para a divulga\u00e7\u00e3o entre os pesquisadores do sistema p\u00fablico de sa\u00fade do Estado de Goi\u00e1s.<\/p>\n<p>Os trabalhos vencedores receber\u00e3o trof\u00e9u, certificado e o valor de R$ 200.000,00 (duzentos mil reais) para o primeiro lugar; certificado e R$ 30.000,00 (trinta mil reais) para o segundo lugar e certificado e R$ 20.000,00 (vinte mil reais) para o terceiro lugar. Os trabalhos devem ter caracter\u00edstica inovadora com aplicabilidade pr\u00e1tica e que melhorem a qualidade de vida da popula\u00e7\u00e3o. As regi\u00f5es onde est\u00e3o localizadas as comunidades devem estar em situa\u00e7\u00e3o de desenvolvimento e situadas abaixo do paralelo 20\u00b0 de latitude norte.<\/p>\n<p>A funda\u00e7\u00e3o premia alternadamente trabalhos das \u00e1reas de sa\u00fade, alimenta\u00e7\u00e3o, educa\u00e7\u00e3o e ci\u00eancia e tecnologia, com entregas anuais desde 2002. Os interessados em participar dever\u00e3o informar a secretaria, por meio do Centro de Excel\u00eancia em Ensino, Pesquisas e Projetos Leite das Neves Ferreira \u2013 (CEEPPLNF), que tem o prazo at\u00e9 o dia 11 de agosto para enviar resposta por correio ou e-mail o interesse de participar. Depois de confirmada a disposi\u00e7\u00e3o de indicar trabalhos, a institui\u00e7\u00e3o passar\u00e1 integrar o Col\u00e9gio Indicador desta edi\u00e7\u00e3o. Contato do CEEPPLNF: 3201-3626 (Aline).<\/p>\n<p>Maiores informa\u00e7\u00f5es devem obtidas no site <a href=\"https:\/\/www.fundacaopetermuranyi.org.br\" target=\"_blank\" rel=\"noopener noreferrer\">www.fundacaopetermuranyi.org.br<\/a> onde est\u00e3o o regulamento, o formul\u00e1rio de participa\u00e7\u00e3o, crit\u00e9rio e demais dados sobre o pr\u00eamio e a funda\u00e7\u00e3o. O prazo para o encaminhamento dos trabalhos indicados se encerrar\u00e1 em 30 de setembro de 2017.<\/p>\n","protected":false},"excerpt":{"rendered":"<p>Os servidores da Secretaria de Estado da Sa\u00fade (SES-GO) que trabalham com pesquisas cient\u00edficas poder\u00e3o participar do \u201cPr\u00eamio P\u00e9ter Mur\u00e1nyi 2018\u201d, indicando trabalho sob o tema \u201cSa\u00fade\u201d.<\/p>\n","protected":false},"author":46,"featured_media":0,"comment_status":"closed","ping_status":"open","sticky":false,"template":"","format":"standard","meta":{"footnotes":""},"categories":[3],"tags":[],"class_list":["post-2776","post","type-post","status-publish","format-standard","hentry","category-noticias"],"rttpg_featured_image_url":null,"rttpg_author":{"display_name":"cleybetsls","author_link":"https:\/\/goias.gov.br\/saude\/author\/cleybetsls\/"},"rttpg_comment":0,"rttpg_category":"<a href=\"https:\/\/goias.gov.br\/saude\/categoria\/noticias\/\" rel=\"category tag\">Not\u00edcias<\/a>","rttpg_excerpt":"Os servidores da Secretaria de Estado da Sa\u00fade (SES-GO) que trabalham com pesquisas cient\u00edficas poder\u00e3o participar do \u201cPr\u00eamio P\u00e9ter Mur\u00e1nyi 2018\u201d, indicando trabalho sob o tema \u201cSa\u00fade\u201d.","_links":{"self":[{"href":"https:\/\/goias.gov.br\/saude\/wp-json\/wp\/v2\/posts\/2776","targetHints":{"allow":["GET"]}}],"collection":[{"href":"https:\/\/goias.gov.br\/saude\/wp-json\/wp\/v2\/posts"}],"about":[{"href":"https:\/\/goias.gov.br\/saude\/wp-json\/wp\/v2\/types\/post"}],"author":[{"embeddable":true,"href":"https:\/\/goias.gov.br\/saude\/wp-json\/wp\/v2\/users\/46"}],"replies":[{"embeddable":true,"href":"https:\/\/goias.gov.br\/saude\/wp-json\/wp\/v2\/comments?post=2776"}],"version-history":[{"count":0,"href":"https:\/\/goias.gov.br\/saude\/wp-json\/wp\/v2\/posts\/2776\/revisions"}],"wp:attachment":[{"href":"https:\/\/goias.gov.br\/saude\/wp-json\/wp\/v2\/media?parent=2776"}],"wp:term":[{"taxonomy":"category","embeddable":true,"href":"https:\/\/goias.gov.br\/saude\/wp-json\/wp\/v2\/categories?post=2776"},{"taxonomy":"post_tag","embeddable":true,"href":"https:\/\/goias.gov.br\/saude\/wp-json\/wp\/v2\/tags?post=2776"}],"curies":[{"name":"wp","href":"https:\/\/api.w.org\/{rel}","templated":true}]}}