

{"id":2768,"date":"2017-08-16T05:50:31","date_gmt":"2017-08-16T08:50:31","guid":{"rendered":"https:\/\/siteshom.goias.gov.br\/saude\/presidente-do-cremego-visita-o-crer\/"},"modified":"2017-08-16T05:50:31","modified_gmt":"2017-08-16T08:50:31","slug":"presidente-do-cremego-visita-o-crer","status":"publish","type":"post","link":"https:\/\/goias.gov.br\/saude\/presidente-do-cremego-visita-o-crer\/","title":{"rendered":"Presidente do Cremego visita o Crer"},"content":{"rendered":"<p>A diretoria do Centro de Reabilita\u00e7\u00e3o e Readapta\u00e7\u00e3o Dr. Henrique Santillo (Crer) recebeu o presidente do Conselho Regional de Medicina do Estado de Goi\u00e1s (Cremego), Leonardo Mariano Reis, para uma visita institucional onde foi apresentado todos os servi\u00e7os ofertados pelo hospital, metas de atendimento, principais certifica\u00e7\u00f5es conquistadas e o modelo de gest\u00e3o por organiza\u00e7\u00e3o social.<br \/>\n<!--more--><\/p>\n<div class=\"tx cl\">\n<p>A diretoria do Centro de Reabilita\u00e7\u00e3o e Readapta\u00e7\u00e3o Dr. Henrique Santillo (Crer) recebeu o presidente do Conselho Regional de Medicina do Estado de Goi\u00e1s (Cremego), Leonardo Mariano Reis, para uma visita institucional onde foi apresentado todos os servi\u00e7os ofertados pelo hospital, metas de atendimento, principais certifica\u00e7\u00f5es conquistadas e o modelo de gest\u00e3o por organiza\u00e7\u00e3o social. Logo ap\u00f3s, a diretoria mostrou as instala\u00e7\u00f5es f\u00edsicas.<\/p>\n<p>\u201cA diretoria do Crer acredita que as visitas institucionais trazem o fortalecimento das parcerias entre as entidades e oportuniza uma vis\u00e3o ampla dos servi\u00e7os prestados \u00e0 sociedade. Dessa forma, temos a pr\u00e1tica de receber visitas para estreitar as rela\u00e7\u00f5es e o Cremego, que \u00e9 um importante \u00f3rg\u00e3o fiscalizador da pr\u00e1tica m\u00e9dica\u201d, relatou o diretor geral do Crer, V\u00e1lney Lu\u00eds da Rocha.<\/p>\n<p>Ao final, o presidente do Cremego agradeceu pelo convite e elogiou o trabalho desempenhado pela institui\u00e7\u00e3o. \u201cGostaria de parabenizar o trabalho realizado pelo Crer e a organiza\u00e7\u00e3o social Agir pela seriedade em que administra o hospital. Agrade\u00e7o a oportunidade de estar aqui e conhecer de perto toda a estrutura e servi\u00e7os prestados pelo Crer nesses quase 15 anos. Quero voltar mais vezes\u201d, enfatizou.<\/p>\n<\/div>\n<p><div class=\"socialshare cl\"><\/div><\/p>\n","protected":false},"excerpt":{"rendered":"<p>A diretoria do Centro de Reabilita\u00e7\u00e3o e Readapta\u00e7\u00e3o Dr. Henrique Santillo (Crer) recebeu o presidente do Conselho Regional de Medicina do Estado de Goi\u00e1s (Cremego), Leonardo Mariano Reis, para uma visita institucional onde foi apresentado todos os servi\u00e7os ofertados pelo hospital, metas de atendimento, principais certifica\u00e7\u00f5es conquistadas e o modelo de gest\u00e3o por organiza\u00e7\u00e3o social.<\/p>\n","protected":false},"author":46,"featured_media":0,"comment_status":"closed","ping_status":"open","sticky":false,"template":"","format":"standard","meta":{"footnotes":""},"categories":[3],"tags":[],"class_list":["post-2768","post","type-post","status-publish","format-standard","hentry","category-noticias"],"rttpg_featured_image_url":null,"rttpg_author":{"display_name":"cleybetsls","author_link":"https:\/\/goias.gov.br\/saude\/author\/cleybetsls\/"},"rttpg_comment":0,"rttpg_category":"<a href=\"https:\/\/goias.gov.br\/saude\/categoria\/noticias\/\" rel=\"category tag\">Not\u00edcias<\/a>","rttpg_excerpt":"A diretoria do Centro de Reabilita\u00e7\u00e3o e Readapta\u00e7\u00e3o Dr. Henrique Santillo (Crer) recebeu o presidente do Conselho Regional de Medicina do Estado de Goi\u00e1s (Cremego), Leonardo Mariano Reis, para uma visita institucional onde foi apresentado todos os servi\u00e7os ofertados pelo hospital, metas de atendimento, principais certifica\u00e7\u00f5es conquistadas e o modelo de gest\u00e3o por organiza\u00e7\u00e3o social.","_links":{"self":[{"href":"https:\/\/goias.gov.br\/saude\/wp-json\/wp\/v2\/posts\/2768","targetHints":{"allow":["GET"]}}],"collection":[{"href":"https:\/\/goias.gov.br\/saude\/wp-json\/wp\/v2\/posts"}],"about":[{"href":"https:\/\/goias.gov.br\/saude\/wp-json\/wp\/v2\/types\/post"}],"author":[{"embeddable":true,"href":"https:\/\/goias.gov.br\/saude\/wp-json\/wp\/v2\/users\/46"}],"replies":[{"embeddable":true,"href":"https:\/\/goias.gov.br\/saude\/wp-json\/wp\/v2\/comments?post=2768"}],"version-history":[{"count":0,"href":"https:\/\/goias.gov.br\/saude\/wp-json\/wp\/v2\/posts\/2768\/revisions"}],"wp:attachment":[{"href":"https:\/\/goias.gov.br\/saude\/wp-json\/wp\/v2\/media?parent=2768"}],"wp:term":[{"taxonomy":"category","embeddable":true,"href":"https:\/\/goias.gov.br\/saude\/wp-json\/wp\/v2\/categories?post=2768"},{"taxonomy":"post_tag","embeddable":true,"href":"https:\/\/goias.gov.br\/saude\/wp-json\/wp\/v2\/tags?post=2768"}],"curies":[{"name":"wp","href":"https:\/\/api.w.org\/{rel}","templated":true}]}}