

{"id":2739,"date":"2017-08-23T06:53:12","date_gmt":"2017-08-23T09:53:12","guid":{"rendered":"https:\/\/siteshom.goias.gov.br\/saude\/gestores-discutem-regulacao-de-leitos-uti\/"},"modified":"2017-08-23T06:53:12","modified_gmt":"2017-08-23T09:53:12","slug":"gestores-discutem-regulacao-de-leitos-uti","status":"publish","type":"post","link":"https:\/\/goias.gov.br\/saude\/gestores-discutem-regulacao-de-leitos-uti\/","title":{"rendered":"Gestores discutem regula\u00e7\u00e3o de leitos UTI"},"content":{"rendered":"<p>O secret\u00e1rio de Estado da Sa\u00fade Leonardo  Vilela reuniu-se com os secret\u00e1rios de sa\u00fade  de Goi\u00e2nia F\u00e1tima Mrue, de Aparecida de Goi\u00e2nia Edgar Tollini, de An\u00e1polis Luzia Cordeiro e  promotores do Minist\u00e9rio  P\u00fablico de Goi\u00e1s na manh\u00e3  desta quarta, 23.<br \/>\n<!--more--><\/p>\n<div class=\"tx cl\">\n<p><div>O secret\u00e1rio de Estado da Sa\u00fade Leonardo \u00a0Vilela reuniu-se com os secret\u00e1rios de sa\u00fade \u00a0de Goi\u00e2nia F\u00e1tima Mrue, de Aparecida de Goi\u00e2nia Edgar Tollini, de An\u00e1polis Luzia Cordeiro e \u00a0promotores do Minist\u00e9rio \u00a0P\u00fablico de Goi\u00e1s na manh\u00e3 \u00a0desta quarta, 23. Em pauta, \u00a0a gest\u00e3o de leitos de UTI e a regula\u00e7\u00e3o das vagas para os usu\u00e1rios do SUS.<\/div>\n<\/p>\n<p><div><\/div>\n<\/p>\n<p><div>De acordo com o promotor \u00c9rico de Pina, nas \u00faltimas \u00a0semanas, demandas judiciais \u00a0para esse servi\u00e7o avolumaram-se no MP-GO, \u00a0denotando problemas na regula\u00e7\u00e3o e gest\u00e3o desses leitos. O promotor \u00c9rico de Pina \u00a0defendeu que os gestores municipais fa\u00e7am auditorias regulares e sistem\u00e1ticas pra averigua\u00e7\u00e3o \u00a0dos leitos realmente dispon\u00edveis.<\/div>\n<\/p>\n<p><div><\/div>\n<\/p>\n<p><div>J\u00e1 o promotor Marcus Vinicius reiterou a necessidade de um sistema integrado e transparente de regula\u00e7\u00e3o j\u00e1 discutido na SES quando de visita dele ao Conecta SUS em 2016. Essa ali\u00e1s, \u00a0\u00e9 \u00a0a proposta defendida pela Secretaria de Estado da Sa\u00fade: um sistema de gest\u00e3o compartilhada entre os munic\u00edpios, que s\u00e3o os gestores, e o estado que atuaria como parceiro; com o compromisso da transpar\u00eancia dos dados para o p\u00fablico.<\/div>\n<\/p>\n<p><div><\/div>\n<\/p>\n<p><div>De acordo com o superintendente \u00a0de Acesso aos Servi\u00e7os Hospitalares \u00a0e Ambulatoriais da SES- GO, Cleudes Bare, os dados da regula\u00e7\u00e3o de Goi\u00e2nia, que \u00e9 a maior do estado, \u00a0n\u00e3o est\u00e3o abertos para \u00a0visualiza\u00e7\u00e3o dos t\u00e9cnicos da secretaria estadual \u00a0de sa\u00fade, apesar dos muitos pedidos j\u00e1 feitos. A secret\u00e1ria de Goi\u00e2nia F\u00e1tima Mrue, esclareceu que o atual sistema tem muitas falhas e n\u00e3o comporta mais acessos. Ela explicou que a SMS Goi\u00e2nia \u00a0far\u00e1 uma compra emergencial \u00a0para um sistema novo.<\/div>\n<\/p>\n<p><div><\/div>\n<\/p>\n<p><div>Para o secret\u00e1rio Leonardo Vilela, a transpar\u00eancia \u00a0\u00e9 o rem\u00e9dio para muitos males da gest\u00e3o p\u00fablica \u00a0e reiterou que os t\u00e9cnicos de inform\u00e1tica da SES e do Conecta SUS est\u00e3o \u00a0prontos para colabora\u00e7\u00e3o. &#8220;N\u00e3o entendo, com a tecnologia que existe hoje, como os gestores n\u00e3o tem um mapa de leitos \u00e0 disposi\u00e7\u00e3o para conferir on line as altas m\u00e9dicas e a disponibilidade desses leitos&#8221; frisou ele.<\/div>\n<\/p>\n<p><div><\/div>\n<\/p>\n<p><div>Segundo defini\u00e7\u00e3o do promotor Marcus Vinicius um grupo de t\u00e9cnicos da SES, das secretarias municipais de Goi\u00e2nia e Aparecida \u00a0e do Minist\u00e9rio P\u00fablico dever\u00e1 ser formado com urg\u00eancia \u00a0para estruturar mais que um bom sistema, a integra\u00e7\u00e3o das regula\u00e7\u00f5es \u00a0e estabelecer mecanismos claros de informa\u00e7\u00e3o dos leitos e dos pedidos de vagas. O grupo ter\u00e1 dois meses para propor uma solu\u00e7\u00e3o \u00a0e ser\u00e1 coordenado pelo superintendente \u00a0Executivo da SES-GO Deusdedith Vaz.<\/div>\n<\/p>\n<p><div><\/div>\n<\/p>\n<p><div><strong>Novos leitos<\/strong><\/div>\n<\/p>\n<p><div><\/div>\n<\/p>\n<p><div>O governo estadual tem priorizado a abertura de novos leitos e lutado pela habilita\u00e7\u00e3o de leitos em Goi\u00e1s junto ao Minist\u00e9rio. A SES-GO al\u00e9m de financiar complemento de di\u00e1rias para os tr\u00eas maiores munic\u00edpios, tem investido na implanta\u00e7\u00e3o de leitos. Para An\u00e1polis, o secret\u00e1rio Leonardo Vilela \u00a0afirmou que a amplia\u00e7\u00e3o do Huana, em fase final, vai dobrar os leitos de UTI existentes.<\/div>\n<\/p>\n<p><div><\/div>\n<\/p>\n<p><div>A secret\u00e1ria Luzia reivindicou leitos com perfil cardiovascular. &#8220;Eu tenho gratid\u00e3o com o estado porqu\u00ea An\u00e1polis era uma ilha, mas desde que estou a frente da gest\u00e3o, \u00a0tenho tido total apoio do secret\u00e1rio Leonardo e equipe da SES. O estado avan\u00e7ou muito com o Conecta SUS e com a qualidade dos hospitais&#8221; frisou ela.<\/div>\n<\/p>\n<p><div><\/div>\n<\/p>\n<p><div>Na capital, 20 leitos de UTI no Hugol ser\u00e3o ativados at\u00e9 31 de outubro e outros 20 at\u00e9 31 de dezembro, completando o processo de implanta\u00e7\u00e3o da unidade. Por meio de conv\u00eanio com a Prefeitura de Ner\u00f3polis, outros cinco leitos est\u00e3o sendo reativados no hospital municipal nos pr\u00f3ximos dias.<\/div>\n<\/p>\n<\/div>\n","protected":false},"excerpt":{"rendered":"<p>O secret\u00e1rio de Estado da Sa\u00fade Leonardo Vilela reuniu-se com os secret\u00e1rios de sa\u00fade de Goi\u00e2nia F\u00e1tima Mrue, de Aparecida de Goi\u00e2nia Edgar Tollini, de An\u00e1polis Luzia Cordeiro e promotores do Minist\u00e9rio P\u00fablico de Goi\u00e1s na manh\u00e3 desta quarta, 23.<\/p>\n","protected":false},"author":46,"featured_media":0,"comment_status":"closed","ping_status":"open","sticky":false,"template":"","format":"standard","meta":{"footnotes":""},"categories":[3],"tags":[],"class_list":["post-2739","post","type-post","status-publish","format-standard","hentry","category-noticias"],"rttpg_featured_image_url":null,"rttpg_author":{"display_name":"cleybetsls","author_link":"https:\/\/goias.gov.br\/saude\/author\/cleybetsls\/"},"rttpg_comment":0,"rttpg_category":"<a href=\"https:\/\/goias.gov.br\/saude\/categoria\/noticias\/\" rel=\"category tag\">Not\u00edcias<\/a>","rttpg_excerpt":"O secret\u00e1rio de Estado da Sa\u00fade Leonardo Vilela reuniu-se com os secret\u00e1rios de sa\u00fade de Goi\u00e2nia F\u00e1tima Mrue, de Aparecida de Goi\u00e2nia Edgar Tollini, de An\u00e1polis Luzia Cordeiro e promotores do Minist\u00e9rio P\u00fablico de Goi\u00e1s na manh\u00e3 desta quarta, 23.","_links":{"self":[{"href":"https:\/\/goias.gov.br\/saude\/wp-json\/wp\/v2\/posts\/2739","targetHints":{"allow":["GET"]}}],"collection":[{"href":"https:\/\/goias.gov.br\/saude\/wp-json\/wp\/v2\/posts"}],"about":[{"href":"https:\/\/goias.gov.br\/saude\/wp-json\/wp\/v2\/types\/post"}],"author":[{"embeddable":true,"href":"https:\/\/goias.gov.br\/saude\/wp-json\/wp\/v2\/users\/46"}],"replies":[{"embeddable":true,"href":"https:\/\/goias.gov.br\/saude\/wp-json\/wp\/v2\/comments?post=2739"}],"version-history":[{"count":0,"href":"https:\/\/goias.gov.br\/saude\/wp-json\/wp\/v2\/posts\/2739\/revisions"}],"wp:attachment":[{"href":"https:\/\/goias.gov.br\/saude\/wp-json\/wp\/v2\/media?parent=2739"}],"wp:term":[{"taxonomy":"category","embeddable":true,"href":"https:\/\/goias.gov.br\/saude\/wp-json\/wp\/v2\/categories?post=2739"},{"taxonomy":"post_tag","embeddable":true,"href":"https:\/\/goias.gov.br\/saude\/wp-json\/wp\/v2\/tags?post=2739"}],"curies":[{"name":"wp","href":"https:\/\/api.w.org\/{rel}","templated":true}]}}