

{"id":2735,"date":"2017-08-24T07:03:30","date_gmt":"2017-08-24T10:03:30","guid":{"rendered":"https:\/\/siteshom.goias.gov.br\/saude\/leonardo-vilela-apresenta-conecta-sus-em-evento-da-unimed-parana\/"},"modified":"2017-08-24T07:03:30","modified_gmt":"2017-08-24T10:03:30","slug":"leonardo-vilela-apresenta-conecta-sus-em-evento-da-unimed-parana","status":"publish","type":"post","link":"https:\/\/goias.gov.br\/saude\/leonardo-vilela-apresenta-conecta-sus-em-evento-da-unimed-parana\/","title":{"rendered":"Leonardo Vilela apresenta Conecta SUS em evento da Unimed Paran\u00e1"},"content":{"rendered":"<p>O secret\u00e1rio de Estado da Sa\u00fade de Goi\u00e1s, Leonardo Vilela, apresentar\u00e1 nesta sexta-feira (25\/08), \u00e0s 8h30, na sede da Associa\u00e7\u00e3o M\u00e9dica do Paran\u00e1, em Curitiba, o Centro de Informa\u00e7\u00f5es e Decis\u00f5es Estrat\u00e9gicas em Sa\u00fade \u2013 Conecta SUS Zilda Arns Neumann. O espa\u00e7o\u00a0tecnol\u00f3gico desenvolvido pela Secretaria de Estado da Sa\u00fade de Goi\u00e1s ser\u00e1 conhecido durante o 3\u00ba Encontro de Tecnologia aplicada \u00e0 gest\u00e3o em Sa\u00fade, organizado pela Unimed do Paran\u00e1. O gerente do Conecta SUS, Jean Pierre Pereira, tamb\u00e9m participar\u00e1 da apresenta\u00e7\u00e3o ao lado do\u00a0secret\u00e1rio.<\/p>\n<p>O Conecta SUS monitora mais de 200 indicadores epidemiol\u00f3gicos de sa\u00fade e tem como objetivo instrumentalizar os gestores para tomada de decis\u00f5es estrat\u00e9gicas e aplica\u00e7\u00e3o de recursos p\u00fablicos. Leonardo diz que a experi\u00eancia do Conecta foi conhecida pela Unimed paranaense em novembro de 2016, no Congresso Brasileiro de Informa\u00e7\u00e3o e Inform\u00e1tica em Sa\u00fade, realizado em Goi\u00e2nia.<\/p>\n<p>\u201cHouve o convite para que n\u00f3s coloc\u00e1ssemos essa experi\u00eancia. O que \u00e9 fundamental, porque em Sa\u00fade tanto p\u00fablica quanto privada \u00e9 preciso que voc\u00ea conhe\u00e7a, por meio de n\u00fameros e dados confi\u00e1veis, elementos que lhe deem subs\u00eddios para aplicar recursos de forma adequada. E \u00e9 isso que n\u00f3s estamos fazendo em Goi\u00e1s e, pelo mesmo motivo, o setor privado est\u00e1 interessado em nossa experi\u00eancia\u201d, salientou.<\/p>\n<p>Para Leonardo Vilela, esse \u00e9 o primeiro passo para que, no futuro, haja a integra\u00e7\u00e3o de dados do setor privado de sa\u00fade com os do setor p\u00fablico. \u201cA inten\u00e7\u00e3o \u00e9 que se possa racionalizar recursos e conhecer mais sobre a sa\u00fade dos brasileiros.\u201d<\/p>\n<p>De acordo com o secret\u00e1rio, o Conecta SUS \u00e9 conhecido hoje em todo o Pa\u00eds. \u201cJ\u00e1 fiz palestras em diversos Estados sobre o Conecta, sendo que v\u00e1rios j\u00e1 est\u00e3o criando salas de situa\u00e7\u00e3o semelhantes. Inclusive, o pr\u00f3prio Minist\u00e9rio da Sa\u00fade e o Minist\u00e9rio do Desenvolvimento Social\u201d, pontuou. Al\u00e9m da Unimed Paran\u00e1, o evento tem como parceiros a Pontif\u00edcia Universidade Cat\u00f3lica do Paran\u00e1 (PUC-PR) e a Federa\u00e7\u00e3o das Santas Casas de Miseric\u00f3rdia e Hospitais Beneficentes do Estado do Paran\u00e1 (Femipa).<\/p>\n","protected":false},"excerpt":{"rendered":"<p>O secret\u00e1rio de Estado da Sa\u00fade de Goi\u00e1s, Leonardo Vilela, apresentar\u00e1 nesta sexta-feira (25\/08), \u00e0s 8h30, na sede da Associa\u00e7\u00e3o M\u00e9dica do Paran\u00e1, em Curitiba, o Centro de Informa\u00e7\u00f5es e Decis\u00f5es Estrat\u00e9gicas em Sa\u00fade \u2013 Conecta SUS Zilda Arns Neumann. O espa\u00e7o\u00a0tecnol\u00f3gico desenvolvido pela Secretaria de Estado da Sa\u00fade de Goi\u00e1s ser\u00e1 conhecido durante o [&hellip;]<\/p>\n","protected":false},"author":46,"featured_media":0,"comment_status":"closed","ping_status":"open","sticky":false,"template":"","format":"standard","meta":{"footnotes":""},"categories":[3],"tags":[],"class_list":["post-2735","post","type-post","status-publish","format-standard","hentry","category-noticias"],"rttpg_featured_image_url":null,"rttpg_author":{"display_name":"cleybetsls","author_link":"https:\/\/goias.gov.br\/saude\/author\/cleybetsls\/"},"rttpg_comment":0,"rttpg_category":"<a href=\"https:\/\/goias.gov.br\/saude\/categoria\/noticias\/\" rel=\"category tag\">Not\u00edcias<\/a>","rttpg_excerpt":"O secret\u00e1rio de Estado da Sa\u00fade de Goi\u00e1s, Leonardo Vilela, apresentar\u00e1 nesta sexta-feira (25\/08), \u00e0s 8h30, na sede da Associa\u00e7\u00e3o M\u00e9dica do Paran\u00e1, em Curitiba, o Centro de Informa\u00e7\u00f5es e Decis\u00f5es Estrat\u00e9gicas em Sa\u00fade \u2013 Conecta SUS Zilda Arns Neumann. O espa\u00e7o\u00a0tecnol\u00f3gico desenvolvido pela Secretaria de Estado da Sa\u00fade de Goi\u00e1s ser\u00e1 conhecido durante o&hellip;","_links":{"self":[{"href":"https:\/\/goias.gov.br\/saude\/wp-json\/wp\/v2\/posts\/2735","targetHints":{"allow":["GET"]}}],"collection":[{"href":"https:\/\/goias.gov.br\/saude\/wp-json\/wp\/v2\/posts"}],"about":[{"href":"https:\/\/goias.gov.br\/saude\/wp-json\/wp\/v2\/types\/post"}],"author":[{"embeddable":true,"href":"https:\/\/goias.gov.br\/saude\/wp-json\/wp\/v2\/users\/46"}],"replies":[{"embeddable":true,"href":"https:\/\/goias.gov.br\/saude\/wp-json\/wp\/v2\/comments?post=2735"}],"version-history":[{"count":0,"href":"https:\/\/goias.gov.br\/saude\/wp-json\/wp\/v2\/posts\/2735\/revisions"}],"wp:attachment":[{"href":"https:\/\/goias.gov.br\/saude\/wp-json\/wp\/v2\/media?parent=2735"}],"wp:term":[{"taxonomy":"category","embeddable":true,"href":"https:\/\/goias.gov.br\/saude\/wp-json\/wp\/v2\/categories?post=2735"},{"taxonomy":"post_tag","embeddable":true,"href":"https:\/\/goias.gov.br\/saude\/wp-json\/wp\/v2\/tags?post=2735"}],"curies":[{"name":"wp","href":"https:\/\/api.w.org\/{rel}","templated":true}]}}