

{"id":26947,"date":"2022-02-04T12:20:24","date_gmt":"2022-02-04T15:20:24","guid":{"rendered":"https:\/\/siteshom.goias.gov.br\/saude\/oficinas-pri\/"},"modified":"2025-07-08T15:20:19","modified_gmt":"2025-07-08T18:20:19","slug":"planos-macrorregionais-pri","status":"publish","type":"post","link":"https:\/\/goias.gov.br\/saude\/planos-macrorregionais-pri\/","title":{"rendered":"Planos Macrorregionais"},"content":{"rendered":"\n<ol start=\"1\" class=\"wp-block-list\">\n<li><strong>Planos Macrorregionais de Sa\u00fade<\/strong><\/li>\n<\/ol>\n\n\n\n<ul class=\"wp-block-list\">\n<li><a href=\"https:\/\/drive.google.com\/file\/d\/1sw3LQZT6uhxLzzulUn2DT0UT-0DSd5fE\/view?usp=sharing\" target=\"_blank\" rel=\"noreferrer noopener\">Plano Macrorregional Centro Norte 2022<\/a><\/li>\n\n\n\n<li><a href=\"https:\/\/drive.google.com\/file\/d\/1OdOfVepyRk99bZFQ_JNUdsQ5I-bvxx-J\/view?usp=sharing\" target=\"_blank\" rel=\"noreferrer noopener\">Plano Macrorregional Centro Oeste 2022<\/a><\/li>\n\n\n\n<li><a href=\"https:\/\/drive.google.com\/file\/d\/1A2HtkwOuwUYwxxFbqfUt9hDgabn3XvQ6\/view?usp=sharing\" target=\"_blank\" rel=\"noreferrer noopener\">Plano Macrorregional Centro Sudeste 2022<\/a><\/li>\n\n\n\n<li><a href=\"https:\/\/drive.google.com\/file\/d\/1abt3LJszWbbphzJmPtVXJwDBpM-WmAZk\/view?usp=sharing\" target=\"_blank\" rel=\"noreferrer noopener\">Plano Macrorregional Nordeste 2022<\/a><\/li>\n\n\n\n<li><a href=\"https:\/\/drive.google.com\/file\/d\/1r4zy5yi6QWim3KTKWfWJ3torIsat8bRu\/view?usp=sharing\" target=\"_blank\" rel=\"noreferrer noopener\">Plano Macrorregional Sudoeste 2022<\/a><\/li>\n<\/ul>\n\n\n\n<ol start=\"2\" class=\"wp-block-list\">\n<li><strong>Planos de A\u00e7\u00e3o para a Transforma\u00e7\u00e3o para a Sa\u00fade Digital<\/strong><\/li>\n<\/ol>\n\n\n\n<ul class=\"wp-block-list\">\n<li><a href=\"https:\/\/drive.google.com\/file\/d\/19Pyl0wiS-WDJnAstcIWGxHN09UWmyOXS\/view?usp=sharing\" target=\"_blank\" rel=\"noreferrer noopener\">Plano de A\u00e7\u00e3o para a Transforma\u00e7\u00e3o para a Sa\u00fade Digital &#8211; Macrorregi\u00e3o Centro Norte<\/a><\/li>\n\n\n\n<li><a href=\"https:\/\/drive.google.com\/file\/d\/1TuPKCukB2tbMYTdRYpjfSFE6tW94lTss\/view?usp=sharing\" target=\"_blank\" rel=\"noreferrer noopener\">Plano de A\u00e7\u00e3o para a Transforma\u00e7\u00e3o para a Sa\u00fade Digital &#8211; Macrorregi\u00e3o Centro Oeste<\/a><\/li>\n\n\n\n<li><a href=\"https:\/\/drive.google.com\/file\/d\/1VUwVz3c47i9BFae_s_X-FNmgKUzguoE_\/view?usp=sharing\" target=\"_blank\" rel=\"noreferrer noopener\">Plano de A\u00e7\u00e3o para a Transforma\u00e7\u00e3o para a Sa\u00fade Digital \u2013 Macrorregi\u00e3o Centro Sudeste<\/a><\/li>\n\n\n\n<li><a href=\"https:\/\/drive.google.com\/file\/d\/1j1PPUttB4DwbHFQ0XBKHNXEkngO8KHOQ\/view?usp=sharing\" target=\"_blank\" rel=\"noreferrer noopener\">Plano de A\u00e7\u00e3o para a Transforma\u00e7\u00e3o para a Sa\u00fade Digital &#8211; Macrorregi\u00e3o Nordeste<\/a><\/li>\n\n\n\n<li><a href=\"https:\/\/drive.google.com\/file\/d\/16QTdW7F-Z8L9mjSRqwcDNn5mRoZ9xTvu\/view?usp=sharing\" target=\"_blank\" rel=\"noreferrer noopener\">Plano de A\u00e7\u00e3o para a Transforma\u00e7\u00e3o para a Sa\u00fade Digital &#8211; Macrorregi\u00e3o Sudoeste<\/a><\/li>\n<\/ul>\n\n\n\n<ol start=\"3\" class=\"wp-block-list\">\n<li><\/li>\n<\/ol>\n\n\n\n<p><\/p>\n","protected":false},"excerpt":{"rendered":"","protected":false},"author":692,"featured_media":0,"comment_status":"closed","ping_status":"open","sticky":false,"template":"","format":"standard","meta":{"footnotes":""},"categories":[10],"tags":[],"class_list":["post-26947","post","type-post","status-publish","format-standard","hentry","category-page"],"rttpg_featured_image_url":null,"rttpg_author":{"display_name":"eltonminelli","author_link":"https:\/\/goias.gov.br\/saude\/author\/eltonminelli\/"},"rttpg_comment":0,"rttpg_category":"<a href=\"https:\/\/goias.gov.br\/saude\/categoria\/page\/\" rel=\"category tag\">Outras p\u00e1ginas<\/a>","rttpg_excerpt":null,"_links":{"self":[{"href":"https:\/\/goias.gov.br\/saude\/wp-json\/wp\/v2\/posts\/26947","targetHints":{"allow":["GET"]}}],"collection":[{"href":"https:\/\/goias.gov.br\/saude\/wp-json\/wp\/v2\/posts"}],"about":[{"href":"https:\/\/goias.gov.br\/saude\/wp-json\/wp\/v2\/types\/post"}],"author":[{"embeddable":true,"href":"https:\/\/goias.gov.br\/saude\/wp-json\/wp\/v2\/users\/692"}],"replies":[{"embeddable":true,"href":"https:\/\/goias.gov.br\/saude\/wp-json\/wp\/v2\/comments?post=26947"}],"version-history":[{"count":2,"href":"https:\/\/goias.gov.br\/saude\/wp-json\/wp\/v2\/posts\/26947\/revisions"}],"predecessor-version":[{"id":434061,"href":"https:\/\/goias.gov.br\/saude\/wp-json\/wp\/v2\/posts\/26947\/revisions\/434061"}],"wp:attachment":[{"href":"https:\/\/goias.gov.br\/saude\/wp-json\/wp\/v2\/media?parent=26947"}],"wp:term":[{"taxonomy":"category","embeddable":true,"href":"https:\/\/goias.gov.br\/saude\/wp-json\/wp\/v2\/categories?post=26947"},{"taxonomy":"post_tag","embeddable":true,"href":"https:\/\/goias.gov.br\/saude\/wp-json\/wp\/v2\/tags?post=26947"}],"curies":[{"name":"wp","href":"https:\/\/api.w.org\/{rel}","templated":true}]}}