

{"id":2680,"date":"2017-09-10T13:29:45","date_gmt":"2017-09-10T16:29:45","guid":{"rendered":"https:\/\/siteshom.goias.gov.br\/saude\/doe-sangue-em-setembro\/"},"modified":"2017-09-10T13:29:45","modified_gmt":"2017-09-10T16:29:45","slug":"doe-sangue-em-setembro","status":"publish","type":"post","link":"https:\/\/goias.gov.br\/saude\/doe-sangue-em-setembro\/","title":{"rendered":"Doe Sangue em setembro"},"content":{"rendered":"<p>A rede p\u00fablica de sa\u00fade \u00e9 mantida pelas doa\u00e7\u00f5es feitas ao Hemocentro, atendendo centenas de pacientes todos os meses.E para facilitar ainda mais a doa\u00e7\u00e3o, a unidade m\u00f3vel do Hemocentro anuncia\u00a0 as datas e locais onde vai estar no m\u00eas de setembro. A doa\u00e7\u00e3o \u00e9 um processo simples, r\u00e1pido e garante ao doador, todos os exames m\u00e9dicos realizados. Uma \u00fanica bolsa de sangue pode ajudar a salvar a vida de at\u00e9 quatro pacientes, que dependem do sangue ou derivados para sua recupera\u00e7\u00e3o.<\/p>\n<div class=\"tx cl\">\n<p><strong>Agenda Externa\/ Hemocentro<\/strong><\/p>\n<p>A unidade m\u00f3vel vai estar nos locais e endere\u00e7os abaixo, sempre das 08hs \u00e0s 16hs.<\/p>\n<p>Confira, divulgue\u00a0 e doe!<\/p>\n<p>Dia 11\/09: Goi\u00e2nia Regi\u00e3o Central &#8211; Est\u00e1dio Ol\u00edmpico na Avenida Tocantins Centro de Goi\u00e2nia<\/p>\n<p>Dias 13\/09 a 15\/09: Goi\u00e2nia Regi\u00e3o Sudeste &#8211; Centro de Conven\u00e7\u00f5es daPontif\u00edcia Universidade Cat\u00f3lica de Goi\u00e1s \u00a0C\u00e2mpus II &#8211;\u00a0<a href=\"https:\/\/maps.google.com\/?q=Avenida+Engler,+507+-+Jardim+Mariliza&amp;entry=gmail&amp;source=g\">Avenida Engler, 507 &#8211; Jardim Mariliza<\/a>,\u00a0durante o Congresso Internacional de Bombeiros<\/p>\n<p>Dias 15 e 16\/09: Pires do Rio \u2013 Pra\u00e7a Central da cidade<\/p>\n<p>Dia 19\/09: Goi\u00e2nia Regi\u00e3o Oeste &#8211; UniAnhanguera na\u00a0Av. Jo\u00e3o Candido de Oliveira, N\u00ba 115, Cidade Jardim<\/p>\n<p>Dias 26 e 27\/09: Palmeiras de Goi\u00e1s \u2013 Na sede da UEG de Palmeiras<\/p>\n<p>Dia 30\/09: Goi\u00e2nia Regi\u00e3o Leste \u2013 Col\u00e9gio Recanto do Saber &#8211; \u00a0Av. das Esmeraldas, q47, lt.09 \u00a0St. Recanto das Minas Gerais<\/p>\n<p>A unidade m\u00f3vel de coleta de sangue do Hemocentro de Goi\u00e1s \u00a0j\u00e1 tem agenda cheia em setembro. O Hemocentro convida a todos que est\u00e3o em boas condi\u00e7\u00f5es de sa\u00fade para se tornarem doadores fi\u00e9is do banco de sangue p\u00fablico do estado. Agora, com um painel no Conecta SUS divulgado na internet, qualquer pessoa pode conferir qual o tipo sangu\u00edneo em n\u00edvel mais cr\u00edtico na unidade e mobilizar pessoas para a doa\u00e7\u00e3o.\u00a0Basta acessar o link do Conecta Sus no portal da sa\u00fade<a href=\"https:\/\/goias.gov.br\/saude\/\" target=\"_blank\" rel=\"noopener noreferrer\" data-saferedirecturl=\"https:\/\/www.google.com\/url?hl=pt-BR&amp;q=https:\/\/www.https:\/\/goias.gov.br\/saude\/&amp;source=gmail&amp;ust=1504980315390000&amp;usg=AFQjCNGYm6ftHWIemlUWFjtFB12ZOc1Qmw\">www.saude.go.gov.br<\/a>\u00a0 no menu Indicadores de Sa\u00fade.<\/div><\/p>\n","protected":false},"excerpt":{"rendered":"<p>A rede p\u00fablica de sa\u00fade \u00e9 mantida pelas doa\u00e7\u00f5es feitas ao Hemocentro, atendendo centenas de pacientes todos os meses.E para facilitar ainda mais a doa\u00e7\u00e3o, a unidade m\u00f3vel do Hemocentro anuncia\u00a0 as datas e locais onde vai estar no m\u00eas de setembro. A doa\u00e7\u00e3o \u00e9 um processo simples, r\u00e1pido e garante ao doador, todos os [&hellip;]<\/p>\n","protected":false},"author":46,"featured_media":0,"comment_status":"closed","ping_status":"open","sticky":false,"template":"","format":"standard","meta":{"footnotes":""},"categories":[3],"tags":[],"class_list":["post-2680","post","type-post","status-publish","format-standard","hentry","category-noticias"],"rttpg_featured_image_url":null,"rttpg_author":{"display_name":"cleybetsls","author_link":"https:\/\/goias.gov.br\/saude\/author\/cleybetsls\/"},"rttpg_comment":0,"rttpg_category":"<a href=\"https:\/\/goias.gov.br\/saude\/categoria\/noticias\/\" rel=\"category tag\">Not\u00edcias<\/a>","rttpg_excerpt":"A rede p\u00fablica de sa\u00fade \u00e9 mantida pelas doa\u00e7\u00f5es feitas ao Hemocentro, atendendo centenas de pacientes todos os meses.E para facilitar ainda mais a doa\u00e7\u00e3o, a unidade m\u00f3vel do Hemocentro anuncia\u00a0 as datas e locais onde vai estar no m\u00eas de setembro. A doa\u00e7\u00e3o \u00e9 um processo simples, r\u00e1pido e garante ao doador, todos os&hellip;","_links":{"self":[{"href":"https:\/\/goias.gov.br\/saude\/wp-json\/wp\/v2\/posts\/2680","targetHints":{"allow":["GET"]}}],"collection":[{"href":"https:\/\/goias.gov.br\/saude\/wp-json\/wp\/v2\/posts"}],"about":[{"href":"https:\/\/goias.gov.br\/saude\/wp-json\/wp\/v2\/types\/post"}],"author":[{"embeddable":true,"href":"https:\/\/goias.gov.br\/saude\/wp-json\/wp\/v2\/users\/46"}],"replies":[{"embeddable":true,"href":"https:\/\/goias.gov.br\/saude\/wp-json\/wp\/v2\/comments?post=2680"}],"version-history":[{"count":0,"href":"https:\/\/goias.gov.br\/saude\/wp-json\/wp\/v2\/posts\/2680\/revisions"}],"wp:attachment":[{"href":"https:\/\/goias.gov.br\/saude\/wp-json\/wp\/v2\/media?parent=2680"}],"wp:term":[{"taxonomy":"category","embeddable":true,"href":"https:\/\/goias.gov.br\/saude\/wp-json\/wp\/v2\/categories?post=2680"},{"taxonomy":"post_tag","embeddable":true,"href":"https:\/\/goias.gov.br\/saude\/wp-json\/wp\/v2\/tags?post=2680"}],"curies":[{"name":"wp","href":"https:\/\/api.w.org\/{rel}","templated":true}]}}