

{"id":2649,"date":"2017-09-15T12:56:26","date_gmt":"2017-09-15T15:56:26","guid":{"rendered":"https:\/\/siteshom.goias.gov.br\/saude\/hdt-participa-da-campanha-nacional-de-conscientizacao-da-sepse\/"},"modified":"2017-09-15T12:56:26","modified_gmt":"2017-09-15T15:56:26","slug":"hdt-participa-da-campanha-nacional-de-conscientizacao-da-sepse","status":"publish","type":"post","link":"https:\/\/goias.gov.br\/saude\/hdt-participa-da-campanha-nacional-de-conscientizacao-da-sepse\/","title":{"rendered":"HDT participa da Campanha Nacional de Conscientiza\u00e7\u00e3o da Sepse"},"content":{"rendered":"<p>No dia 13 de setembro (quarta-feira), o Hospital de Doen\u00e7as Tropicais dr. Anuar Auad (HDT), participou ativamente da campanha nacional de conscientiza\u00e7\u00e3o em prol do Dia Mundial da Sepse que, em Goi\u00e2nia, foi realizado no Terminal Rodovi\u00e1rio de Goi\u00e2nia. A a\u00e7\u00e3o promovida em 17 cidades brasileiras pelo Instituto Latino Americano (ILAS), contou com a distribui\u00e7\u00e3o de panfletos e esclarecimento de d\u00favidas sobre a s\u00edndrome respons\u00e1vel por mais \u00f3bitos do que o c\u00e2ncer ou o infarto agudo do mioc\u00e1rdio. Em Goi\u00e2nia, as enfermeiras do HDT, Patr\u00edcia Lisboa e Sabrina Lima, foram as respons\u00e1veis por informar a popula\u00e7\u00e3o sobre a Sepse.<\/p>\n<div class=\"tx cl\">\n<p>O Instituto S\u00f3crates Guanaes (ISG) &#8211; Organiza\u00e7\u00e3o Social (OS) gestora do HDT, que tem como miss\u00e3o salvas vidas, se sensibilizou com a campanha e acredita que a\u00e7\u00f5es como esta s\u00e3o de extrema import\u00e2ncia para esclarecer a popula\u00e7\u00e3o e minimizar o problema da alta mortalidade pela sepse.<\/p>\n<p>De acordo com uma pesquisa do ILAS, realizada no primeiro trimestre de 2017 em 134 munic\u00edpios brasileiros, 86% dos entrevistados nunca tinham ouvido falar sobre a doen\u00e7a. A mesma realidade tamb\u00e9m foi constatada nas abordagens feitas pelas enfeimeiras na a\u00e7\u00e3o em Goi\u00e2nia. A dona de casa, Sebastiana Viana, que esperava por um \u00f4nibus na rodovi\u00e1ria, gostou da campanha. \u201cEu n\u00e3o tinha ideia do que era isso. \u00c0s vezes n\u00e3o damos muita import\u00e2ncia para uma dor de garganta ou infec\u00e7\u00e3o urin\u00e1ria. Com essas explica\u00e7\u00f5es, vou ficar mais atenta\u201d, salientou. O aposentado Jo\u00e3o Amaral, foi um dos poucos que j\u00e1 conhecia a s\u00edndrome. \u201dPude ver de perto muitos casos de infec\u00e7\u00e3o que evolu\u00edram para sepse, na regi\u00e3o da Amaz\u00f4nia. Por isso me cuido bastante, com 71 anos de idade, tenho uma sa\u00fade de ferro\u201d, afirmou o aposentado.<\/p>\n<p>Segundo a enfermeira e coordenadora da Unidade de Terapia Intensiva (UTI) adulta do HDT, Patr\u00edcia Lisboa, o diagn\u00f3stico precoce da sepse \u00e9 vital para salvar vidas. \u201cO reconhecimento precoce por parte dos profissionais de sa\u00fade \u00e9 muito importante, a chave para o tratamento adequado\u201d, destacou.<\/p>\n<\/div>\n","protected":false},"excerpt":{"rendered":"<p>No dia 13 de setembro (quarta-feira), o Hospital de Doen\u00e7as Tropicais dr. Anuar Auad (HDT), participou ativamente da campanha nacional de conscientiza\u00e7\u00e3o em prol do Dia Mundial da Sepse que, em Goi\u00e2nia, foi realizado no Terminal Rodovi\u00e1rio de Goi\u00e2nia. A a\u00e7\u00e3o promovida em 17 cidades brasileiras pelo Instituto Latino Americano (ILAS), contou com a distribui\u00e7\u00e3o [&hellip;]<\/p>\n","protected":false},"author":46,"featured_media":0,"comment_status":"closed","ping_status":"open","sticky":false,"template":"","format":"standard","meta":{"footnotes":""},"categories":[3],"tags":[],"class_list":["post-2649","post","type-post","status-publish","format-standard","hentry","category-noticias"],"rttpg_featured_image_url":null,"rttpg_author":{"display_name":"cleybetsls","author_link":"https:\/\/goias.gov.br\/saude\/author\/cleybetsls\/"},"rttpg_comment":0,"rttpg_category":"<a href=\"https:\/\/goias.gov.br\/saude\/categoria\/noticias\/\" rel=\"category tag\">Not\u00edcias<\/a>","rttpg_excerpt":"No dia 13 de setembro (quarta-feira), o Hospital de Doen\u00e7as Tropicais dr. Anuar Auad (HDT), participou ativamente da campanha nacional de conscientiza\u00e7\u00e3o em prol do Dia Mundial da Sepse que, em Goi\u00e2nia, foi realizado no Terminal Rodovi\u00e1rio de Goi\u00e2nia. A a\u00e7\u00e3o promovida em 17 cidades brasileiras pelo Instituto Latino Americano (ILAS), contou com a distribui\u00e7\u00e3o&hellip;","_links":{"self":[{"href":"https:\/\/goias.gov.br\/saude\/wp-json\/wp\/v2\/posts\/2649","targetHints":{"allow":["GET"]}}],"collection":[{"href":"https:\/\/goias.gov.br\/saude\/wp-json\/wp\/v2\/posts"}],"about":[{"href":"https:\/\/goias.gov.br\/saude\/wp-json\/wp\/v2\/types\/post"}],"author":[{"embeddable":true,"href":"https:\/\/goias.gov.br\/saude\/wp-json\/wp\/v2\/users\/46"}],"replies":[{"embeddable":true,"href":"https:\/\/goias.gov.br\/saude\/wp-json\/wp\/v2\/comments?post=2649"}],"version-history":[{"count":0,"href":"https:\/\/goias.gov.br\/saude\/wp-json\/wp\/v2\/posts\/2649\/revisions"}],"wp:attachment":[{"href":"https:\/\/goias.gov.br\/saude\/wp-json\/wp\/v2\/media?parent=2649"}],"wp:term":[{"taxonomy":"category","embeddable":true,"href":"https:\/\/goias.gov.br\/saude\/wp-json\/wp\/v2\/categories?post=2649"},{"taxonomy":"post_tag","embeddable":true,"href":"https:\/\/goias.gov.br\/saude\/wp-json\/wp\/v2\/tags?post=2649"}],"curies":[{"name":"wp","href":"https:\/\/api.w.org\/{rel}","templated":true}]}}