

{"id":2641,"date":"2017-09-18T12:47:49","date_gmt":"2017-09-18T15:47:49","guid":{"rendered":"https:\/\/siteshom.goias.gov.br\/saude\/hmi-celebra-setembro-amarelo\/"},"modified":"2017-09-18T12:47:49","modified_gmt":"2017-09-18T15:47:49","slug":"hmi-celebra-setembro-amarelo","status":"publish","type":"post","link":"https:\/\/goias.gov.br\/saude\/hmi-celebra-setembro-amarelo\/","title":{"rendered":"HMI celebra Setembro Amarelo"},"content":{"rendered":"<p>\u201cFalar \u00e9 a melhor solu\u00e7\u00e3o\u201d. Esse \u00e9 o slogan da campanha realizada no m\u00eas de setembro em prol da preven\u00e7\u00e3o e conscientiza\u00e7\u00e3o da popula\u00e7\u00e3o acerca do suic\u00eddio que, segundo o Centro de Valoriza\u00e7\u00e3o da Vida (CVV), \u00e9 respons\u00e1vel por 32 mortes de brasileiros por dia. Diante da necessidade de discutir a tem\u00e1tica, o Hospital Materno Infantil (HMI) promove amanh\u00e3, ter\u00e7a-feira (19 de setembro), \u00e0s 9h40min, uma mesa-redonda com o tema \u201cSuic\u00eddio, Psicopatologia e impactos em profissionais de sa\u00fade: a escuta de uma dor silenciada\u201d. O evento, organizado pelo setor de Psicologia da unidade, vai reunir profissionais da \u00e1rea de Psiquiatria, Filosofia e Psicologia, que v\u00e3o discutir sobre a import\u00e2ncia de cuidar dos profissionais que dedicam suas vidas para tratar de outras.<\/p>\n","protected":false},"excerpt":{"rendered":"<p>\u201cFalar \u00e9 a melhor solu\u00e7\u00e3o\u201d. Esse \u00e9 o slogan da campanha realizada no m\u00eas de setembro em prol da preven\u00e7\u00e3o e conscientiza\u00e7\u00e3o da popula\u00e7\u00e3o acerca do suic\u00eddio que, segundo o Centro de Valoriza\u00e7\u00e3o da Vida (CVV), \u00e9 respons\u00e1vel por 32 mortes de brasileiros por dia. Diante da necessidade de discutir a tem\u00e1tica, o Hospital Materno [&hellip;]<\/p>\n","protected":false},"author":46,"featured_media":0,"comment_status":"closed","ping_status":"open","sticky":false,"template":"","format":"standard","meta":{"footnotes":""},"categories":[3],"tags":[],"class_list":["post-2641","post","type-post","status-publish","format-standard","hentry","category-noticias"],"rttpg_featured_image_url":null,"rttpg_author":{"display_name":"cleybetsls","author_link":"https:\/\/goias.gov.br\/saude\/author\/cleybetsls\/"},"rttpg_comment":0,"rttpg_category":"<a href=\"https:\/\/goias.gov.br\/saude\/categoria\/noticias\/\" rel=\"category tag\">Not\u00edcias<\/a>","rttpg_excerpt":"\u201cFalar \u00e9 a melhor solu\u00e7\u00e3o\u201d. Esse \u00e9 o slogan da campanha realizada no m\u00eas de setembro em prol da preven\u00e7\u00e3o e conscientiza\u00e7\u00e3o da popula\u00e7\u00e3o acerca do suic\u00eddio que, segundo o Centro de Valoriza\u00e7\u00e3o da Vida (CVV), \u00e9 respons\u00e1vel por 32 mortes de brasileiros por dia. Diante da necessidade de discutir a tem\u00e1tica, o Hospital Materno&hellip;","_links":{"self":[{"href":"https:\/\/goias.gov.br\/saude\/wp-json\/wp\/v2\/posts\/2641","targetHints":{"allow":["GET"]}}],"collection":[{"href":"https:\/\/goias.gov.br\/saude\/wp-json\/wp\/v2\/posts"}],"about":[{"href":"https:\/\/goias.gov.br\/saude\/wp-json\/wp\/v2\/types\/post"}],"author":[{"embeddable":true,"href":"https:\/\/goias.gov.br\/saude\/wp-json\/wp\/v2\/users\/46"}],"replies":[{"embeddable":true,"href":"https:\/\/goias.gov.br\/saude\/wp-json\/wp\/v2\/comments?post=2641"}],"version-history":[{"count":0,"href":"https:\/\/goias.gov.br\/saude\/wp-json\/wp\/v2\/posts\/2641\/revisions"}],"wp:attachment":[{"href":"https:\/\/goias.gov.br\/saude\/wp-json\/wp\/v2\/media?parent=2641"}],"wp:term":[{"taxonomy":"category","embeddable":true,"href":"https:\/\/goias.gov.br\/saude\/wp-json\/wp\/v2\/categories?post=2641"},{"taxonomy":"post_tag","embeddable":true,"href":"https:\/\/goias.gov.br\/saude\/wp-json\/wp\/v2\/tags?post=2641"}],"curies":[{"name":"wp","href":"https:\/\/api.w.org\/{rel}","templated":true}]}}