

{"id":2638,"date":"2017-09-18T12:50:14","date_gmt":"2017-09-18T15:50:14","guid":{"rendered":"https:\/\/siteshom.goias.gov.br\/saude\/saude-discute-prevencao-de-suicidio-indigena\/"},"modified":"2017-09-18T12:50:14","modified_gmt":"2017-09-18T15:50:14","slug":"saude-discute-prevencao-de-suicidio-indigena","status":"publish","type":"post","link":"https:\/\/goias.gov.br\/saude\/saude-discute-prevencao-de-suicidio-indigena\/","title":{"rendered":"Sa\u00fade discute preven\u00e7\u00e3o de suic\u00eddio ind\u00edgena"},"content":{"rendered":"<p><h4><\/h4>\n<\/p>\n<div class=\"tx cl\">\n<p>Coordenam a roda de conversa, a assistente social Shirlaine Valeriano e a psic\u00f3loga Milena Nunes da coordena\u00e7\u00e3o de promo\u00e7\u00e3o da equidade em sa\u00fade, que faz parte da ger\u00eancia de programas especiais da Superintend\u00eancia de Pol\u00edticas de Aten\u00e7\u00e3o Integral \u00e0 Sa\u00fade (SPAIS). \u201cApesar de altos, os \u00edndices de suic\u00eddios entre os povos ind\u00edgenas n\u00e3o s\u00e3o generalizados para todas as etnias. A Casa do \u00cdndio em Goi\u00e2nia atende os ind\u00edgenas de etnia Caraj\u00e1s, entre os quais se encontram os maiores \u00edndices de suic\u00eddio, principalmente, na faixa et\u00e1ria jovem\u201d, avalia Milena.<\/p>\n<p>A preven\u00e7\u00e3o do suic\u00eddio entre os povos ind\u00edgenas \u00e9 tema de roda de conversa promovida pela coordena\u00e7\u00e3o de promo\u00e7\u00e3o da equidade em sa\u00fade da Secretaria de Estado da Sa\u00fade de Goi\u00e1s (SES-GO), na Casa de Sa\u00fade do \u00cdndio de Goi\u00e2nia (CASAI), no dia 22 de setembro, \u00e0s 14h. O encontro \u00e9 voltado para povos ind\u00edgenas e equipe de profissionais da CASAI, que est\u00e1 localizada na avenida Planalto, quadra A1, lote 11\/12, Jardim Bela Vista.<\/p><\/div><\/p>\n","protected":false},"excerpt":{"rendered":"<p>Coordenam a roda de conversa, a assistente social Shirlaine Valeriano e a psic\u00f3loga Milena Nunes da coordena\u00e7\u00e3o de promo\u00e7\u00e3o da equidade em sa\u00fade, que faz parte da ger\u00eancia de programas especiais da Superintend\u00eancia de Pol\u00edticas de Aten\u00e7\u00e3o Integral \u00e0 Sa\u00fade (SPAIS). \u201cApesar de altos, os \u00edndices de suic\u00eddios entre os povos ind\u00edgenas n\u00e3o s\u00e3o generalizados [&hellip;]<\/p>\n","protected":false},"author":46,"featured_media":0,"comment_status":"closed","ping_status":"open","sticky":false,"template":"","format":"standard","meta":{"footnotes":""},"categories":[3],"tags":[],"class_list":["post-2638","post","type-post","status-publish","format-standard","hentry","category-noticias"],"rttpg_featured_image_url":null,"rttpg_author":{"display_name":"cleybetsls","author_link":"https:\/\/goias.gov.br\/saude\/author\/cleybetsls\/"},"rttpg_comment":0,"rttpg_category":"<a href=\"https:\/\/goias.gov.br\/saude\/categoria\/noticias\/\" rel=\"category tag\">Not\u00edcias<\/a>","rttpg_excerpt":"Coordenam a roda de conversa, a assistente social Shirlaine Valeriano e a psic\u00f3loga Milena Nunes da coordena\u00e7\u00e3o de promo\u00e7\u00e3o da equidade em sa\u00fade, que faz parte da ger\u00eancia de programas especiais da Superintend\u00eancia de Pol\u00edticas de Aten\u00e7\u00e3o Integral \u00e0 Sa\u00fade (SPAIS). \u201cApesar de altos, os \u00edndices de suic\u00eddios entre os povos ind\u00edgenas n\u00e3o s\u00e3o generalizados&hellip;","_links":{"self":[{"href":"https:\/\/goias.gov.br\/saude\/wp-json\/wp\/v2\/posts\/2638","targetHints":{"allow":["GET"]}}],"collection":[{"href":"https:\/\/goias.gov.br\/saude\/wp-json\/wp\/v2\/posts"}],"about":[{"href":"https:\/\/goias.gov.br\/saude\/wp-json\/wp\/v2\/types\/post"}],"author":[{"embeddable":true,"href":"https:\/\/goias.gov.br\/saude\/wp-json\/wp\/v2\/users\/46"}],"replies":[{"embeddable":true,"href":"https:\/\/goias.gov.br\/saude\/wp-json\/wp\/v2\/comments?post=2638"}],"version-history":[{"count":0,"href":"https:\/\/goias.gov.br\/saude\/wp-json\/wp\/v2\/posts\/2638\/revisions"}],"wp:attachment":[{"href":"https:\/\/goias.gov.br\/saude\/wp-json\/wp\/v2\/media?parent=2638"}],"wp:term":[{"taxonomy":"category","embeddable":true,"href":"https:\/\/goias.gov.br\/saude\/wp-json\/wp\/v2\/categories?post=2638"},{"taxonomy":"post_tag","embeddable":true,"href":"https:\/\/goias.gov.br\/saude\/wp-json\/wp\/v2\/tags?post=2638"}],"curies":[{"name":"wp","href":"https:\/\/api.w.org\/{rel}","templated":true}]}}