

{"id":2605,"date":"2017-09-26T07:00:00","date_gmt":"2017-09-26T10:00:00","guid":{"rendered":"https:\/\/siteshom.goias.gov.br\/saude\/conecta-sus-recebe-comitiva-do-ministerio-da-defesa\/"},"modified":"2017-09-26T07:00:00","modified_gmt":"2017-09-26T10:00:00","slug":"conecta-sus-recebe-comitiva-do-ministerio-da-defesa","status":"publish","type":"post","link":"https:\/\/goias.gov.br\/saude\/conecta-sus-recebe-comitiva-do-ministerio-da-defesa\/","title":{"rendered":"Conecta SUS recebe comitiva do Minist\u00e9rio da Defesa"},"content":{"rendered":"<p>O Centro de Informa\u00e7\u00f5es e Decis\u00f5es Estrat\u00e9gicas em Sa\u00fade \u2013 Conecta SUS Zilda Arns Neumann recebe visita do Comando de Opera\u00e7\u00f5es Especiais do Ex\u00e9rcito Brasileiro, do Minist\u00e9rio da Defesa (MD), nesta quarta-feira, 27 de setembro, das 9h \u00e0s 13h. Integra a comitiva, o chefe do Departamento-Geral do Pessoal (DGP), General de Ex\u00e9rcito Manoel Luiz Narvaz Pafiadache.<\/p>\n<p>O general busca em Goi\u00e1s boas pr\u00e1ticas na \u00e1rea de sa\u00fade, al\u00e9m de divulgar a nova realidade do sistema de sa\u00fade assistencial do Ex\u00e9rcito. O Conecta SUS faz parte do projeto da Secretaria de Estado da Sa\u00fade de Goi\u00e1s (SES-GO) que permite a concentra\u00e7\u00e3o de informa\u00e7\u00f5es estrat\u00e9gicas para a gest\u00e3o do SUS por compila\u00e7\u00e3o, monitoramento e an\u00e1lise dos indicadores de sa\u00fade, fomentando discuss\u00f5es internas e externas com os diversos parceiros e setores institucionais.<\/p>\n","protected":false},"excerpt":{"rendered":"<p>O Centro de Informa\u00e7\u00f5es e Decis\u00f5es Estrat\u00e9gicas em Sa\u00fade \u2013 Conecta SUS Zilda Arns Neumann recebe visita do Comando de Opera\u00e7\u00f5es Especiais do Ex\u00e9rcito Brasileiro, do Minist\u00e9rio da Defesa (MD), nesta quarta-feira, 27 de setembro, das 9h \u00e0s 13h. Integra a comitiva, o chefe do Departamento-Geral do Pessoal (DGP), General de Ex\u00e9rcito Manoel Luiz Narvaz [&hellip;]<\/p>\n","protected":false},"author":46,"featured_media":0,"comment_status":"closed","ping_status":"open","sticky":false,"template":"","format":"standard","meta":{"footnotes":""},"categories":[3],"tags":[],"class_list":["post-2605","post","type-post","status-publish","format-standard","hentry","category-noticias"],"rttpg_featured_image_url":null,"rttpg_author":{"display_name":"cleybetsls","author_link":"https:\/\/goias.gov.br\/saude\/author\/cleybetsls\/"},"rttpg_comment":0,"rttpg_category":"<a href=\"https:\/\/goias.gov.br\/saude\/categoria\/noticias\/\" rel=\"category tag\">Not\u00edcias<\/a>","rttpg_excerpt":"O Centro de Informa\u00e7\u00f5es e Decis\u00f5es Estrat\u00e9gicas em Sa\u00fade \u2013 Conecta SUS Zilda Arns Neumann recebe visita do Comando de Opera\u00e7\u00f5es Especiais do Ex\u00e9rcito Brasileiro, do Minist\u00e9rio da Defesa (MD), nesta quarta-feira, 27 de setembro, das 9h \u00e0s 13h. Integra a comitiva, o chefe do Departamento-Geral do Pessoal (DGP), General de Ex\u00e9rcito Manoel Luiz Narvaz&hellip;","_links":{"self":[{"href":"https:\/\/goias.gov.br\/saude\/wp-json\/wp\/v2\/posts\/2605","targetHints":{"allow":["GET"]}}],"collection":[{"href":"https:\/\/goias.gov.br\/saude\/wp-json\/wp\/v2\/posts"}],"about":[{"href":"https:\/\/goias.gov.br\/saude\/wp-json\/wp\/v2\/types\/post"}],"author":[{"embeddable":true,"href":"https:\/\/goias.gov.br\/saude\/wp-json\/wp\/v2\/users\/46"}],"replies":[{"embeddable":true,"href":"https:\/\/goias.gov.br\/saude\/wp-json\/wp\/v2\/comments?post=2605"}],"version-history":[{"count":0,"href":"https:\/\/goias.gov.br\/saude\/wp-json\/wp\/v2\/posts\/2605\/revisions"}],"wp:attachment":[{"href":"https:\/\/goias.gov.br\/saude\/wp-json\/wp\/v2\/media?parent=2605"}],"wp:term":[{"taxonomy":"category","embeddable":true,"href":"https:\/\/goias.gov.br\/saude\/wp-json\/wp\/v2\/categories?post=2605"},{"taxonomy":"post_tag","embeddable":true,"href":"https:\/\/goias.gov.br\/saude\/wp-json\/wp\/v2\/tags?post=2605"}],"curies":[{"name":"wp","href":"https:\/\/api.w.org\/{rel}","templated":true}]}}