

{"id":2604,"date":"2017-09-26T14:14:49","date_gmt":"2017-09-26T17:14:49","guid":{"rendered":"https:\/\/siteshom.goias.gov.br\/saude\/huana-comemora-o-setembro-verde\/"},"modified":"2017-09-26T14:14:49","modified_gmt":"2017-09-26T17:14:49","slug":"huana-comemora-o-setembro-verde","status":"publish","type":"post","link":"https:\/\/goias.gov.br\/saude\/huana-comemora-o-setembro-verde\/","title":{"rendered":"Huana comemora o Setembro Verde"},"content":{"rendered":"<p>De acordo com Aline Avila, Coordenadora de Eventos e Educa\u00e7\u00e3o Continuada da Central de Transplantes de Goi\u00e1s, a\u00e7\u00f5es s\u00e3o realizadas durante todo o ano, mas, enfatizadas no m\u00eas de setembro, onde v\u00e1rias institui\u00e7\u00f5es em todo o pa\u00eds realizam a\u00e7\u00f5es de incentivo \u00e0 doa\u00e7\u00e3o de \u00f3rg\u00e3os e tecidos. \u201cO transplante de \u00f3rg\u00e3os s\u00f3 ocorre com a doa\u00e7\u00e3o, por isso a import\u00e2ncia as campanhas e da participa\u00e7\u00e3o da popula\u00e7\u00e3o. Aqui em Goi\u00e1s, precisamos diminuir nosso \u00edndice de nega\u00e7\u00e3o familiar, que chega a 66%, mais que m\u00e9dia nacional que \u00e9 de 40%. E o grande motivo \u00e9 a falta de informa\u00e7\u00e3o. Por isso, nossa exposi\u00e7\u00e3o est\u00e1 visitando institui\u00e7\u00f5es em todo o estado, para divulgar que o transplante \u00e9 importante porque melhora a qualidade de vida dos pacientes e salva vidas, talvez ele seja \u00faltima alternativa de tratamento em muitos pacientes com doen\u00e7as terminais\u201d, explicou.<\/p>\n<div class=\"tx cl\">\n<p>Durante a palestra aos colaboradores, a enfermeira e Coordenadora de Capta\u00e7\u00e3o de \u00d3rg\u00e3os e tecidos da Central de Transplantes de Goi\u00e1s, Katiuscia Freitas, esclareceu questionamentos sobre transplantes, \u201cAinda h\u00e1 muitas d\u00favidas, principalmente em rela\u00e7\u00e3o ao diagn\u00f3stico de morte encef\u00e1lica pelos familiares. Muita gente acha que se o cora\u00e7\u00e3o continua batendo, se o paciente ainda est\u00e1 aquecido ele ainda est\u00e1 vivo. E o papel dos profissionais de sa\u00fade \u00e9 esclarecer, conscientizar e acolher a popula\u00e7\u00e3o e familiares de que a doa\u00e7\u00e3o de \u00f3rg\u00e3os \u00e9 um ato de amor e pode salvar a vida de muitas pessoas\u201d, ressaltou.<\/p>\n<p>O Diretor Administrativo do HUAna, Reginaldo Biffe, ressaltou a import\u00e2ncia da ades\u00e3o do hospital no movimento, \u201cResolvemos aproveitar a campanha nacional, para aderir e chamar a aten\u00e7\u00e3o da popula\u00e7\u00e3o neste ato de solidariedade. Aqui no HUAna, desde 2016, possu\u00edmos uma Comiss\u00e3o Intra-Hospitalar de Doa\u00e7\u00e3o de \u00d3rg\u00e3os e Tecidos Para Transplantes (CIHDOTT), que atua em sintonia com a Central de Transplantes de Goi\u00e1s. Desde a cria\u00e7\u00e3o, j\u00e1 foram realizadas 6 capta\u00e7\u00f5es de m\u00faltiplos \u00f3rg\u00e3os e 12 c\u00f3rneas, e, queremos aumentar esses dados, por isso estamos capacitando nossos colaboradores sobre a import\u00e2ncia da doa\u00e7\u00e3o de \u00f3rg\u00e3os, pois eles s\u00e3o difusores dessas informa\u00e7\u00f5es passando isso a seus isso a seus familiares, amigos, vizinhos\u201d, frisou.<\/p>\n<p>Al\u00e9m dessas a\u00e7\u00f5es realizadas, a fachada do Hospital est\u00e1 iluminada na cor verde e os colaboradores est\u00e3o usando em seus crach\u00e1s la\u00e7o de fita verde, s\u00edmbolo desse tipo de doa\u00e7\u00e3o em todo o mundo. E n\u00e3o se esque\u00e7am, para ser um doador de \u00f3rg\u00e3os e tecidos, basta avisar sua fam\u00edlia o seu desejo de ser um doador que, provavelmente, ele ser\u00e1 atendido. Doe \u00f3rg\u00e3os, doe vida!<\/p>\n<p>O Hospital de Urg\u00eancias de An\u00e1polis Dr. Henrique Santillo (Huana), aderiu ao Setembro Verde, da Central Estadual de Transplantes e promoveu a\u00e7\u00f5es com o objetivo de conscientizar a popula\u00e7\u00e3o sobre a import\u00e2ncia da doa\u00e7\u00e3o de \u00f3rg\u00e3os. Uma exposi\u00e7\u00e3o fotogr\u00e1fica, aberta ao p\u00fablico, com o tema \u201cDoar o melhor de S\u00ed\u201d, sobre pessoas que doaram ou que esperam por um \u00f3rg\u00e3o, foi montada e, aos colaboradores, promovida uma capacita\u00e7\u00e3o com o tema: &#8220;notifica\u00e7\u00e3o de morte encef\u00e1lica, manuten\u00e7\u00e3o e valida\u00e7\u00e3o do potencial doador&#8221;, com a Coordenadora de Capta\u00e7\u00e3o de \u00d3rg\u00e3os e tecidos da Central de Transplantes de Goi\u00e1s, Katiuscia Freitas, que tirou d\u00favidas e incentivo para que mais pessoas se declarem doadoras.<\/p>\n<\/div>\n","protected":false},"excerpt":{"rendered":"<p>De acordo com Aline Avila, Coordenadora de Eventos e Educa\u00e7\u00e3o Continuada da Central de Transplantes de Goi\u00e1s, a\u00e7\u00f5es s\u00e3o realizadas durante todo o ano, mas, enfatizadas no m\u00eas de setembro, onde v\u00e1rias institui\u00e7\u00f5es em todo o pa\u00eds realizam a\u00e7\u00f5es de incentivo \u00e0 doa\u00e7\u00e3o de \u00f3rg\u00e3os e tecidos. \u201cO transplante de \u00f3rg\u00e3os s\u00f3 ocorre com a [&hellip;]<\/p>\n","protected":false},"author":46,"featured_media":0,"comment_status":"closed","ping_status":"open","sticky":false,"template":"","format":"standard","meta":{"footnotes":""},"categories":[3],"tags":[],"class_list":["post-2604","post","type-post","status-publish","format-standard","hentry","category-noticias"],"rttpg_featured_image_url":null,"rttpg_author":{"display_name":"cleybetsls","author_link":"https:\/\/goias.gov.br\/saude\/author\/cleybetsls\/"},"rttpg_comment":0,"rttpg_category":"<a href=\"https:\/\/goias.gov.br\/saude\/categoria\/noticias\/\" rel=\"category tag\">Not\u00edcias<\/a>","rttpg_excerpt":"De acordo com Aline Avila, Coordenadora de Eventos e Educa\u00e7\u00e3o Continuada da Central de Transplantes de Goi\u00e1s, a\u00e7\u00f5es s\u00e3o realizadas durante todo o ano, mas, enfatizadas no m\u00eas de setembro, onde v\u00e1rias institui\u00e7\u00f5es em todo o pa\u00eds realizam a\u00e7\u00f5es de incentivo \u00e0 doa\u00e7\u00e3o de \u00f3rg\u00e3os e tecidos. \u201cO transplante de \u00f3rg\u00e3os s\u00f3 ocorre com a&hellip;","_links":{"self":[{"href":"https:\/\/goias.gov.br\/saude\/wp-json\/wp\/v2\/posts\/2604","targetHints":{"allow":["GET"]}}],"collection":[{"href":"https:\/\/goias.gov.br\/saude\/wp-json\/wp\/v2\/posts"}],"about":[{"href":"https:\/\/goias.gov.br\/saude\/wp-json\/wp\/v2\/types\/post"}],"author":[{"embeddable":true,"href":"https:\/\/goias.gov.br\/saude\/wp-json\/wp\/v2\/users\/46"}],"replies":[{"embeddable":true,"href":"https:\/\/goias.gov.br\/saude\/wp-json\/wp\/v2\/comments?post=2604"}],"version-history":[{"count":0,"href":"https:\/\/goias.gov.br\/saude\/wp-json\/wp\/v2\/posts\/2604\/revisions"}],"wp:attachment":[{"href":"https:\/\/goias.gov.br\/saude\/wp-json\/wp\/v2\/media?parent=2604"}],"wp:term":[{"taxonomy":"category","embeddable":true,"href":"https:\/\/goias.gov.br\/saude\/wp-json\/wp\/v2\/categories?post=2604"},{"taxonomy":"post_tag","embeddable":true,"href":"https:\/\/goias.gov.br\/saude\/wp-json\/wp\/v2\/tags?post=2604"}],"curies":[{"name":"wp","href":"https:\/\/api.w.org\/{rel}","templated":true}]}}