

{"id":2547,"date":"2017-10-04T14:24:49","date_gmt":"2017-10-04T17:24:49","guid":{"rendered":"https:\/\/siteshom.goias.gov.br\/saude\/caem-casos-de-catapora-em-goias\/"},"modified":"2017-10-04T14:24:49","modified_gmt":"2017-10-04T17:24:49","slug":"caem-casos-de-catapora-em-goias","status":"publish","type":"post","link":"https:\/\/goias.gov.br\/saude\/caem-casos-de-catapora-em-goias\/","title":{"rendered":"Caem casos de catapora em Goi\u00e1s"},"content":{"rendered":"<p><h6><em style=\"font-size: 16px;\">Vacina\u00e7\u00e3o \u00e9 essencial para controle da doen\u00e7a, que aumenta na primavera<\/em><\/h6>\n<\/p>\n<div class=\"tx cl\">\n<p>A catapora, cientificamente chamada varicela, \u00e9 uma infec\u00e7\u00e3o viral prim\u00e1ria, aguda, altamente contagiosa, caracterizada por surgimento das famosas \u201cpintas vermelhas\u201d na pele em geral, de 3 a 4 dias ap\u00f3s o cont\u00e1gio. Pode ocorrer febre moderada e outros sintomas como dor de cabe\u00e7a e indisposi\u00e7\u00e3o.<\/p>\n<p>A doen\u00e7a possui car\u00e1ter sazonal, sendo que a maior incid\u00eancia ocorre no final do inverno e in\u00edcio da primavera. Em crian\u00e7as, geralmente, evolui de forma benigna, podendo ser adquirida em qualquer idade, por\u00e9m \u00e9 rara nos primeiros meses de vida (a menos que a m\u00e3e n\u00e3o tenha tido a doen\u00e7a). J\u00e1 em adolescentes e adultos, o quadro cl\u00ednico tende a apresentar maior gravidade.<\/p>\n<p>Somente a notifica\u00e7\u00e3o dos surtos de varicela \u00e9 preconizada pelo Minist\u00e9rio da Sa\u00fade. Mas em Goi\u00e1s, a Portaria n\u00ba74, de 13 de maio de 2005, torna obrigat\u00f3ria a notifica\u00e7\u00e3o de todos os casos suspeitos. Nos \u00faltimos cinco anos foram notificados 20.335 casos de varicela, sem ocorr\u00eancia de \u00f3bitos. Em 2017, at\u00e9 30 de setembro foram notificados 1.439 casos de varicela, e considerando o mesmo per\u00edodo em 2016, constata-se uma redu\u00e7\u00e3o de 28,2% no n\u00famero de casos.<\/p>\n<p>O per\u00edodo de redu\u00e7\u00e3o dos casos em Goi\u00e1s corresponde ao per\u00edodo de implanta\u00e7\u00e3o da vacina tetra valente. A partir de 2013, o Minist\u00e9rio da Sa\u00fade a vacina tetra viral (sarampo\/rub\u00e9ola\/caxumba\/varicela) no calend\u00e1rio b\u00e1sico de vacina\u00e7\u00e3o, dispon\u00edvel em toda a rede b\u00e1sica de sa\u00fade p\u00fablica, para crian\u00e7as at\u00e9 15 meses. Em 2017 esta faixa et\u00e1ria foi estendida para 4 anos de idade, que tenham sido imunizadas com a 1\u00aa dose de tr\u00edplice viral (sarampo\/rub\u00e9ola\/ caxumba).<\/p>\n<p>Os dados demonstram a import\u00e2ncia da vacina\u00e7\u00e3o. A imunidade \u00e9 conferida, em pessoas saud\u00e1veis, a partir de 10 dias da vacina\u00e7\u00e3o. Por ser composta por v\u00edrus vivo atenuado, a vacina \u00e9 contra indicada para pessoas com hipersensibilidade conhecida a neomicina ou qualquer outro componente da vacina ou que tenham manifestado sinais de hipersensibilidade ap\u00f3s administra\u00e7\u00e3o das vacinas sarampo, caxumba, rub\u00e9ola e ou varicela; com imunodefici\u00eancias prim\u00e1rias ou secund\u00e1rias; crian\u00e7as menores de 6 meses e gestantes.<\/p>\n<p><strong>Surtos em hospitais<\/strong>\u00a0&#8211; Em caso de surto em institui\u00e7\u00f5es hospitalares, a vacina est\u00e1 indicada nas pessoas que tiveram contato com algu\u00e9m infectado (que portanto, estejam suscet\u00edveis) imunocompetentes maiores de 9 meses de idade, at\u00e9 120 horas (cinco dias) ap\u00f3s o contato.<\/p>\n<p>Vale refor\u00e7ar que em pa\u00edses que adotaram esquema de uma dose contra varicela (semelhante ao do Brasil) houve queda acentuada do n\u00famero total de casos da doen\u00e7a, de hospitaliza\u00e7\u00f5es e de \u00f3bitos a ela relacionados em todas as faixas et\u00e1rias.<\/p>\n<\/div>\n","protected":false},"excerpt":{"rendered":"<p>Vacina\u00e7\u00e3o \u00e9 essencial para controle da doen\u00e7a, que aumenta na primavera A catapora, cientificamente chamada varicela, \u00e9 uma infec\u00e7\u00e3o viral prim\u00e1ria, aguda, altamente contagiosa, caracterizada por surgimento das famosas \u201cpintas vermelhas\u201d na pele em geral, de 3 a 4 dias ap\u00f3s o cont\u00e1gio. Pode ocorrer febre moderada e outros sintomas como dor de cabe\u00e7a e [&hellip;]<\/p>\n","protected":false},"author":46,"featured_media":0,"comment_status":"closed","ping_status":"open","sticky":false,"template":"","format":"standard","meta":{"footnotes":""},"categories":[3],"tags":[],"class_list":["post-2547","post","type-post","status-publish","format-standard","hentry","category-noticias"],"rttpg_featured_image_url":null,"rttpg_author":{"display_name":"cleybetsls","author_link":"https:\/\/goias.gov.br\/saude\/author\/cleybetsls\/"},"rttpg_comment":0,"rttpg_category":"<a href=\"https:\/\/goias.gov.br\/saude\/categoria\/noticias\/\" rel=\"category tag\">Not\u00edcias<\/a>","rttpg_excerpt":"Vacina\u00e7\u00e3o \u00e9 essencial para controle da doen\u00e7a, que aumenta na primavera A catapora, cientificamente chamada varicela, \u00e9 uma infec\u00e7\u00e3o viral prim\u00e1ria, aguda, altamente contagiosa, caracterizada por surgimento das famosas \u201cpintas vermelhas\u201d na pele em geral, de 3 a 4 dias ap\u00f3s o cont\u00e1gio. Pode ocorrer febre moderada e outros sintomas como dor de cabe\u00e7a e&hellip;","_links":{"self":[{"href":"https:\/\/goias.gov.br\/saude\/wp-json\/wp\/v2\/posts\/2547","targetHints":{"allow":["GET"]}}],"collection":[{"href":"https:\/\/goias.gov.br\/saude\/wp-json\/wp\/v2\/posts"}],"about":[{"href":"https:\/\/goias.gov.br\/saude\/wp-json\/wp\/v2\/types\/post"}],"author":[{"embeddable":true,"href":"https:\/\/goias.gov.br\/saude\/wp-json\/wp\/v2\/users\/46"}],"replies":[{"embeddable":true,"href":"https:\/\/goias.gov.br\/saude\/wp-json\/wp\/v2\/comments?post=2547"}],"version-history":[{"count":0,"href":"https:\/\/goias.gov.br\/saude\/wp-json\/wp\/v2\/posts\/2547\/revisions"}],"wp:attachment":[{"href":"https:\/\/goias.gov.br\/saude\/wp-json\/wp\/v2\/media?parent=2547"}],"wp:term":[{"taxonomy":"category","embeddable":true,"href":"https:\/\/goias.gov.br\/saude\/wp-json\/wp\/v2\/categories?post=2547"},{"taxonomy":"post_tag","embeddable":true,"href":"https:\/\/goias.gov.br\/saude\/wp-json\/wp\/v2\/tags?post=2547"}],"curies":[{"name":"wp","href":"https:\/\/api.w.org\/{rel}","templated":true}]}}