

{"id":2501,"date":"2017-10-16T15:38:31","date_gmt":"2017-10-16T17:38:31","guid":{"rendered":"https:\/\/siteshom.goias.gov.br\/saude\/sestsus-oferece-curso-projeto-vida-no-transito\/"},"modified":"2017-10-16T15:38:31","modified_gmt":"2017-10-16T17:38:31","slug":"sestsus-oferece-curso-projeto-vida-no-transito","status":"publish","type":"post","link":"https:\/\/goias.gov.br\/saude\/sestsus-oferece-curso-projeto-vida-no-transito\/","title":{"rendered":"Sest\/SUS oferece curso Projeto Vida no Tr\u00e2nsito"},"content":{"rendered":"<p>J\u00e1 est\u00e3o abertas entre os dias 16 de outubro at\u00e9 20 de novembro as inscri\u00e7\u00f5es para o Curso de Aperfei\u00e7oamento para Implanta\u00e7\u00e3o e Execu\u00e7\u00e3o do Projeto Vida no Tr\u00e2nsito (PVT) nos munic\u00edpios priorit\u00e1rios do Observat\u00f3rio de Mobilidade e Sa\u00fade Humanas de Goi\u00e1s (OMSH).<br \/>\n<!--more--><\/p>\n<p><span style=\"font-family: Arial, sans-serif;\">J\u00e1 est\u00e3o abertas entre os dias 16 de outubro at\u00e9 20 de novembro as inscri\u00e7\u00f5es para o Curso de Aperfei\u00e7oamento para Implanta\u00e7\u00e3o e Execu\u00e7\u00e3o do Projeto Vida no Tr\u00e2nsito (PVT) nos munic\u00edpios priorit\u00e1rios do Observat\u00f3rio de Mobilidade e Sa\u00fade Humanas de Goi\u00e1s (OMSH). Podem participar profissionais com v\u00ednculo no SUS e de outras institui\u00e7\u00f5es estaduais ou municipais, al\u00e9m de trabalhadores ligados \u00e0 Universidade Estadual de Goi\u00e1s (UEG), Departamento de Tr\u00e2nsito (Detran), Secretarias Municipais de Tr\u00e2nsito, Seguran\u00e7a P\u00fablica, SAMU, Corpo de Bombeiros e membros do Conselho de Controle Social . As inscri\u00e7\u00f5es devem ser feitas pelo s\u00edtio eletr\u00f4nico do formsus\u00a0no item\u00a0<a href=\"https:\/\/formsus.datasus.gov.br\/site\/formulario.php?id_aplicacao=34223\" target=\"_blank\" rel=\"noopener noreferrer\" data-saferedirecturl=\"https:\/\/www.google.com\/url?hl=pt-BR&amp;q=https:\/\/formsus.datasus.gov.br\/site\/formulario.php?id_aplicacao%3D34223&amp;source=gmail&amp;ust=1508268989059000&amp;usg=AFQjCNHsHCfFQHQcTudZHNd9bWbCe5Hb6w\">https:\/\/formsus.datasus.gov.br\/<wbr \/>site\/formulario.php?id_aplicac<wbr \/>ao=34223<\/a><\/span><\/p>\n<p><span style=\"font-family: Arial, sans-serif;\">O objetivo \u00e9 formar profissionais para a implanta\u00e7\u00e3o e execu\u00e7\u00e3o do PVT em cada munic\u00edpio participante. S\u00e3o 140 vagas ofertadas na modalidade semi-presencial, com carga hor\u00e1ria total de 136 horas, sendo 16 presenciais e o restante em EaD (Educa\u00e7\u00e3o \u00e0 Dist\u00e2ncia). A previs\u00e3o do in\u00edcio das aulas \u00e9 para o dia 05 de fevereiro de 2018, com encerramento no dia 25 de junho do mesmo ano.<\/span><\/p>\n<p><span style=\"font-family: Arial, sans-serif;\">Segundo Maria de F\u00e1tima Rodrigues, que \u00e9 coordenadora de Viol\u00eancia de Acidentes da Superintend\u00eancia de Vigil\u00e2ncia em Sa\u00fade do Estado de Goi\u00e1s (Suvisa), a proposta \u00e9 melhorar a seguran\u00e7a vi\u00e1ria para redu\u00e7\u00e3o de mortos e feridos graves no tr\u00e2nsito no \u00e2mbito dos munic\u00edpios, com a\u00e7\u00f5es de monitoramento, avalia\u00e7\u00e3o e preven\u00e7\u00e3o de acidentes.\u00a0<\/span><\/p>\n<p><span style=\"font-family: Arial, sans-serif;\">Segundo ela a proposta \u00e9 desenvolver estrat\u00e9gias de educa\u00e7\u00e3o permanente em sa\u00fade por meio de temas abordados no curso que possibilitem a qualifica\u00e7\u00e3o nas \u00e1reas de vigil\u00e2ncia de \u00f3bitos e feridos graves, na identifica\u00e7\u00e3o de fatores de risco e pontos cr\u00edticos de ocorr\u00eancia de acidentes, com a defini\u00e7\u00e3o de a\u00e7\u00f5es priorit\u00e1rias para redu\u00e7\u00e3o de acidentalidade.<\/span><\/p>\n<p><span style=\"font-family: Arial, sans-serif;\">A defini\u00e7\u00e3o dos munic\u00edpios priorit\u00e1rios em Goi\u00e1s levou em conta o porte populacional, a posi\u00e7\u00e3o geogr\u00e1fica e as taxas de mortalidade por acidente de transporte terrestre. Dentre os munic\u00edpios escolhidos est\u00e3o An\u00e1polis, Aparecida de Goi\u00e2nia, Jata\u00ed, Morrinhos e Itumbiara, por exemplo. O Projeto Vida no Tr\u00e2nsito j\u00e1 foi realizado pelo Minist\u00e9rio da Sa\u00fade na maioria capitais brasileiras, incluindo Goi\u00e2nia, alcan\u00e7ando resultados positivos. Com o mesmo prop\u00f3sito a Superintend\u00eancia de Educa\u00e7\u00e3o em Sa\u00fade e Trabalho para o SUS (Sest\/SUS) e a Suvisa est\u00e3o replicando o conte\u00fado para os munic\u00edpios goianos.\u00a0\u200b<\/span><\/p>\n","protected":false},"excerpt":{"rendered":"<p>J\u00e1 est\u00e3o abertas entre os dias 16 de outubro at\u00e9 20 de novembro as inscri\u00e7\u00f5es para o Curso de Aperfei\u00e7oamento para Implanta\u00e7\u00e3o e Execu\u00e7\u00e3o do Projeto Vida no Tr\u00e2nsito (PVT) nos munic\u00edpios priorit\u00e1rios do Observat\u00f3rio de Mobilidade e Sa\u00fade Humanas de Goi\u00e1s (OMSH).<\/p>\n","protected":false},"author":46,"featured_media":0,"comment_status":"closed","ping_status":"open","sticky":false,"template":"","format":"standard","meta":{"footnotes":""},"categories":[3],"tags":[],"class_list":["post-2501","post","type-post","status-publish","format-standard","hentry","category-noticias"],"rttpg_featured_image_url":null,"rttpg_author":{"display_name":"cleybetsls","author_link":"https:\/\/goias.gov.br\/saude\/author\/cleybetsls\/"},"rttpg_comment":0,"rttpg_category":"<a href=\"https:\/\/goias.gov.br\/saude\/categoria\/noticias\/\" rel=\"category tag\">Not\u00edcias<\/a>","rttpg_excerpt":"J\u00e1 est\u00e3o abertas entre os dias 16 de outubro at\u00e9 20 de novembro as inscri\u00e7\u00f5es para o Curso de Aperfei\u00e7oamento para Implanta\u00e7\u00e3o e Execu\u00e7\u00e3o do Projeto Vida no Tr\u00e2nsito (PVT) nos munic\u00edpios priorit\u00e1rios do Observat\u00f3rio de Mobilidade e Sa\u00fade Humanas de Goi\u00e1s (OMSH).","_links":{"self":[{"href":"https:\/\/goias.gov.br\/saude\/wp-json\/wp\/v2\/posts\/2501","targetHints":{"allow":["GET"]}}],"collection":[{"href":"https:\/\/goias.gov.br\/saude\/wp-json\/wp\/v2\/posts"}],"about":[{"href":"https:\/\/goias.gov.br\/saude\/wp-json\/wp\/v2\/types\/post"}],"author":[{"embeddable":true,"href":"https:\/\/goias.gov.br\/saude\/wp-json\/wp\/v2\/users\/46"}],"replies":[{"embeddable":true,"href":"https:\/\/goias.gov.br\/saude\/wp-json\/wp\/v2\/comments?post=2501"}],"version-history":[{"count":0,"href":"https:\/\/goias.gov.br\/saude\/wp-json\/wp\/v2\/posts\/2501\/revisions"}],"wp:attachment":[{"href":"https:\/\/goias.gov.br\/saude\/wp-json\/wp\/v2\/media?parent=2501"}],"wp:term":[{"taxonomy":"category","embeddable":true,"href":"https:\/\/goias.gov.br\/saude\/wp-json\/wp\/v2\/categories?post=2501"},{"taxonomy":"post_tag","embeddable":true,"href":"https:\/\/goias.gov.br\/saude\/wp-json\/wp\/v2\/tags?post=2501"}],"curies":[{"name":"wp","href":"https:\/\/api.w.org\/{rel}","templated":true}]}}