

{"id":2487,"date":"2017-10-18T05:12:25","date_gmt":"2017-10-18T07:12:25","guid":{"rendered":"https:\/\/siteshom.goias.gov.br\/saude\/10-estados-brasileiros-conhecem-credeq\/"},"modified":"2017-10-18T05:12:25","modified_gmt":"2017-10-18T07:12:25","slug":"10-estados-brasileiros-conhecem-credeq","status":"publish","type":"post","link":"https:\/\/goias.gov.br\/saude\/10-estados-brasileiros-conhecem-credeq\/","title":{"rendered":"10 estados brasileiros conhecem Credeq"},"content":{"rendered":"<p>O conceito Credeq, assim como a sua proposta terap\u00eautica e a rotina dos especialistas m\u00e9dicos e multiprofissionais que atuam na unidade de sa\u00fade, foi apresentado aos administradores de pol\u00edticas sobre drogas de 10 estados brasileiros, na manh\u00e3 desta ter\u00e7a-feira (17).<br \/>\n<!--more--><\/p>\n<p>O conceito Credeq, assim como a sua proposta terap\u00eautica e a rotina dos especialistas m\u00e9dicos e multiprofissionais que atuam na unidade de sa\u00fade, foi apresentado aos administradores de pol\u00edticas sobre drogas de 10 estados brasileiros, na manh\u00e3 desta ter\u00e7a-feira (17). A visita ao Centro de Refer\u00eancia e Excel\u00eancia em Depend\u00eancia Qu\u00edmica, em Aparecida de Goi\u00e2nia (Credeq \u2013 Prof. Jamil Issy), teve in\u00edcio \u00e0s 12h30, e foi antecedida por um almo\u00e7o no refeit\u00f3rio da unidade de sa\u00fade, inaugurada a um ano e quatro meses.<\/p>\n<p>O grupo era integrado por 21 representantes de 10 estados \u2013 Amap\u00e1, Amazonas, Bahia, Distrito Federal, Maranh\u00e3o, Minas Gerais, Pernambuco, Rio Grande do Sul, S\u00e3o Paulo e Tocantins. Eles est\u00e3o participando do F\u00f3rum Brasileiro de Gestores de Pol\u00edticas sobre Drogas, aberto na noite da \u00faltima segunda-feira (16), no Pal\u00e1cio das Esmeraldas, com a presen\u00e7a do governador Marconi Perillo, do ministro de Desenvolvimento Social e Agr\u00e1rio, Osmar Terra, e da coordenadora-geral do evento em Goi\u00e1s e ainda diretora-geral do Grupo Executivo de Enfrentamento \u00e0s Drogas (GEED), a goiana Iv\u00e2nia Fernandes. O evento termina na quarta-feira (18).<\/p>\n<p>Durante a visita, os gestores conheceram os quatro programas pilares do projeto terap\u00eautico do Credeq \u2013 Prof. Jamil Issy \u2013 Candeeiro (desenvolvimento do autoconhecimento), Bumerangue (trabalho do autocontrole das emo\u00e7\u00f5es e dos comportamentos), THS (reestrutura\u00e7\u00e3o das rela\u00e7\u00f5es interpessoais, por meio do melhoramento das habilidades sociais de cada indiv\u00edduo) e o Preven\u00e7\u00e3o \u00e0s Reca\u00eddas (PR). Apesar de serem aplicados de forma simult\u00e2nea, o PR \u00e9 refor\u00e7ado no \u00faltimo m\u00eas da interna\u00e7\u00e3o, onde s\u00e3o criadas situa\u00e7\u00f5es e esclarecidos conceitos.<\/p>\n<p>Os visitantes ficaram impressionados com alto \u00edndice de incompreens\u00e3o dos pacientes (ambulatorial e hospitalar) sobre a depend\u00eancia qu\u00edmica. De acordo com o psic\u00f3logo Alfredo Sant\u2019Anna Rocha, os dependentes desconhecem os efeitos das subst\u00e2ncias em seus organismos, a diferen\u00e7a entre drogas depressoras e estimulantes, o que seria uma reca\u00edda, qual o processo biol\u00f3gico da fissura (comportamento de extremo apego a determinada condi\u00e7\u00e3o psicol\u00f3gica gerada por uma droga).<\/p>\n<p>Deixou-se claro, entretanto, que o foco do tratamento \u00e9 o desenvolvimento do indiv\u00edduo, por meio do seu empoderamento, com vistas a lhe ensinas ferramentas que lhe torne protagonista das suas decis\u00f5es, uma vez que n\u00e3o existe nenhuma barreira entre o indiv\u00edduo e a droga. O diretor t\u00e9cnico do Credeq \u2013 Prof. Jamil Issy, psiquiatra Tiago Oliveira, adiantou que o trabalho terap\u00eautico na condi\u00e7\u00e3o hospitalar tamb\u00e9m \u00e9 desenvolvido no \u00e2mbito ambulatorial. Ao t\u00e9rmino da visita, os gestores receberam lembran\u00e7as produzidas pelos pacientes durante das sess\u00f5es de Terapia Ocupacional.<\/p>\n<p>O Credeq \u2013 Prof. Jamil Issy \u00e9 a primeira unidade de sa\u00fade p\u00fablica e gratuita inaugurada pela administra\u00e7\u00e3o estadual. A meta \u00e9 que entrem em funcionamentos outras quatro unidades. Edificada em 10 mil metros quadrados, ela se diferencia do conceito de comunidades terap\u00eauticas por disponibilizar assist\u00eancia e acompanhamento biol\u00f3gico, por meio do corpo m\u00e9dico, formado por psiquiatras e cl\u00ednicos.<\/p>\n<p>Criado com a finalidade de atender casos graves de depend\u00eancia qu\u00edmica, o Credeq \u2013 Prof. Jamil Issy disp\u00f5em de servi\u00e7os ambulatorial (equipado para at\u00e9 2 mil atendimentos ao m\u00eas) e hospitalar (96 leitos em Unidades de Terapia Residencial e 12 leitos de desintoxica\u00e7\u00e3o). O acesso \u00e9 regulado e os interessados em agendar a consulta avaliativa (psiquiatra, psic\u00f3logo, assistente social e enfermeiro) s\u00e3o encaminhados pelos CAPS e secretarias municipais da Sa\u00fade.<\/p>\n","protected":false},"excerpt":{"rendered":"<p>O conceito Credeq, assim como a sua proposta terap\u00eautica e a rotina dos especialistas m\u00e9dicos e multiprofissionais que atuam na unidade de sa\u00fade, foi apresentado aos administradores de pol\u00edticas sobre drogas de 10 estados brasileiros, na manh\u00e3 desta ter\u00e7a-feira (17).<\/p>\n","protected":false},"author":46,"featured_media":0,"comment_status":"closed","ping_status":"open","sticky":false,"template":"","format":"standard","meta":{"footnotes":""},"categories":[3],"tags":[],"class_list":["post-2487","post","type-post","status-publish","format-standard","hentry","category-noticias"],"rttpg_featured_image_url":null,"rttpg_author":{"display_name":"cleybetsls","author_link":"https:\/\/goias.gov.br\/saude\/author\/cleybetsls\/"},"rttpg_comment":0,"rttpg_category":"<a href=\"https:\/\/goias.gov.br\/saude\/categoria\/noticias\/\" rel=\"category tag\">Not\u00edcias<\/a>","rttpg_excerpt":"O conceito Credeq, assim como a sua proposta terap\u00eautica e a rotina dos especialistas m\u00e9dicos e multiprofissionais que atuam na unidade de sa\u00fade, foi apresentado aos administradores de pol\u00edticas sobre drogas de 10 estados brasileiros, na manh\u00e3 desta ter\u00e7a-feira (17).","_links":{"self":[{"href":"https:\/\/goias.gov.br\/saude\/wp-json\/wp\/v2\/posts\/2487","targetHints":{"allow":["GET"]}}],"collection":[{"href":"https:\/\/goias.gov.br\/saude\/wp-json\/wp\/v2\/posts"}],"about":[{"href":"https:\/\/goias.gov.br\/saude\/wp-json\/wp\/v2\/types\/post"}],"author":[{"embeddable":true,"href":"https:\/\/goias.gov.br\/saude\/wp-json\/wp\/v2\/users\/46"}],"replies":[{"embeddable":true,"href":"https:\/\/goias.gov.br\/saude\/wp-json\/wp\/v2\/comments?post=2487"}],"version-history":[{"count":0,"href":"https:\/\/goias.gov.br\/saude\/wp-json\/wp\/v2\/posts\/2487\/revisions"}],"wp:attachment":[{"href":"https:\/\/goias.gov.br\/saude\/wp-json\/wp\/v2\/media?parent=2487"}],"wp:term":[{"taxonomy":"category","embeddable":true,"href":"https:\/\/goias.gov.br\/saude\/wp-json\/wp\/v2\/categories?post=2487"},{"taxonomy":"post_tag","embeddable":true,"href":"https:\/\/goias.gov.br\/saude\/wp-json\/wp\/v2\/tags?post=2487"}],"curies":[{"name":"wp","href":"https:\/\/api.w.org\/{rel}","templated":true}]}}