

{"id":2447,"date":"2017-10-26T10:54:26","date_gmt":"2017-10-26T12:54:26","guid":{"rendered":"https:\/\/siteshom.goias.gov.br\/saude\/pesquisa-e-foco-da-v-jornada-cientifica-do-cremic\/"},"modified":"2017-10-26T10:54:26","modified_gmt":"2017-10-26T12:54:26","slug":"pesquisa-e-foco-da-v-jornada-cientifica-do-cremic","status":"publish","type":"post","link":"https:\/\/goias.gov.br\/saude\/pesquisa-e-foco-da-v-jornada-cientifica-do-cremic\/","title":{"rendered":"Pesquisa \u00e9 foco da V Jornada Cient\u00edfica do Cremic"},"content":{"rendered":"<p>A \u201cV Jornada Cient\u00edfica do Centro de Refer\u00eancia em Medicina Integrativa Complementar (Cremic)\u201d que acontece entre os dias 26 e 27 de outubro, na Escola de Sa\u00fade P\u00fablica C\u00e2ndido Santiago, no Jardim Santo Ant\u00f4nio, ter\u00e1 espa\u00e7o para discuss\u00e3o e apresenta\u00e7\u00e3o de pesquisas sobre pr\u00e1ticas integrativas  e complementares  no Sistema \u00danico de Sa\u00fade (SUS).<br \/>\n<!--more--><\/p>\n<p>A \u201cV Jornada Cient\u00edfica do Centro de Refer\u00eancia em Medicina Integrativa Complementar (Cremic)\u201d que acontece entre os dias 26 e 27 de outubro, na Escola de Sa\u00fade P\u00fablica C\u00e2ndido Santiago, no Jardim Santo Ant\u00f4nio, ter\u00e1 espa\u00e7o para discuss\u00e3o e apresenta\u00e7\u00e3o de pesquisas sobre pr\u00e1ticas integrativas e complementares no Sistema \u00danico de Sa\u00fade (SUS).<\/p>\n<p>O evento celebra 30 anos de hist\u00f3ria da unidade, do antigo Hospital de Medicina Alternativa (HMA), que desde 1988 atua como centro de medicina e pr\u00e1ticas n\u00e3o alop\u00e1ticas em regime ambulatorial, e oferece \u00e0 comunidade consultas em homeopatia, fitoterapia, acupuntura, com atendimento em psicologia, nutri\u00e7\u00e3o, enfermagem, fonoaudiologia, fisioterapia, servi\u00e7o social, farm\u00e1cia, al\u00e9m de grupos de educa\u00e7\u00e3o em Sa\u00fade.<\/p>\n<p>Dentre os trabalhos apresentados na Jornada est\u00e3o a experi\u00eancia no Cremic com a medicina indiana Ayurveda, apresentada pelo doutor Danilo Maciel Carneiro; apresenta\u00e7\u00e3o das hortali\u00e7as n\u00e3o convencionais, com identifica\u00e7\u00e3o e valor nutricional pela doutora Izabel Cristina dos Santos; no\u00e7\u00f5es e pr\u00e1ticas com ventosas, moxabust\u00e3o (acupuntura t\u00e9rmica, feita com um bast\u00e3o) e auriculoterapia, com a enfermeira Fabiana Amorim; oficina de \u201cT\u00e9cnicas Contemplativas de Consci\u00eancia Corporal e Mandala\u201d apresentada pelo psic\u00f3logo Lindomar Tom\u00e9; \u201cCuidado dos Mecanismos de Defesa do Organismo\u201d apresentado pelo farmac\u00eautico Alexandre Leonel, dentre outros trabalhos.<\/p>\n<p>Na abertura do evento, o secret\u00e1rio de Estado da Sa\u00fade, Leonardo Vilela, mostrou-se extremamente otimista com o futuro do Cremic: \u201c Gra\u00e7as ao evento de hoje vemos que cada vez mais o Cremic se consolida como refer\u00eancia no Brasil em pr\u00e1ticas integrativas e complementares. E acredito que ter\u00e1 o mesmo brilho dos nossos hospitais estaduais\u201d, salientou.<\/p>\n<p>Ser\u00e3o compartilhadas durante toda a programa\u00e7\u00e3o experi\u00eancias com Aromaterapia, Auriculoterapia, Ayurveda, Homeopatia, Biomagnetismo, Floral Terapia, Mandala, Moxabust\u00e3o, Ventosaterapia e Farm\u00e1cia Viva.<\/p>\n<p>A pr\u00e1tica Integrativa e Complementar que segue a orienta\u00e7\u00e3o da Organiza\u00e7\u00e3o Mundial de Sa\u00fade (OMS) \u00e9 uma pol\u00edtica de Governo que atua nas v\u00e1rias esferas e tem papel importante para a popula\u00e7\u00e3o, uma vez que pode contribuir para a sa\u00fade na aten\u00e7\u00e3o prim\u00e1ria, atuando de forma preventiva como a ado\u00e7\u00e3o de alimenta\u00e7\u00e3o saud\u00e1vel, pr\u00e1ticas corporais e de combate a ansiedade e o estresse.<\/p>\n<p>Essas pr\u00e1ticas, segundos especialistas do Cremic, s\u00e3o realidade na Fran\u00e7a, Alemanha, It\u00e1lia e Canad\u00e1 onde o autocuidado e terapias complementares t\u00eam sido uma busca na melhoria da Sa\u00fade.<\/p>\n","protected":false},"excerpt":{"rendered":"<p>A \u201cV Jornada Cient\u00edfica do Centro de Refer\u00eancia em Medicina Integrativa Complementar (Cremic)\u201d que acontece entre os dias 26 e 27 de outubro, na Escola de Sa\u00fade P\u00fablica C\u00e2ndido Santiago, no Jardim Santo Ant\u00f4nio, ter\u00e1 espa\u00e7o para discuss\u00e3o e apresenta\u00e7\u00e3o de pesquisas sobre pr\u00e1ticas integrativas e complementares no Sistema \u00danico de Sa\u00fade (SUS).<\/p>\n","protected":false},"author":46,"featured_media":0,"comment_status":"closed","ping_status":"open","sticky":false,"template":"","format":"standard","meta":{"footnotes":""},"categories":[3],"tags":[],"class_list":["post-2447","post","type-post","status-publish","format-standard","hentry","category-noticias"],"rttpg_featured_image_url":null,"rttpg_author":{"display_name":"cleybetsls","author_link":"https:\/\/goias.gov.br\/saude\/author\/cleybetsls\/"},"rttpg_comment":0,"rttpg_category":"<a href=\"https:\/\/goias.gov.br\/saude\/categoria\/noticias\/\" rel=\"category tag\">Not\u00edcias<\/a>","rttpg_excerpt":"A \u201cV Jornada Cient\u00edfica do Centro de Refer\u00eancia em Medicina Integrativa Complementar (Cremic)\u201d que acontece entre os dias 26 e 27 de outubro, na Escola de Sa\u00fade P\u00fablica C\u00e2ndido Santiago, no Jardim Santo Ant\u00f4nio, ter\u00e1 espa\u00e7o para discuss\u00e3o e apresenta\u00e7\u00e3o de pesquisas sobre pr\u00e1ticas integrativas e complementares no Sistema \u00danico de Sa\u00fade (SUS).","_links":{"self":[{"href":"https:\/\/goias.gov.br\/saude\/wp-json\/wp\/v2\/posts\/2447","targetHints":{"allow":["GET"]}}],"collection":[{"href":"https:\/\/goias.gov.br\/saude\/wp-json\/wp\/v2\/posts"}],"about":[{"href":"https:\/\/goias.gov.br\/saude\/wp-json\/wp\/v2\/types\/post"}],"author":[{"embeddable":true,"href":"https:\/\/goias.gov.br\/saude\/wp-json\/wp\/v2\/users\/46"}],"replies":[{"embeddable":true,"href":"https:\/\/goias.gov.br\/saude\/wp-json\/wp\/v2\/comments?post=2447"}],"version-history":[{"count":0,"href":"https:\/\/goias.gov.br\/saude\/wp-json\/wp\/v2\/posts\/2447\/revisions"}],"wp:attachment":[{"href":"https:\/\/goias.gov.br\/saude\/wp-json\/wp\/v2\/media?parent=2447"}],"wp:term":[{"taxonomy":"category","embeddable":true,"href":"https:\/\/goias.gov.br\/saude\/wp-json\/wp\/v2\/categories?post=2447"},{"taxonomy":"post_tag","embeddable":true,"href":"https:\/\/goias.gov.br\/saude\/wp-json\/wp\/v2\/tags?post=2447"}],"curies":[{"name":"wp","href":"https:\/\/api.w.org\/{rel}","templated":true}]}}