

{"id":2419,"date":"2017-11-02T10:01:53","date_gmt":"2017-11-02T12:01:53","guid":{"rendered":"https:\/\/siteshom.goias.gov.br\/saude\/agentes-de-saude-tem-aulas-de-informatica\/"},"modified":"2017-11-02T10:01:53","modified_gmt":"2017-11-02T12:01:53","slug":"agentes-de-saude-tem-aulas-de-informatica","status":"publish","type":"post","link":"https:\/\/goias.gov.br\/saude\/agentes-de-saude-tem-aulas-de-informatica\/","title":{"rendered":"Agentes de sa\u00fade t\u00eam aulas de inform\u00e1tica"},"content":{"rendered":"<p>\u201cVoc\u00ea nunca perde por aprender\u201d. Assim pensa Ala\u00edde Nunes de Oliveira, h\u00e1 sete anos Agente de Combate a Endemias no bairro Sol Nascente, em Luzi\u00e2nia. Esta senhora de 62 anos foi uma das participantes da Oficina de Inclus\u00e3o Digital. Assim como ela, outros 85 Agentes\u00a0de Combate a Endemias e 82 Agentes Comunit\u00e1rios de Sa\u00fade tiveram a primeira aula de como acessar \u00e0 internet e outros programas de inform\u00e1tica. Todos eles atuam em bairros e zona rural da cidade goiana que fica no Entorno do Distrito Federal.<\/p>\n<p>A primeira etapa da Oficina de Inclus\u00e3o Digital ocorreu no dia 28 de outubro no Instituto Federal Goiano. O trabalho \u00e9 coordenado pela Superintend\u00eancia de Pol\u00edticas de Aten\u00e7\u00e3o Integral \u00e0 Sa\u00fade \u2013(SPAIS) e Universidade de Bras\u00edlia (UnB) e contou com o apoio da Regional de Sa\u00fade Entorno Sul e da Prefeitura de Luzi\u00e2nia, representada pelo secret\u00e1rio de sa\u00fade, Watherson Roriz de Oliveira.<\/p>\n<p>Evanilde Fernandes, superintendente da SPAIS, explica que as Oficinas de Inclus\u00e3o Digital visam oferecer o conhecimento b\u00e1sico de inform\u00e1tica, dando condi\u00e7\u00f5es aos agentes comunit\u00e1rios de sa\u00fade e de endemias de utilizar a internet e outros recursos computacionais e manuseio da plataforma de estudo. Segundo ela, as oficinas ser\u00e3o realizadas em todas as Regi\u00f5es de Sa\u00fade e seus respectivos munic\u00edpios.<\/p>\n<p>Com o desenvolvimento da Capacita\u00e7\u00e3o do Processo de Trabalho dos Agentes Comunit\u00e1rios de Sa\u00fade e de Combate a Endemias, em parceria com a UnB, os t\u00e9cnicos da Secretaria de Estado da Sa\u00fade de Goi\u00e1s (SES-GO) diagnosticaram a dificuldade do p\u00fablico-alvo em desenvolver o curso em EAD devido \u00e0 falta de conhecimento em inform\u00e1tica. Assim surgiu a proposta das Oficinas Digitais.<\/p>\n<p>O Curso de Capacita\u00e7\u00e3o faz parte do Programa Mais Sa\u00fade para Goi\u00e1s e destina-se aos 8.249 ACS e aos 2.807 ACE que atuam na aten\u00e7\u00e3o prim\u00e1ria \u00e0 sa\u00fade dos munic\u00edpios do Estado de Goi\u00e1s.<\/p>\n","protected":false},"excerpt":{"rendered":"<p>\u201cVoc\u00ea nunca perde por aprender\u201d. Assim pensa Ala\u00edde Nunes de Oliveira, h\u00e1 sete anos Agente de Combate a Endemias no bairro Sol Nascente, em Luzi\u00e2nia. Esta senhora de 62 anos foi uma das participantes da Oficina de Inclus\u00e3o Digital. Assim como ela, outros 85 Agentes\u00a0de Combate a Endemias e 82 Agentes Comunit\u00e1rios de Sa\u00fade tiveram [&hellip;]<\/p>\n","protected":false},"author":46,"featured_media":0,"comment_status":"closed","ping_status":"open","sticky":false,"template":"","format":"standard","meta":{"footnotes":""},"categories":[3],"tags":[],"class_list":["post-2419","post","type-post","status-publish","format-standard","hentry","category-noticias"],"rttpg_featured_image_url":null,"rttpg_author":{"display_name":"cleybetsls","author_link":"https:\/\/goias.gov.br\/saude\/author\/cleybetsls\/"},"rttpg_comment":0,"rttpg_category":"<a href=\"https:\/\/goias.gov.br\/saude\/categoria\/noticias\/\" rel=\"category tag\">Not\u00edcias<\/a>","rttpg_excerpt":"\u201cVoc\u00ea nunca perde por aprender\u201d. Assim pensa Ala\u00edde Nunes de Oliveira, h\u00e1 sete anos Agente de Combate a Endemias no bairro Sol Nascente, em Luzi\u00e2nia. Esta senhora de 62 anos foi uma das participantes da Oficina de Inclus\u00e3o Digital. Assim como ela, outros 85 Agentes\u00a0de Combate a Endemias e 82 Agentes Comunit\u00e1rios de Sa\u00fade tiveram&hellip;","_links":{"self":[{"href":"https:\/\/goias.gov.br\/saude\/wp-json\/wp\/v2\/posts\/2419","targetHints":{"allow":["GET"]}}],"collection":[{"href":"https:\/\/goias.gov.br\/saude\/wp-json\/wp\/v2\/posts"}],"about":[{"href":"https:\/\/goias.gov.br\/saude\/wp-json\/wp\/v2\/types\/post"}],"author":[{"embeddable":true,"href":"https:\/\/goias.gov.br\/saude\/wp-json\/wp\/v2\/users\/46"}],"replies":[{"embeddable":true,"href":"https:\/\/goias.gov.br\/saude\/wp-json\/wp\/v2\/comments?post=2419"}],"version-history":[{"count":0,"href":"https:\/\/goias.gov.br\/saude\/wp-json\/wp\/v2\/posts\/2419\/revisions"}],"wp:attachment":[{"href":"https:\/\/goias.gov.br\/saude\/wp-json\/wp\/v2\/media?parent=2419"}],"wp:term":[{"taxonomy":"category","embeddable":true,"href":"https:\/\/goias.gov.br\/saude\/wp-json\/wp\/v2\/categories?post=2419"},{"taxonomy":"post_tag","embeddable":true,"href":"https:\/\/goias.gov.br\/saude\/wp-json\/wp\/v2\/tags?post=2419"}],"curies":[{"name":"wp","href":"https:\/\/api.w.org\/{rel}","templated":true}]}}