

{"id":2418,"date":"2017-11-03T07:49:25","date_gmt":"2017-11-03T09:49:25","guid":{"rendered":"https:\/\/siteshom.goias.gov.br\/saude\/outubro-rosa-e-tema-de-palestra-no-hurso\/"},"modified":"2017-11-03T07:49:25","modified_gmt":"2017-11-03T09:49:25","slug":"outubro-rosa-e-tema-de-palestra-no-hurso","status":"publish","type":"post","link":"https:\/\/goias.gov.br\/saude\/outubro-rosa-e-tema-de-palestra-no-hurso\/","title":{"rendered":"C\u00e2ncer de mama foi tema de palestra no Hurso"},"content":{"rendered":"<p>No dia 27\/10, os colaboradores e usu\u00e1rios do Hospital de Urg\u00eancias da Regi\u00e3o Sudoeste (Hurso) participaram de uma palestra em alus\u00e3o ao \u201cOutubro Rosa\u201d, m\u00eas dedicado \u00e0 preven\u00e7\u00e3o do c\u00e2ncer de mama e de colo de \u00fatero.<\/p>\n<p>Thiago Machado Carlos de Carvalho, m\u00e9dico mastologista, ministrou a palestra com o tema: \u201cPreven\u00e7\u00e3o e Tratamento de C\u00e2ncer\u201d, alertando sobre os perigos da doen\u00e7a e formas de preven\u00e7\u00e3o. O foco foi mostrar que as mulheres devem realizar exames com regularidade, como por exemplo, o autoexame e a mamografia, para que a doen\u00e7a seja diagnosticada precocemente.<\/p>\n<p>\u201cO c\u00e2ncer \u00e9 silencioso at\u00e9 uma fase, depois ele come\u00e7a a dar sintomas, o ideal \u00e9 guardar todos os exames, para analisar mudan\u00e7as e encontrar, o quanto antes, qualquer resultado adverso. Na minha opini\u00e3o, em alguns anos, ir\u00e1 existir cura para todos os tipos de c\u00e2ncer, mas ainda vai demorar, porque ele \u00e9 multifatorial\u201d, concluiu o m\u00e9dico.<\/p>\n<p>Os participantes receberam brindes personalizados do \u201cOutubro Rosa\u201d e informativos com mais explica\u00e7\u00f5es sobre o c\u00e2ncer de mama.<\/p>\n<p>&nbsp;<\/p>\n","protected":false},"excerpt":{"rendered":"<p>No dia 27\/10, os colaboradores e usu\u00e1rios do Hospital de Urg\u00eancias da Regi\u00e3o Sudoeste (Hurso) participaram de uma palestra em alus\u00e3o ao \u201cOutubro Rosa\u201d, m\u00eas dedicado \u00e0 preven\u00e7\u00e3o do c\u00e2ncer de mama e de colo de \u00fatero. Thiago Machado Carlos de Carvalho, m\u00e9dico mastologista, ministrou a palestra com o tema: \u201cPreven\u00e7\u00e3o e Tratamento de C\u00e2ncer\u201d, [&hellip;]<\/p>\n","protected":false},"author":46,"featured_media":0,"comment_status":"closed","ping_status":"open","sticky":false,"template":"","format":"standard","meta":{"footnotes":""},"categories":[3],"tags":[],"class_list":["post-2418","post","type-post","status-publish","format-standard","hentry","category-noticias"],"rttpg_featured_image_url":null,"rttpg_author":{"display_name":"cleybetsls","author_link":"https:\/\/goias.gov.br\/saude\/author\/cleybetsls\/"},"rttpg_comment":0,"rttpg_category":"<a href=\"https:\/\/goias.gov.br\/saude\/categoria\/noticias\/\" rel=\"category tag\">Not\u00edcias<\/a>","rttpg_excerpt":"No dia 27\/10, os colaboradores e usu\u00e1rios do Hospital de Urg\u00eancias da Regi\u00e3o Sudoeste (Hurso) participaram de uma palestra em alus\u00e3o ao \u201cOutubro Rosa\u201d, m\u00eas dedicado \u00e0 preven\u00e7\u00e3o do c\u00e2ncer de mama e de colo de \u00fatero. Thiago Machado Carlos de Carvalho, m\u00e9dico mastologista, ministrou a palestra com o tema: \u201cPreven\u00e7\u00e3o e Tratamento de C\u00e2ncer\u201d,&hellip;","_links":{"self":[{"href":"https:\/\/goias.gov.br\/saude\/wp-json\/wp\/v2\/posts\/2418","targetHints":{"allow":["GET"]}}],"collection":[{"href":"https:\/\/goias.gov.br\/saude\/wp-json\/wp\/v2\/posts"}],"about":[{"href":"https:\/\/goias.gov.br\/saude\/wp-json\/wp\/v2\/types\/post"}],"author":[{"embeddable":true,"href":"https:\/\/goias.gov.br\/saude\/wp-json\/wp\/v2\/users\/46"}],"replies":[{"embeddable":true,"href":"https:\/\/goias.gov.br\/saude\/wp-json\/wp\/v2\/comments?post=2418"}],"version-history":[{"count":0,"href":"https:\/\/goias.gov.br\/saude\/wp-json\/wp\/v2\/posts\/2418\/revisions"}],"wp:attachment":[{"href":"https:\/\/goias.gov.br\/saude\/wp-json\/wp\/v2\/media?parent=2418"}],"wp:term":[{"taxonomy":"category","embeddable":true,"href":"https:\/\/goias.gov.br\/saude\/wp-json\/wp\/v2\/categories?post=2418"},{"taxonomy":"post_tag","embeddable":true,"href":"https:\/\/goias.gov.br\/saude\/wp-json\/wp\/v2\/tags?post=2418"}],"curies":[{"name":"wp","href":"https:\/\/api.w.org\/{rel}","templated":true}]}}