

{"id":2392,"date":"2017-11-09T10:57:15","date_gmt":"2017-11-09T12:57:15","guid":{"rendered":"https:\/\/siteshom.goias.gov.br\/saude\/nota-de-informacao-10\/"},"modified":"2017-11-09T10:57:15","modified_gmt":"2017-11-09T12:57:15","slug":"nota-de-informacao-10","status":"publish","type":"post","link":"https:\/\/goias.gov.br\/saude\/nota-de-informacao-10\/","title":{"rendered":"Nota de Informa\u00e7\u00e3o"},"content":{"rendered":"<p>O Hospital de Urg\u00eancias de Goi\u00e2nia (Hugo) informa que a menor I.M.S. teve alta m\u00e9dica na manh\u00e3 desta quinta-feira, 9 de novembro, para o Centro Estadual de Reabilita\u00e7\u00e3o e Readapta\u00e7\u00e3o Dr. Henrique Santillo (Crer). A paciente estava internada na unidade de sa\u00fade desde o dia 20 de outubro.<br \/>\n<!--more--><\/p>\n<p><p align=\"justify\">O Hospital de Urg\u00eancias de Goi\u00e2nia (Hugo) informa que a menor I.M.S. teve alta m\u00e9dica na manh\u00e3 desta quinta-feira, 9 de novembro, para o Centro Estadual de Reabilita\u00e7\u00e3o e Readapta\u00e7\u00e3o Dr. Henrique Santillo (Crer). A paciente estava internada na unidade de sa\u00fade desde o dia 20 de outubro.<\/p><\/p>\n","protected":false},"excerpt":{"rendered":"<p>O Hospital de Urg\u00eancias de Goi\u00e2nia (Hugo) informa que a menor I.M.S. teve alta m\u00e9dica na manh\u00e3 desta quinta-feira, 9 de novembro, para o Centro Estadual de Reabilita\u00e7\u00e3o e Readapta\u00e7\u00e3o Dr. Henrique Santillo (Crer). A paciente estava internada na unidade de sa\u00fade desde o dia 20 de outubro.<\/p>\n","protected":false},"author":46,"featured_media":0,"comment_status":"closed","ping_status":"open","sticky":false,"template":"","format":"standard","meta":{"footnotes":""},"categories":[3],"tags":[],"class_list":["post-2392","post","type-post","status-publish","format-standard","hentry","category-noticias"],"rttpg_featured_image_url":null,"rttpg_author":{"display_name":"cleybetsls","author_link":"https:\/\/goias.gov.br\/saude\/author\/cleybetsls\/"},"rttpg_comment":0,"rttpg_category":"<a href=\"https:\/\/goias.gov.br\/saude\/categoria\/noticias\/\" rel=\"category tag\">Not\u00edcias<\/a>","rttpg_excerpt":"O Hospital de Urg\u00eancias de Goi\u00e2nia (Hugo) informa que a menor I.M.S. teve alta m\u00e9dica na manh\u00e3 desta quinta-feira, 9 de novembro, para o Centro Estadual de Reabilita\u00e7\u00e3o e Readapta\u00e7\u00e3o Dr. Henrique Santillo (Crer). A paciente estava internada na unidade de sa\u00fade desde o dia 20 de outubro.","_links":{"self":[{"href":"https:\/\/goias.gov.br\/saude\/wp-json\/wp\/v2\/posts\/2392","targetHints":{"allow":["GET"]}}],"collection":[{"href":"https:\/\/goias.gov.br\/saude\/wp-json\/wp\/v2\/posts"}],"about":[{"href":"https:\/\/goias.gov.br\/saude\/wp-json\/wp\/v2\/types\/post"}],"author":[{"embeddable":true,"href":"https:\/\/goias.gov.br\/saude\/wp-json\/wp\/v2\/users\/46"}],"replies":[{"embeddable":true,"href":"https:\/\/goias.gov.br\/saude\/wp-json\/wp\/v2\/comments?post=2392"}],"version-history":[{"count":0,"href":"https:\/\/goias.gov.br\/saude\/wp-json\/wp\/v2\/posts\/2392\/revisions"}],"wp:attachment":[{"href":"https:\/\/goias.gov.br\/saude\/wp-json\/wp\/v2\/media?parent=2392"}],"wp:term":[{"taxonomy":"category","embeddable":true,"href":"https:\/\/goias.gov.br\/saude\/wp-json\/wp\/v2\/categories?post=2392"},{"taxonomy":"post_tag","embeddable":true,"href":"https:\/\/goias.gov.br\/saude\/wp-json\/wp\/v2\/tags?post=2392"}],"curies":[{"name":"wp","href":"https:\/\/api.w.org\/{rel}","templated":true}]}}