

{"id":2378,"date":"2017-11-13T14:21:24","date_gmt":"2017-11-13T16:21:24","guid":{"rendered":"https:\/\/siteshom.goias.gov.br\/saude\/saude-debate-uso-racional-de-antimicrobianos\/"},"modified":"2017-11-13T14:21:24","modified_gmt":"2017-11-13T16:21:24","slug":"saude-debate-uso-racional-de-antimicrobianos","status":"publish","type":"post","link":"https:\/\/goias.gov.br\/saude\/saude-debate-uso-racional-de-antimicrobianos\/","title":{"rendered":"Sa\u00fade debate uso racional de antimicrobianos"},"content":{"rendered":"<p>A Secretaria de Estado da Sa\u00fade de Goi\u00e1s (SES-GO) deu in\u00edcio \u00e0 Semana Mundial do uso Consciente de Antimicrobianos. A campanha acontece de 13 a 17 de novembro. A Superintend\u00eancia de Vigil\u00e2ncia em Sa\u00fade (Suvisa) realizou na manh\u00e3 desta segunda-feira (13), das 8h \u00e0s 12h, no audit\u00f3rio da Faculdade de Farm\u00e1cia da UFG,\u00a0semin\u00e1rio para conscientiza\u00e7\u00e3o dos profissionais de sa\u00fade sobre o uso racional desses medicamentos.<\/p>\n<p>Eliane Cruz, gerente de vigil\u00e2ncia sanit\u00e1ria de produtos da Suvisa aponta a preocupa\u00e7\u00e3o do uso inadequado desses medicamentos. \u201cSe consumidos sem prescri\u00e7\u00e3o m\u00e9dica, esses antimicrobianos podem causar uma s\u00e9rie de efeitos indesej\u00e1veis.\u00a0 O principal deles \u00e9 a resist\u00eancia dos microrganismos aos medicamentos\u201d, salienta Eliane.<\/p>\n<p>Ela explica que a preocupa\u00e7\u00e3o sobre o abuso desses produtos como antibi\u00f3ticos, por exemplo, \u00a0\u00e9 mundial. Porque a medida que s\u00e3o tomados em grande escala e sem controle, \u00a0podem aumentar a resist\u00eancia dos microrganismos agressores o que dificulta o tratamento com as drogas existentes no mercado.<\/p>\n<p>A campanha \u00e9 coordenada pela Organiza\u00e7\u00e3o Mundial de sa\u00fade em parceria, no Brasil, com a Ag\u00eancia Nacional de Vigil\u00e2ncia Sanit\u00e1ria (ANVISA), Minist\u00e9rio da Sa\u00fade e Secretarias Estaduais do Pa\u00eds.<\/p>\n<p>O Brasil, como signat\u00e1rio da OMS, assumiu o compromisso de elaborar o seu plano de a\u00e7\u00e3o nacional at\u00e9 a 70\u00aa Assembleia Mundial de Sa\u00fade. O plano de a\u00e7\u00e3o da Vigil\u00e2ncia Sanit\u00e1ria em resist\u00eancia aos antimicrobianos levou em considera\u00e7\u00e3o as recomenda\u00e7\u00f5es feitas pelos organismos das Na\u00e7\u00f5es Unidas.<\/p>\n","protected":false},"excerpt":{"rendered":"<p>A Secretaria de Estado da Sa\u00fade de Goi\u00e1s (SES-GO) deu in\u00edcio \u00e0 Semana Mundial do uso Consciente de Antimicrobianos. A campanha acontece de 13 a 17 de novembro. A Superintend\u00eancia de Vigil\u00e2ncia em Sa\u00fade (Suvisa) realizou na manh\u00e3 desta segunda-feira (13), das 8h \u00e0s 12h, no audit\u00f3rio da Faculdade de Farm\u00e1cia da UFG,\u00a0semin\u00e1rio para conscientiza\u00e7\u00e3o [&hellip;]<\/p>\n","protected":false},"author":46,"featured_media":0,"comment_status":"closed","ping_status":"open","sticky":false,"template":"","format":"standard","meta":{"footnotes":""},"categories":[3],"tags":[],"class_list":["post-2378","post","type-post","status-publish","format-standard","hentry","category-noticias"],"rttpg_featured_image_url":null,"rttpg_author":{"display_name":"cleybetsls","author_link":"https:\/\/goias.gov.br\/saude\/author\/cleybetsls\/"},"rttpg_comment":0,"rttpg_category":"<a href=\"https:\/\/goias.gov.br\/saude\/categoria\/noticias\/\" rel=\"category tag\">Not\u00edcias<\/a>","rttpg_excerpt":"A Secretaria de Estado da Sa\u00fade de Goi\u00e1s (SES-GO) deu in\u00edcio \u00e0 Semana Mundial do uso Consciente de Antimicrobianos. A campanha acontece de 13 a 17 de novembro. A Superintend\u00eancia de Vigil\u00e2ncia em Sa\u00fade (Suvisa) realizou na manh\u00e3 desta segunda-feira (13), das 8h \u00e0s 12h, no audit\u00f3rio da Faculdade de Farm\u00e1cia da UFG,\u00a0semin\u00e1rio para conscientiza\u00e7\u00e3o&hellip;","_links":{"self":[{"href":"https:\/\/goias.gov.br\/saude\/wp-json\/wp\/v2\/posts\/2378","targetHints":{"allow":["GET"]}}],"collection":[{"href":"https:\/\/goias.gov.br\/saude\/wp-json\/wp\/v2\/posts"}],"about":[{"href":"https:\/\/goias.gov.br\/saude\/wp-json\/wp\/v2\/types\/post"}],"author":[{"embeddable":true,"href":"https:\/\/goias.gov.br\/saude\/wp-json\/wp\/v2\/users\/46"}],"replies":[{"embeddable":true,"href":"https:\/\/goias.gov.br\/saude\/wp-json\/wp\/v2\/comments?post=2378"}],"version-history":[{"count":0,"href":"https:\/\/goias.gov.br\/saude\/wp-json\/wp\/v2\/posts\/2378\/revisions"}],"wp:attachment":[{"href":"https:\/\/goias.gov.br\/saude\/wp-json\/wp\/v2\/media?parent=2378"}],"wp:term":[{"taxonomy":"category","embeddable":true,"href":"https:\/\/goias.gov.br\/saude\/wp-json\/wp\/v2\/categories?post=2378"},{"taxonomy":"post_tag","embeddable":true,"href":"https:\/\/goias.gov.br\/saude\/wp-json\/wp\/v2\/tags?post=2378"}],"curies":[{"name":"wp","href":"https:\/\/api.w.org\/{rel}","templated":true}]}}