

{"id":2356,"date":"2017-11-20T07:32:04","date_gmt":"2017-11-20T09:32:04","guid":{"rendered":"https:\/\/siteshom.goias.gov.br\/saude\/representantes-da-saude-do-sergipe-visitam-conecta-sus\/"},"modified":"2017-11-20T07:32:04","modified_gmt":"2017-11-20T09:32:04","slug":"representantes-da-saude-do-sergipe-visitam-conecta-sus","status":"publish","type":"post","link":"https:\/\/goias.gov.br\/saude\/representantes-da-saude-do-sergipe-visitam-conecta-sus\/","title":{"rendered":"Representantes da Sa\u00fade do Sergipe visitam Conecta SUS"},"content":{"rendered":"<p>Representantes da Secretaria de Estado da Sa\u00fade de Sergipe visitaram na manh\u00e3 desta sexta-feira, 17 de novembro, o Centro de Informa\u00e7\u00f5es e Decis\u00f5es Estrat\u00e9gicas em Sa\u00fade Zilda Arns Neumann (Conecta SUS).<br \/>\n<!--more--><\/p>\n<p>Representantes da Secretaria de Estado da Sa\u00fade de Sergipe visitaram na manh\u00e3 desta sexta-feira, 17 de novembro, o Centro de Informa\u00e7\u00f5es e Decis\u00f5es Estrat\u00e9gicas em Sa\u00fade Zilda Arns Neumann (Conecta SUS). A equipe foi recepcionada pelo gerente do Conecta SUS, Jean Pierre Pereira, que apresentou os equipamentos, esta\u00e7\u00f5es e pain\u00e9is que comp\u00f5em o Centro e as a\u00e7\u00f5es desenvolvidas pela unidade.<\/p>\n<p>Integraram a equipe da Secretaria de Estado da Sa\u00fade do Sergipe a gerente de Informa\u00e7\u00f5es e Estat\u00edsticas, Eliane Aparecida Nascimento, e o t\u00e9cnico da institui\u00e7\u00e3o, Ruberval Leone Azevedo. Os dois ficaram impressionados com a estrutura do Conecta SUS e com as atividades efetivadas no local, como por exemplo, o armazenamento e atualiza\u00e7\u00e3o em tempo real dos indicadores de sa\u00fade.<\/p>\n<p>Eliane Nascimento destacou que a Secretaria de Estado da Sa\u00fade do Sergipe tem como meta ampliar o centro de informa\u00e7\u00f5es existente no local. Com este prop\u00f3sito, Jean Pierre e a equipe estudam a possibilidade de os Estados de Goi\u00e1s e Sergipe, por meio das Secretarias da Sa\u00fade, firmarem um termo de coopera\u00e7\u00e3o t\u00e9cnica para a estrutura\u00e7\u00e3o de uma unidade nos moldes do Conecta SUS naquele estado.<\/p>\n","protected":false},"excerpt":{"rendered":"<p>Representantes da Secretaria de Estado da Sa\u00fade de Sergipe visitaram na manh\u00e3 desta sexta-feira, 17 de novembro, o Centro de Informa\u00e7\u00f5es e Decis\u00f5es Estrat\u00e9gicas em Sa\u00fade Zilda Arns Neumann (Conecta SUS).<\/p>\n","protected":false},"author":46,"featured_media":0,"comment_status":"closed","ping_status":"open","sticky":false,"template":"","format":"standard","meta":{"footnotes":""},"categories":[3],"tags":[],"class_list":["post-2356","post","type-post","status-publish","format-standard","hentry","category-noticias"],"rttpg_featured_image_url":null,"rttpg_author":{"display_name":"cleybetsls","author_link":"https:\/\/goias.gov.br\/saude\/author\/cleybetsls\/"},"rttpg_comment":0,"rttpg_category":"<a href=\"https:\/\/goias.gov.br\/saude\/categoria\/noticias\/\" rel=\"category tag\">Not\u00edcias<\/a>","rttpg_excerpt":"Representantes da Secretaria de Estado da Sa\u00fade de Sergipe visitaram na manh\u00e3 desta sexta-feira, 17 de novembro, o Centro de Informa\u00e7\u00f5es e Decis\u00f5es Estrat\u00e9gicas em Sa\u00fade Zilda Arns Neumann (Conecta SUS).","_links":{"self":[{"href":"https:\/\/goias.gov.br\/saude\/wp-json\/wp\/v2\/posts\/2356","targetHints":{"allow":["GET"]}}],"collection":[{"href":"https:\/\/goias.gov.br\/saude\/wp-json\/wp\/v2\/posts"}],"about":[{"href":"https:\/\/goias.gov.br\/saude\/wp-json\/wp\/v2\/types\/post"}],"author":[{"embeddable":true,"href":"https:\/\/goias.gov.br\/saude\/wp-json\/wp\/v2\/users\/46"}],"replies":[{"embeddable":true,"href":"https:\/\/goias.gov.br\/saude\/wp-json\/wp\/v2\/comments?post=2356"}],"version-history":[{"count":0,"href":"https:\/\/goias.gov.br\/saude\/wp-json\/wp\/v2\/posts\/2356\/revisions"}],"wp:attachment":[{"href":"https:\/\/goias.gov.br\/saude\/wp-json\/wp\/v2\/media?parent=2356"}],"wp:term":[{"taxonomy":"category","embeddable":true,"href":"https:\/\/goias.gov.br\/saude\/wp-json\/wp\/v2\/categories?post=2356"},{"taxonomy":"post_tag","embeddable":true,"href":"https:\/\/goias.gov.br\/saude\/wp-json\/wp\/v2\/tags?post=2356"}],"curies":[{"name":"wp","href":"https:\/\/api.w.org\/{rel}","templated":true}]}}