

{"id":2354,"date":"2017-11-20T14:33:16","date_gmt":"2017-11-20T16:33:16","guid":{"rendered":"https:\/\/siteshom.goias.gov.br\/saude\/publicado-resultado-final-de-projetos-do-programa-de-saude-coletiva\/"},"modified":"2017-11-20T14:33:16","modified_gmt":"2017-11-20T16:33:16","slug":"publicado-resultado-final-de-projetos-do-programa-de-saude-coletiva","status":"publish","type":"post","link":"https:\/\/goias.gov.br\/saude\/publicado-resultado-final-de-projetos-do-programa-de-saude-coletiva\/","title":{"rendered":"Publicado resultado final de projetos do Programa de Sa\u00fade Coletiva"},"content":{"rendered":"<p><p align=\"justify\"><span style=\"color: #4f4f4f;\"><span style=\"font-family: arial, helvetica, freesans, sans-serif;\">A Superintend\u00eancia de Educa\u00e7\u00e3o em Sa\u00fade e Trabalho para o SUS (SEST-SUS) divulga a lista final da an\u00e1lise de projetos inscritos para o processo seletivo do Programa de P\u00f3s-Gradua\u00e7\u00e3o em Sa\u00fade Coletiva \u2013 N\u00edvel Mestrado Profissional da UFG. Confira a listagem (leia mais).<\/span><\/span><\/p>\n<\/p>\n<p><p align=\"justify\">Tamb\u00e9m j\u00e1 est\u00e1 dispon\u00edvel a informa\u00e7\u00e3o sobre o local da prova dissertativa de Conhecimentos em Tem\u00e1ticas da Sa\u00fade, que ser\u00e1 realizada dia 21 de novembro de 2017, das 8:00 \u00e0s 12:00 horas<\/p>\n<\/p>\n<p><p align=\"justify\"><a href=\"https:\/\/goias.gov.br\/saude\/wp-content\/uploads\/sites\/34\/2017\/11\/ilovepdf_merged_1-1-ae8.pdf\" target=\"_blank\" rel=\"noopener noreferrer\">EDITAL N\u00ba 01\/2017 &#8211; PROCESSO SELETIVO DO PROGRAMA DE P\u00d3S-GRADUA\u00c7\u00c3O EM SA\u00daDE COLETIVA<\/a><\/p>\n<\/p>\n<p><p align=\"justify\"><a href=\"https:\/\/goias.gov.br\/saude\/wp-content\/uploads\/sites\/34\/2017\/11\/resultado_final_de_analise_de_projetos_-_processo_seletivo_2017-5fe.pdf\" target=\"_blank\" rel=\"noopener noreferrer\">RESULTADO FINAL DE AN\u00c1LISE DE PROJETOS <\/a><\/p><\/p>\n","protected":false},"excerpt":{"rendered":"<p>A Superintend\u00eancia de Educa\u00e7\u00e3o em Sa\u00fade e Trabalho para o SUS (SEST-SUS) divulga a lista final da an\u00e1lise de projetos inscritos para o processo seletivo do Programa de P\u00f3s-Gradua\u00e7\u00e3o em Sa\u00fade Coletiva \u2013 N\u00edvel Mestrado Profissional da UFG. Confira a listagem (leia mais). Tamb\u00e9m j\u00e1 est\u00e1 dispon\u00edvel a informa\u00e7\u00e3o sobre o local da prova dissertativa [&hellip;]<\/p>\n","protected":false},"author":46,"featured_media":0,"comment_status":"closed","ping_status":"open","sticky":false,"template":"","format":"standard","meta":{"footnotes":""},"categories":[3],"tags":[],"class_list":["post-2354","post","type-post","status-publish","format-standard","hentry","category-noticias"],"rttpg_featured_image_url":null,"rttpg_author":{"display_name":"cleybetsls","author_link":"https:\/\/goias.gov.br\/saude\/author\/cleybetsls\/"},"rttpg_comment":0,"rttpg_category":"<a href=\"https:\/\/goias.gov.br\/saude\/categoria\/noticias\/\" rel=\"category tag\">Not\u00edcias<\/a>","rttpg_excerpt":"A Superintend\u00eancia de Educa\u00e7\u00e3o em Sa\u00fade e Trabalho para o SUS (SEST-SUS) divulga a lista final da an\u00e1lise de projetos inscritos para o processo seletivo do Programa de P\u00f3s-Gradua\u00e7\u00e3o em Sa\u00fade Coletiva \u2013 N\u00edvel Mestrado Profissional da UFG. Confira a listagem (leia mais). Tamb\u00e9m j\u00e1 est\u00e1 dispon\u00edvel a informa\u00e7\u00e3o sobre o local da prova dissertativa&hellip;","_links":{"self":[{"href":"https:\/\/goias.gov.br\/saude\/wp-json\/wp\/v2\/posts\/2354","targetHints":{"allow":["GET"]}}],"collection":[{"href":"https:\/\/goias.gov.br\/saude\/wp-json\/wp\/v2\/posts"}],"about":[{"href":"https:\/\/goias.gov.br\/saude\/wp-json\/wp\/v2\/types\/post"}],"author":[{"embeddable":true,"href":"https:\/\/goias.gov.br\/saude\/wp-json\/wp\/v2\/users\/46"}],"replies":[{"embeddable":true,"href":"https:\/\/goias.gov.br\/saude\/wp-json\/wp\/v2\/comments?post=2354"}],"version-history":[{"count":0,"href":"https:\/\/goias.gov.br\/saude\/wp-json\/wp\/v2\/posts\/2354\/revisions"}],"wp:attachment":[{"href":"https:\/\/goias.gov.br\/saude\/wp-json\/wp\/v2\/media?parent=2354"}],"wp:term":[{"taxonomy":"category","embeddable":true,"href":"https:\/\/goias.gov.br\/saude\/wp-json\/wp\/v2\/categories?post=2354"},{"taxonomy":"post_tag","embeddable":true,"href":"https:\/\/goias.gov.br\/saude\/wp-json\/wp\/v2\/tags?post=2354"}],"curies":[{"name":"wp","href":"https:\/\/api.w.org\/{rel}","templated":true}]}}