

{"id":2332,"date":"2017-11-24T08:37:34","date_gmt":"2017-11-24T10:37:34","guid":{"rendered":"https:\/\/siteshom.goias.gov.br\/saude\/brasil-aumenta-diagnostico-e-tratamento-para-o-hiv\/"},"modified":"2017-11-24T08:37:34","modified_gmt":"2017-11-24T10:37:34","slug":"brasil-aumenta-diagnostico-e-tratamento-para-o-hiv","status":"publish","type":"post","link":"https:\/\/goias.gov.br\/saude\/brasil-aumenta-diagnostico-e-tratamento-para-o-hiv\/","title":{"rendered":"Brasil aumenta diagn\u00f3stico e tratamento para o HIV"},"content":{"rendered":"<p>Aumento no diagn\u00f3stico entre as pessoas que vivem com HIV e no n\u00famero de pessoas em tratamento s\u00e3o os destaques do Relat\u00f3rio de Monitoramento Cl\u00ednico do HIV lan\u00e7ado nesta quinta-feira (23) pelo Minist\u00e9rio da Sa\u00fade.<br \/>\n<!--more--><\/p>\n<p><em>Novo levantamento indica que, desde 2012, o n\u00famero de pessoas diagnosticadas com a doen\u00e7a aumentou 18% e o acesso ao tratamento 15%. Tamb\u00e9m se observou redu\u00e7\u00e3o da circula\u00e7\u00e3o do v\u00edrus no sangue dos tratados, indicando sucesso dos medicamentos ofertados no SUS<\/em><\/p>\n<div class=\"m_-5273229903128418954m_998032063684102085text\">\n<p>Aumento no diagn\u00f3stico entre as pessoas que vivem com HIV e no n\u00famero de pessoas em tratamento s\u00e3o os destaques do Relat\u00f3rio de Monitoramento Cl\u00ednico do HIV lan\u00e7ado nesta quinta-feira (23) pelo Minist\u00e9rio da Sa\u00fade. O documento demonstra o avan\u00e7o do pa\u00eds no alcance das\u00a0 metas 90-90-90, no per\u00edodo de 2012 a 2016. De acordo com o documento, estima-se que, em 2016, aproximadamente 830 mil pessoas vivem com HIV no pa\u00eds, dessas, 694 mil (84%) diagnosticadas; 655 mil (79%) vinculadas a algum servi\u00e7o de sa\u00fade; e 563 mil (68%) retidas nos servi\u00e7os.<\/p>\n<p>A propor\u00e7\u00e3o de pessoas vivendo com HIV diagnosticadas (1\u00aa meta) aumentou em 18%, passando de 71%, em 2012, para 84%, em 2016. Ainda com rela\u00e7\u00e3o aos resultados das metas no pa\u00eds, houve um aumento de 15% na propor\u00e7\u00e3o de PVHIV diagnosticadas que estavam em tratamento (de 62% em 2012 para 72% em 2016). Nos primeiros seis meses de 2017, o relat\u00f3rio aponta que quase 35 mil pessoas iniciaram terapia antirretroviral (TARV). Na terceira meta, das pessoas em tratamento antirretroviral, h\u00e1 pelo menos seis meses, em 2016, 91% atingiram supress\u00e3o viral (carga viral abaixo de 1.000 c\u00f3pias\/mL indicando sucesso no tratamento). Essa propor\u00e7\u00e3o \u00e9 6% acima da observada em 2012 (85%) e aponta\u00a0 que o pa\u00eds ultrapassou a meta estabelecida.<\/p>\n<p><strong>SERVI\u00c7O:<\/strong><\/p>\n<p><strong>ADELE BENZAKEN ATENDE A IMPRENSA \u00c0S 11H \u2013 CONFIRA ABAIXO O SERVI\u00c7O<\/strong><\/p>\n<p>O ministro da Sa\u00fade, Ricardo Barros, comentou os avan\u00e7os apontados pelo relat\u00f3rio. Barros ressaltou a import\u00e2ncia da manuten\u00e7\u00e3o das a\u00e7\u00f5es de preven\u00e7\u00e3o e controle do HIV\/aids no Brasil. \u201cOs resultados observados no Relat\u00f3rio refletem os esfor\u00e7os de um conjunto de a\u00e7\u00f5es realizadas por diversos atores, em diferentes n\u00edveis de gest\u00e3o, para a redu\u00e7\u00e3o da transmiss\u00e3o do HIV e a melhoria da qualidade de vida das pessoas que vivem com HIV e aids no pa\u00eds\u201d, observou o ministro.<\/p>\n<p>Lan\u00e7ado pelo segundo ano seguido, o documento Relat\u00f3rio de Monitoramento Cl\u00ednico do HIV, re\u00fane e analisa as informa\u00e7\u00f5es dos principais indicadores de monitoramento cl\u00ednico, atualizados at\u00e9 30 de junho de 2017. O relat\u00f3rio avalia as metas 90-90-90: (90% das pessoas vivendo com HIV (PVHIV) diagnosticadas; 90% das PVHIV diagnosticadas em terapia antirretroviral (Tarv); e 90% das PVHIV diagnosticadas em TARV (terapia antirretroviral &#8211; com supress\u00e3o viral, at\u00e9 o ano de 2020) para o Brasil, entre 2012 e 2016. As metas foram institu\u00eddas, em 2014, pelo Programa das Na\u00e7\u00f5es Unidas para Aids (UNAIDS).<\/p>\n<p>Outro dado do relat\u00f3rio aponta que, de todos os indiv\u00edduos infectados pelo HIV, observa-se cobertura antirretroviral de 60% e supress\u00e3o viral de 54% (com carga viral abaixo de 1.000 c\u00f3pias\/mL). Isso \u00e9 excelente porque quanto menor a carga viral, menor a possibilidade de transmiss\u00e3o do v\u00edrus e indica sucesso no tratamento da pessoa vivendo com HIV.<\/p>\n<p>No primeiro semestre de 2017, at\u00e9 30 junho, o n\u00famero de pessoas em TARV somava mais de 517 mil. De acordo com os resultados monitorados at\u00e9 o momento, estima-se que at\u00e9 o final do ano cerca de 550 mil PVHIV estar\u00e3o em tratamento, indicando um incremento de mais de 10% nesse n\u00famero at\u00e9 o final do ano, ultrapassando o crescimento observado entre 2015- 2016.<\/p>\n<p>Al\u00e9m deste aumento no n\u00famero de pessoas em TARV, verifica-se tamb\u00e9m uma diminui\u00e7\u00e3o expressiva no tempo mediano (em dias) entre o diagn\u00f3stico e o in\u00edcio do tratamento, caindo de 161 dias para 42 dias, em menos de quatro anos, de 2014 a junho de 2017, respectivamente.<\/p>\n<p>O Brasil foi o primeiro pa\u00eds da Am\u00e9rica Latina a incorporar, a partir de janeiro de 2017, o medicamento Dolutegravir, que \u00e9 considerado atualmente o melhor medicamento para tratamento do HIV. Dados mais atuais, at\u00e9 31 de outubro 2017, revelam que 68 mil PVHIV j\u00e1 est\u00e3o em uso de Dolutegravir no pa\u00eds.<\/p>\n<p>Ainda em rela\u00e7\u00e3o \u00e0s metas 90-90-90, observa-se que das pessoas em TARV, h\u00e1 pelo menos seis meses, em 2016, 91% atingiram supress\u00e3o viral (carga viral abaixo de 1.000 c\u00f3pias\/mL indicando sucesso no tratamento), propor\u00e7\u00e3o de 6% acima da observada em 2012 (85%) e ultrapassando a meta estabelecida.<\/p>\n<p>Esses dados subsidiam a resposta ao HIV no Brasil e s\u00e3o reconhecidos por seu rigor, como fonte de informa\u00e7\u00e3o no \u00e2mbito internacional. Recentemente, a Organiza\u00e7\u00e3o Mundial de Sa\u00fade (OMS) reconheceu na Confer\u00eancia Internacional de Aids (IAS 2017, em Paris), durante o lan\u00e7amento do Consolidated Guidelines on Person-Centred HIV Patient Monitoring and Case Surveillance, que o Brasil \u00e9 um dos poucos pa\u00edses do mundo que tem conseguido utilizar as informa\u00e7\u00f5es geradas por seus sistemas nacionais de informa\u00e7\u00e3o em sa\u00fade para fazer diferen\u00e7a na resposta ao HIV. Nesta publica\u00e7\u00e3o, inclusive, o Brasil foi citado como exemplo a ser seguido.<\/p>\n<p><strong>Confira aqui a publica\u00e7\u00e3o: <a href=\"https:\/\/www.who.int\/hiv\/pub\/guidelines\/person-centred-hiv-monitoring-guidelines\/en\/\" target=\"_blank\" rel=\"noopener noreferrer\" data-saferedirecturl=\"https:\/\/www.google.com\/url?hl=pt-BR&amp;q=https:\/\/www.who.int\/hiv\/pub\/guidelines\/person-centred-hiv-monitoring-guidelines\/en\/&amp;source=gmail&amp;ust=1511613371411000&amp;usg=AFQjCNH88EODO_LQ1bTTQMoE31QTjacrIg\">https:\/\/www.who.int\/hiv\/pub\/gui<wbr \/>delines\/person-centred-hiv-mon<wbr \/>itoring-guidelines\/en\/<\/a><\/strong><\/p>\n<p><strong>Desafios<\/strong> &#8211; A maior vulnerabilidade entre os jovens fica evidente nos resultados apresentados no Relat\u00f3rio. Na an\u00e1lise das metas 90-90-90 estimou-se que apenas 56% das PVHIV de 18 a 24 anos diagnosticadas estavam em TARV, e desses, menos da metade apresentavam supress\u00e3o viral (Carga Viral menor que 200 c\u00f3pias\/mL).<\/p>\n<p>Outro desafio a ser enfrentado refere-se a ades\u00e3o \u00e0 TARV. Os dados indicam que 70% das pessoas vivendo com HIV \u2013 com pelo menos uma dispensa de medicamentos em 2016- apresentavam ades\u00e3o suficiente. Por\u00e9m a taxa de abandono ou interrup\u00e7\u00e3o do tratamento de 9% se mant\u00e9m praticamente constante desde 2013.<\/p>\n<p>\u201cEstamos aprimorando as a\u00e7\u00f5es program\u00e1ticas, buscando a acelera\u00e7\u00e3o e a qualifica\u00e7\u00e3o da resposta brasileira ao HIV, com vistas ao alcance das metas estabelecidas no planejamento estrat\u00e9gico do Departamento de IST, HIV e Aids e Hepatites Virais\u201d, explica a Dra. Adele Benzaken, diretora do departamento. A diretora ressalta ainda\u00a0 que a publica\u00e7\u00e3o do relat\u00f3rio refor\u00e7a \u201co compromisso de transpar\u00eancia com a popula\u00e7\u00e3o brasileira, especialmente com as pessoas que vivem com HIV e com os grupos de popula\u00e7\u00f5es-chave e priorit\u00e1rias que s\u00e3o mais afetadas pela epidemia\u201d.<\/p>\n<p>O financiamento de toda a terapia antirretroviral distribu\u00edda pelo SUS no Brasil, garantida sua sustentabilidade por lei, \u00e9 feito com recursos exclusivamente nacionais. Em 2017 foi investido R$ 1.1 bilh\u00e3o para aquisi\u00e7\u00e3o de 37 apresenta\u00e7\u00f5es dos medicamentos.<\/p>\n<p><strong>Confira <a href=\"https:\/\/www.aids.gov.br\/pt-br\/pub\/2017\/relatorio-de-monitoramento-clinico-do-hiv\" target=\"_blank\" rel=\"noopener noreferrer\" data-saferedirecturl=\"https:\/\/www.google.com\/url?hl=pt-BR&amp;q=https:\/\/www.aids.gov.br\/pt-br\/pub\/2017\/relatorio-de-monitoramento-clinico-do-hiv&amp;source=gmail&amp;ust=1511613371411000&amp;usg=AFQjCNHlESHHvZDyi2LQNxYp-DKil2jnUg\">aqui<\/a> Relat\u00f3rio de Monitoramento Cl\u00ednico do HIV<\/strong><\/p>\n<p><strong>Confira indicadores e dados b\u00e1sicos de monitoramento cl\u00ednico de HIV em: <a href=\"https:\/\/indicadoresclinicos.aids.gov.br\/\" target=\"_blank\" rel=\"noopener noreferrer\" data-saferedirecturl=\"https:\/\/www.google.com\/url?hl=pt-BR&amp;q=https:\/\/indicadoresclinicos.aids.gov.br\/&amp;source=gmail&amp;ust=1511613371411000&amp;usg=AFQjCNH_5-GVZxoXU-LZZ48JLYsrY-8ZHw\">indicadoresclinicos.aids.gov.b<wbr \/>r<\/a><\/strong><\/p>\n<p><strong>SERVI\u00c7O<\/strong><\/p>\n<p>Entrevista com a Adele Benzaken \u2013 Diretora do Departamento de IST, HIV e Aids e Hepatites Virais do Minist\u00e9rio da Sa\u00fade<\/p>\n<p>Data: 24 de novembro (Sexta-feira)<\/p>\n<p>Hor\u00e1rio: 11h<\/p>\n<p>Local: PO 700 &#8211; SRTV 702 \u2013 via W5 norte \u2013 Bras\u00edlia\/DF<\/p>\n<\/div>\n","protected":false},"excerpt":{"rendered":"<p>Aumento no diagn\u00f3stico entre as pessoas que vivem com HIV e no n\u00famero de pessoas em tratamento s\u00e3o os destaques do Relat\u00f3rio de Monitoramento Cl\u00ednico do HIV lan\u00e7ado nesta quinta-feira (23) pelo Minist\u00e9rio da Sa\u00fade.<\/p>\n","protected":false},"author":46,"featured_media":0,"comment_status":"closed","ping_status":"open","sticky":false,"template":"","format":"standard","meta":{"footnotes":""},"categories":[3],"tags":[],"class_list":["post-2332","post","type-post","status-publish","format-standard","hentry","category-noticias"],"rttpg_featured_image_url":null,"rttpg_author":{"display_name":"cleybetsls","author_link":"https:\/\/goias.gov.br\/saude\/author\/cleybetsls\/"},"rttpg_comment":0,"rttpg_category":"<a href=\"https:\/\/goias.gov.br\/saude\/categoria\/noticias\/\" rel=\"category tag\">Not\u00edcias<\/a>","rttpg_excerpt":"Aumento no diagn\u00f3stico entre as pessoas que vivem com HIV e no n\u00famero de pessoas em tratamento s\u00e3o os destaques do Relat\u00f3rio de Monitoramento Cl\u00ednico do HIV lan\u00e7ado nesta quinta-feira (23) pelo Minist\u00e9rio da Sa\u00fade.","_links":{"self":[{"href":"https:\/\/goias.gov.br\/saude\/wp-json\/wp\/v2\/posts\/2332","targetHints":{"allow":["GET"]}}],"collection":[{"href":"https:\/\/goias.gov.br\/saude\/wp-json\/wp\/v2\/posts"}],"about":[{"href":"https:\/\/goias.gov.br\/saude\/wp-json\/wp\/v2\/types\/post"}],"author":[{"embeddable":true,"href":"https:\/\/goias.gov.br\/saude\/wp-json\/wp\/v2\/users\/46"}],"replies":[{"embeddable":true,"href":"https:\/\/goias.gov.br\/saude\/wp-json\/wp\/v2\/comments?post=2332"}],"version-history":[{"count":0,"href":"https:\/\/goias.gov.br\/saude\/wp-json\/wp\/v2\/posts\/2332\/revisions"}],"wp:attachment":[{"href":"https:\/\/goias.gov.br\/saude\/wp-json\/wp\/v2\/media?parent=2332"}],"wp:term":[{"taxonomy":"category","embeddable":true,"href":"https:\/\/goias.gov.br\/saude\/wp-json\/wp\/v2\/categories?post=2332"},{"taxonomy":"post_tag","embeddable":true,"href":"https:\/\/goias.gov.br\/saude\/wp-json\/wp\/v2\/tags?post=2332"}],"curies":[{"name":"wp","href":"https:\/\/api.w.org\/{rel}","templated":true}]}}