

{"id":2324,"date":"2017-11-27T09:33:35","date_gmt":"2017-11-27T11:33:35","guid":{"rendered":"https:\/\/siteshom.goias.gov.br\/saude\/hdt-empossa-novos-membros-da-cipa\/"},"modified":"2017-11-27T09:33:35","modified_gmt":"2017-11-27T11:33:35","slug":"hdt-empossa-novos-membros-da-cipa","status":"publish","type":"post","link":"https:\/\/goias.gov.br\/saude\/hdt-empossa-novos-membros-da-cipa\/","title":{"rendered":"HDT empossa novos membros da Cipa"},"content":{"rendered":"<p>Os novos membros da Comiss\u00e3o Interna de Acidentes de Trabalho (Cipa) gest\u00e3o 2017\/2018 representante dos servidores celetistas do Hospital Estadual de Doen\u00e7as Tropicais Dr. Anuar Auad (HDT) foram empossados na manh\u00e3 da \u00faltima quinta-feira, dia 23 de novembro, no audit\u00f3rio da unidade.<br \/>\n<!--more--><\/p>\n<p>Os novos membros da Comiss\u00e3o Interna de Acidentes de Trabalho (Cipa) gest\u00e3o 2017\/2018 representante dos servidores celetistas do Hospital Estadual de Doen\u00e7as Tropicais Dr. Anuar Auad (HDT) foram empossados na manh\u00e3 da \u00faltima quinta-feira, dia 23 de novembro, no audit\u00f3rio da unidade. Oito colaboradores foram eleitos e outros oito foram indicados pela diretoria para fazerem parte da comiss\u00e3o que tem como objetivo a preven\u00e7\u00e3o de acidentes e doen\u00e7as decorrentes do trabalho, de modo a tornar compat\u00edvel o trabalho com a preserva\u00e7\u00e3o da vida e a promo\u00e7\u00e3o da sa\u00fade do trabalhador.<\/p>\n<p>No ato da posse, o gerente administrativo do HDT, Ant\u00f4nio Jorge Maciel, que tamb\u00e9m \u00e9 um dos integrantes da nova composi\u00e7\u00e3o da Cipa, deu boas vindas aos cipeiros e elogiou o trabalho da comiss\u00e3o. \u201c\u00c9 um privil\u00e9gio podermos contar com uma Cipa consolidada e organizada em nossa unidade, que proporciona melhorias constantes na preven\u00e7\u00e3o de acidentes\u201d. O supervisor do Servi\u00e7o Especializado em Engenharia de Seguran\u00e7a e em Medicina do Trabalho (SESMT), Fernando Pereira, agradeceu a participa\u00e7\u00e3o de todos os envolvidos e os lembrou de suas responsabilidades. \u201cA Cipa tem um papel muito importante dentro da institui\u00e7\u00e3o e por isso realiza reuni\u00f5es mensais para definir campanhas\u00a0de preven\u00e7\u00e3o de acidentes de trabalho\u201d. O supervisor tamb\u00e9m fez um agradecimento especial a presidente da Cipa estatut\u00e1ria, Alderina dos Santos, que se dedica incansavelmente nas campanhas e a\u00e7\u00f5es desenvolvidas.<\/p>\n<p>Durante a cerim\u00f4nia, a presidente da Cipa celetista da gest\u00e3o 2016\/2017, Maria Jos\u00e9 Silva, falou sobre a experi\u00eancia gratificante de ser cipeira. \u201cFui integrante da Comiss\u00e3o por tr\u00eas gest\u00f5es e \u00e9 uma grande alegria poder auxiliar a todos\u201d. O novo presidente, Wander Lu\u00edz Cruz, agradeceu a todos pelo voto de confian\u00e7a. \u201cFiquei muito surpreso e agradecido. Darei o meu melhor e espero contar com a colabora\u00e7\u00e3o de todos para desenvolver um bom trabalho nessa gest\u00e3o\u201d, ressaltou. As elei\u00e7\u00f5es ocorreram entre os dias 9 e 11 de outubro e a apura\u00e7\u00e3o seguida da indica\u00e7\u00e3o da diretoria aconteceram em 16 de outubro.<\/p>\n<p><strong>Confira a rela\u00e7\u00e3o da comiss\u00e3o eleita:<\/p>\n<p><\/strong><\/p>\n<table>\n<tbody>\n<tr>\n<p><td width=\"279\"><strong>Titulares<\/strong><\/td>\n<\/p>\n<p><td width=\"279\"><strong>Suplentes<\/strong><\/td>\n<\/p>\n<\/tr>\n<tr>\n<p><td width=\"279\">S\u00f4nia Lino Vieira Medeiros<\/td>\n<\/p>\n<p><td width=\"279\">Juliani Azevedo Ciriaco<\/td>\n<\/p>\n<\/tr>\n<tr>\n<p><td width=\"279\">Francielle Marinho C. Rodrigues<\/td>\n<\/p>\n<p><td width=\"279\">Ant\u00f4nio Jorge de Almeida Maciel<\/td>\n<\/p>\n<\/tr>\n<tr>\n<p><td width=\"279\">Anny Clemente Alencar Meireles<\/td>\n<\/p>\n<p><td width=\"279\">Priscila Fued Arantes Barcelos<\/td>\n<\/p>\n<\/tr>\n<tr>\n<p><td width=\"279\">Aminadabi Lima de Barros Filho<\/td>\n<\/p>\n<p><td width=\"279\">Maria de F\u00e1tima Alves Santos<\/td>\n<\/p>\n<\/tr>\n<\/tbody>\n<\/table>\n<p>&nbsp;<\/p>\n<p><strong>Indicada:<\/p>\n<p><\/strong><\/p>\n<table>\n<tbody>\n<tr>\n<p><td width=\"284\"><strong>Titulares<\/strong><\/td>\n<\/p>\n<p><td width=\"284\"><strong>Suplentes<\/strong><\/td>\n<\/p>\n<\/tr>\n<tr>\n<p><td width=\"284\">Igor Guimar\u00e3es Silva<\/td>\n<\/p>\n<p><td width=\"284\">Adjaina Mendes de Oliveira Ataide<\/td>\n<\/p>\n<\/tr>\n<tr>\n<p><td width=\"284\">Wander Luiz Costa Cruz<\/td>\n<\/p>\n<p><td width=\"284\">C\u00edntia de Paula Rosa Alves<\/td>\n<\/p>\n<\/tr>\n<tr>\n<p><td width=\"284\">Eleuza de F\u00e1tima Nogueira<\/td>\n<\/p>\n<p><td width=\"284\">Francisco Edivan Nicolau de Ara\u00fajo<\/td>\n<\/p>\n<\/tr>\n<tr>\n<p><td width=\"284\">Robson Alves dos Santos<\/td>\n<\/p>\n<p><td width=\"284\">Grazielle Magno Rocha<\/td>\n<\/p>\n<\/tr>\n<\/tbody>\n<\/table>\n<p><strong>\u00a0<\/strong><\/p>\n","protected":false},"excerpt":{"rendered":"<p>Os novos membros da Comiss\u00e3o Interna de Acidentes de Trabalho (Cipa) gest\u00e3o 2017\/2018 representante dos servidores celetistas do Hospital Estadual de Doen\u00e7as Tropicais Dr. Anuar Auad (HDT) foram empossados na manh\u00e3 da \u00faltima quinta-feira, dia 23 de novembro, no audit\u00f3rio da unidade.<\/p>\n","protected":false},"author":46,"featured_media":0,"comment_status":"closed","ping_status":"open","sticky":false,"template":"","format":"standard","meta":{"footnotes":""},"categories":[3],"tags":[],"class_list":["post-2324","post","type-post","status-publish","format-standard","hentry","category-noticias"],"rttpg_featured_image_url":null,"rttpg_author":{"display_name":"cleybetsls","author_link":"https:\/\/goias.gov.br\/saude\/author\/cleybetsls\/"},"rttpg_comment":0,"rttpg_category":"<a href=\"https:\/\/goias.gov.br\/saude\/categoria\/noticias\/\" rel=\"category tag\">Not\u00edcias<\/a>","rttpg_excerpt":"Os novos membros da Comiss\u00e3o Interna de Acidentes de Trabalho (Cipa) gest\u00e3o 2017\/2018 representante dos servidores celetistas do Hospital Estadual de Doen\u00e7as Tropicais Dr. Anuar Auad (HDT) foram empossados na manh\u00e3 da \u00faltima quinta-feira, dia 23 de novembro, no audit\u00f3rio da unidade.","_links":{"self":[{"href":"https:\/\/goias.gov.br\/saude\/wp-json\/wp\/v2\/posts\/2324","targetHints":{"allow":["GET"]}}],"collection":[{"href":"https:\/\/goias.gov.br\/saude\/wp-json\/wp\/v2\/posts"}],"about":[{"href":"https:\/\/goias.gov.br\/saude\/wp-json\/wp\/v2\/types\/post"}],"author":[{"embeddable":true,"href":"https:\/\/goias.gov.br\/saude\/wp-json\/wp\/v2\/users\/46"}],"replies":[{"embeddable":true,"href":"https:\/\/goias.gov.br\/saude\/wp-json\/wp\/v2\/comments?post=2324"}],"version-history":[{"count":0,"href":"https:\/\/goias.gov.br\/saude\/wp-json\/wp\/v2\/posts\/2324\/revisions"}],"wp:attachment":[{"href":"https:\/\/goias.gov.br\/saude\/wp-json\/wp\/v2\/media?parent=2324"}],"wp:term":[{"taxonomy":"category","embeddable":true,"href":"https:\/\/goias.gov.br\/saude\/wp-json\/wp\/v2\/categories?post=2324"},{"taxonomy":"post_tag","embeddable":true,"href":"https:\/\/goias.gov.br\/saude\/wp-json\/wp\/v2\/tags?post=2324"}],"curies":[{"name":"wp","href":"https:\/\/api.w.org\/{rel}","templated":true}]}}