

{"id":2317,"date":"2017-11-27T14:58:38","date_gmt":"2017-11-27T16:58:38","guid":{"rendered":"https:\/\/siteshom.goias.gov.br\/saude\/hurso-participa-da-1a-jornada-cientifica-da-ses-go\/"},"modified":"2017-11-27T14:58:38","modified_gmt":"2017-11-27T16:58:38","slug":"hurso-participa-da-1a-jornada-cientifica-da-ses-go","status":"publish","type":"post","link":"https:\/\/goias.gov.br\/saude\/hurso-participa-da-1a-jornada-cientifica-da-ses-go\/","title":{"rendered":"Hurso participa da 1\u00aa Jornada Cient\u00edfica da SES-GO"},"content":{"rendered":"<p><img fetchpriority=\"high\" decoding=\"async\" class=\"alignnone size-full wp-image-13509 size-full wp-image-2316\" src=\"https:\/\/goias.gov.br\/saude\/wp-content\/uploads\/sites\/34\/2017\/11\/ses-video-6-bec.jpg\" alt=\"\" width=\"1920\" height=\"1080\" \/>No dia 22\/11, um grupo de colaboradores do Hospital de Urg\u00eancias da Regi\u00e3o Sudoeste (Hurso), em Santa Helena de Goi\u00e1s (GO), apresentou dois trabalhos na 1\u00aa Jornada Cient\u00edfica da Secretaria de Estado da Sa\u00fade de Goi\u00e1s (SES-GO). O evento aconteceu no Escola de Sa\u00fade SEST\/SUS.<\/p>\n<p>N\u00edvea Rodrigues Borges, gerente do N\u00facleo de Qualidade e Seguran\u00e7a do Paciente (NQSP), J\u00e9ssica Pierazzo, analista de Recursos Humanos, e Max Suelen L. Santana, enfermeira do Servi\u00e7o de Controle de Infec\u00e7\u00e3o Hospitalar (SCIH), fizeram a exposi\u00e7\u00e3o dos temas \u201cGerenciamento de Risco e Controle de Infec\u00e7\u00e3o Relacionada com a Assist\u00eancia \u00e0 Sa\u00fade\u201d e \u201cGest\u00e3o por Compet\u00eancia: Continuidade de Boas Pr\u00e1ticas\u201d.<\/p>\n<p>O grupo foi acompanhado pelo diretor-geral da Unidade, Anthony Carrera, que tamb\u00e9m representou a Pr\u00f3-Sa\u00fade Associa\u00e7\u00e3o Beneficente de Assist\u00eancia Social e Hospitalar, entidade respons\u00e1vel pela gest\u00e3o do Hurso, sob contrato com a SES-GO.<\/p>\n","protected":false},"excerpt":{"rendered":"<p>No dia 22\/11, um grupo de colaboradores do Hospital de Urg\u00eancias da Regi\u00e3o Sudoeste (Hurso), em Santa Helena de Goi\u00e1s (GO), apresentou dois trabalhos na 1\u00aa Jornada Cient\u00edfica da Secretaria de Estado da Sa\u00fade de Goi\u00e1s (SES-GO). O evento aconteceu no Escola de Sa\u00fade SEST\/SUS. N\u00edvea Rodrigues Borges, gerente do N\u00facleo de Qualidade e Seguran\u00e7a [&hellip;]<\/p>\n","protected":false},"author":46,"featured_media":2316,"comment_status":"closed","ping_status":"open","sticky":false,"template":"","format":"standard","meta":{"footnotes":""},"categories":[3],"tags":[],"class_list":["post-2317","post","type-post","status-publish","format-standard","has-post-thumbnail","hentry","category-noticias"],"rttpg_featured_image_url":{"full":["https:\/\/goias.gov.br\/saude\/wp-content\/uploads\/sites\/34\/2017\/11\/ses-video-6-bec.jpg",1920,1080,false],"landscape":["https:\/\/goias.gov.br\/saude\/wp-content\/uploads\/sites\/34\/2017\/11\/ses-video-6-bec.jpg",1920,1080,false],"portraits":["https:\/\/goias.gov.br\/saude\/wp-content\/uploads\/sites\/34\/2017\/11\/ses-video-6-bec.jpg",1920,1080,false],"thumbnail":["https:\/\/goias.gov.br\/saude\/wp-content\/uploads\/sites\/34\/2017\/11\/ses-video-6-bec-150x150.jpg",150,150,true],"medium":["https:\/\/goias.gov.br\/saude\/wp-content\/uploads\/sites\/34\/2017\/11\/ses-video-6-bec-300x169.jpg",300,169,true],"large":["https:\/\/goias.gov.br\/saude\/wp-content\/uploads\/sites\/34\/2017\/11\/ses-video-6-bec-1024x576.jpg",1024,576,true],"1536x1536":["https:\/\/goias.gov.br\/saude\/wp-content\/uploads\/sites\/34\/2017\/11\/ses-video-6-bec-1536x864.jpg",1536,864,true],"2048x2048":["https:\/\/goias.gov.br\/saude\/wp-content\/uploads\/sites\/34\/2017\/11\/ses-video-6-bec.jpg",1920,1080,false]},"rttpg_author":{"display_name":"cleybetsls","author_link":"https:\/\/goias.gov.br\/saude\/author\/cleybetsls\/"},"rttpg_comment":0,"rttpg_category":"<a href=\"https:\/\/goias.gov.br\/saude\/categoria\/noticias\/\" rel=\"category tag\">Not\u00edcias<\/a>","rttpg_excerpt":"No dia 22\/11, um grupo de colaboradores do Hospital de Urg\u00eancias da Regi\u00e3o Sudoeste (Hurso), em Santa Helena de Goi\u00e1s (GO), apresentou dois trabalhos na 1\u00aa Jornada Cient\u00edfica da Secretaria de Estado da Sa\u00fade de Goi\u00e1s (SES-GO). O evento aconteceu no Escola de Sa\u00fade SEST\/SUS. N\u00edvea Rodrigues Borges, gerente do N\u00facleo de Qualidade e Seguran\u00e7a&hellip;","_links":{"self":[{"href":"https:\/\/goias.gov.br\/saude\/wp-json\/wp\/v2\/posts\/2317","targetHints":{"allow":["GET"]}}],"collection":[{"href":"https:\/\/goias.gov.br\/saude\/wp-json\/wp\/v2\/posts"}],"about":[{"href":"https:\/\/goias.gov.br\/saude\/wp-json\/wp\/v2\/types\/post"}],"author":[{"embeddable":true,"href":"https:\/\/goias.gov.br\/saude\/wp-json\/wp\/v2\/users\/46"}],"replies":[{"embeddable":true,"href":"https:\/\/goias.gov.br\/saude\/wp-json\/wp\/v2\/comments?post=2317"}],"version-history":[{"count":0,"href":"https:\/\/goias.gov.br\/saude\/wp-json\/wp\/v2\/posts\/2317\/revisions"}],"wp:featuredmedia":[{"embeddable":true,"href":"https:\/\/goias.gov.br\/saude\/wp-json\/wp\/v2\/media\/2316"}],"wp:attachment":[{"href":"https:\/\/goias.gov.br\/saude\/wp-json\/wp\/v2\/media?parent=2317"}],"wp:term":[{"taxonomy":"category","embeddable":true,"href":"https:\/\/goias.gov.br\/saude\/wp-json\/wp\/v2\/categories?post=2317"},{"taxonomy":"post_tag","embeddable":true,"href":"https:\/\/goias.gov.br\/saude\/wp-json\/wp\/v2\/tags?post=2317"}],"curies":[{"name":"wp","href":"https:\/\/api.w.org\/{rel}","templated":true}]}}