

{"id":2268,"date":"2017-12-05T06:17:12","date_gmt":"2017-12-05T08:17:12","guid":{"rendered":"https:\/\/siteshom.goias.gov.br\/saude\/ses-muda-perfil-e-regulacao-para-o-credeq\/"},"modified":"2017-12-05T06:17:12","modified_gmt":"2017-12-05T08:17:12","slug":"ses-muda-perfil-e-regulacao-para-o-credeq","status":"publish","type":"post","link":"https:\/\/goias.gov.br\/saude\/ses-muda-perfil-e-regulacao-para-o-credeq\/","title":{"rendered":"SES muda perfil e regula\u00e7\u00e3o para o Credeq"},"content":{"rendered":"<p>O Centro de Reabilita\u00e7\u00e3o Excel\u00eancia em Depend\u00eancia Qu\u00edmica  Prof. Jamil Issy em Aparecida de Goi\u00e2nia vai atender pacientes adultos, preferencialmente masculino na ala de desintoxica\u00e7\u00e3o e interna\u00e7\u00e3o.<br \/>\n<!--more--><\/p>\n<p><p class=\"m_5281711940609302513gmail-MsoNormal\">O Centro de Reabilita\u00e7\u00e3o Excel\u00eancia em Depend\u00eancia Qu\u00edmica\u00a0 Prof. Jamil Issy em Aparecida de Goi\u00e2nia vai atender pacientes adultos, preferencialmente masculino na ala de desintoxica\u00e7\u00e3o e interna\u00e7\u00e3o. O Credeq para isso, disp\u00f5e de \u00a096 leitos que agora ser\u00e3o todos voltados para este p\u00fablico.\u00a0\u00a0 Al\u00e9m disso, todos os 246 munic\u00edpios a partir de 1 de dezembro, v\u00e3o poder solicitar vagas dentro do perfil de paciente definido para o Credec o que significa que al\u00e9m dos Caps e unidades b\u00e1sicas de sa\u00fade, tamb\u00e9m hospitais e demais unidades de sa\u00fade podem fazer a solicita\u00e7\u00e3o de vagas.<\/p>\n<\/p>\n<p><p class=\"m_5281711940609302513gmail-MsoNormal\">Outra novidade que a Secretaria de Estado da Sa\u00fade j\u00e1 est\u00e1 formalizando no termo aditivo, \u00e9 a inclus\u00e3o de servi\u00e7o odontol\u00f3gico aos pacientes, uma necessidade verificada pelos profissionais da unidade, solicitada pela dire\u00e7\u00e3o da unidade e que agora, ser\u00e1 contemplada.<\/p>\n<\/p>\n<p><p class=\"m_5281711940609302513gmail-MsoNormal\">As mudan\u00e7as de perfil devem-se ao fato observado no 1 ano e meio de funcionamento da unidade que apontou uma demanda menor de procura de vagas de interna\u00e7\u00e3o para adolescentes\u00a0 que tinham 36 leitos destinados, e muito maior de homens adultos. Dificuldades alegadas pelos munic\u00edpios cadastrados em operar o sistema anterior de regula\u00e7\u00e3o, tamb\u00e9m fez com que a SES definisse ampliar o acesso pelo sistema Sisreg.<\/p>\n<\/p>\n<p><p class=\"m_5281711940609302513gmail-MsoNormal\">\u201cO Credeq \u00e9 in\u00e9dito no pa\u00eds, n\u00e3o h\u00e1 similaridade com qualquer outra unidade, portanto, ajustes e reavalia\u00e7\u00f5es eram esperados e podem ocorrer novamente pois sa\u00fade \u00e9 din\u00e2mica, est\u00e1 sediada nos comportamentos, nas sazonalidades epidemiol\u00f3gicas,\u00a0 e em fatores externos \u00e0 governabilidade da pasta \u201d, explica a superintendente\u00a0 Maria Christina Reis, do Controle, avalia\u00e7\u00e3o e Monitoramento das Organiza\u00e7\u00f5es Sociais.<\/p>\n<\/p>\n<p><p class=\"m_5281711940609302513gmail-MsoNormal\">Monitoramento- Devido a fatores externos, o Credeq no primeiro semestre de 2017, apresentou desempenho de produ\u00e7\u00e3o 40% abaixo da meta inicialmente contratada. \u201c Isso n\u00e3o significa falta de efici\u00eancia do parceiro, pois independeu de sua vontade que a demanda ficasse abaixo da oferta prevista; o servi\u00e7o est\u00e1 pronto e instalado para atender com qualidade atestada e elogiada por pacientes, familiares e t\u00e9cnicos de sa\u00fade que j\u00e1 visitaram a unidade.\u00a0 Por outro lado, a Secretaria da Sa\u00fade\u00a0 vem acompanhando a situa\u00e7\u00e3o, discutindo com os envolvidos e definindo as adequa\u00e7\u00f5es juntamente com a organiza\u00e7\u00e3o social parceira. Nesse quesito, como gestores, podemos antever algumas situa\u00e7\u00f5es, mas n\u00e3o antecipar medidas, antes que fatos concretos se estabele\u00e7am na pr\u00e1tica\u201d, explica Reis.<\/p>\n<\/p>\n<p><p class=\"m_5281711940609302513gmail-MsoNormal\">Em 8 de novembro, a SES acatou as sugest\u00f5es que vinham sendo discutidas e apresentadas pela dire\u00e7\u00e3o do Credeq, dando inicio formal a termo aditivo que defina as mudan\u00e7as. A expectativa \u00e9 agora todo munic\u00edpio goiano possa encaminhar ao Credeq p dependente qu\u00edmico, em situa\u00e7\u00e3o de risco de sa\u00fade, que tenha tentado outras recupera\u00e7\u00f5es.<\/p>\n<\/p>\n<p><p class=\"m_5281711940609302513gmail-MsoNormal\"><b>Transporte &#8211;<\/b> O transporte que hoje opera do terminal Araguaia para o Credeq foi autorizado e \u00e9 custeado pelo estado\u00a0 para facilitar os deslocamento de pacientes\u00a0 e familiares at\u00e9 a unidade. Maior disponibilidade de linhas de transporte coletivo j\u00e1 foram solicitadas ao munic\u00edpio de Aparecida.<\/p><\/p>\n","protected":false},"excerpt":{"rendered":"<p>O Centro de Reabilita\u00e7\u00e3o Excel\u00eancia em Depend\u00eancia Qu\u00edmica Prof. Jamil Issy em Aparecida de Goi\u00e2nia vai atender pacientes adultos, preferencialmente masculino na ala de desintoxica\u00e7\u00e3o e interna\u00e7\u00e3o.<\/p>\n","protected":false},"author":46,"featured_media":0,"comment_status":"closed","ping_status":"open","sticky":false,"template":"","format":"standard","meta":{"footnotes":""},"categories":[3],"tags":[],"class_list":["post-2268","post","type-post","status-publish","format-standard","hentry","category-noticias"],"rttpg_featured_image_url":null,"rttpg_author":{"display_name":"cleybetsls","author_link":"https:\/\/goias.gov.br\/saude\/author\/cleybetsls\/"},"rttpg_comment":0,"rttpg_category":"<a href=\"https:\/\/goias.gov.br\/saude\/categoria\/noticias\/\" rel=\"category tag\">Not\u00edcias<\/a>","rttpg_excerpt":"O Centro de Reabilita\u00e7\u00e3o Excel\u00eancia em Depend\u00eancia Qu\u00edmica Prof. Jamil Issy em Aparecida de Goi\u00e2nia vai atender pacientes adultos, preferencialmente masculino na ala de desintoxica\u00e7\u00e3o e interna\u00e7\u00e3o.","_links":{"self":[{"href":"https:\/\/goias.gov.br\/saude\/wp-json\/wp\/v2\/posts\/2268","targetHints":{"allow":["GET"]}}],"collection":[{"href":"https:\/\/goias.gov.br\/saude\/wp-json\/wp\/v2\/posts"}],"about":[{"href":"https:\/\/goias.gov.br\/saude\/wp-json\/wp\/v2\/types\/post"}],"author":[{"embeddable":true,"href":"https:\/\/goias.gov.br\/saude\/wp-json\/wp\/v2\/users\/46"}],"replies":[{"embeddable":true,"href":"https:\/\/goias.gov.br\/saude\/wp-json\/wp\/v2\/comments?post=2268"}],"version-history":[{"count":0,"href":"https:\/\/goias.gov.br\/saude\/wp-json\/wp\/v2\/posts\/2268\/revisions"}],"wp:attachment":[{"href":"https:\/\/goias.gov.br\/saude\/wp-json\/wp\/v2\/media?parent=2268"}],"wp:term":[{"taxonomy":"category","embeddable":true,"href":"https:\/\/goias.gov.br\/saude\/wp-json\/wp\/v2\/categories?post=2268"},{"taxonomy":"post_tag","embeddable":true,"href":"https:\/\/goias.gov.br\/saude\/wp-json\/wp\/v2\/tags?post=2268"}],"curies":[{"name":"wp","href":"https:\/\/api.w.org\/{rel}","templated":true}]}}