

{"id":22619,"date":"2021-01-21T15:48:11","date_gmt":"2021-01-21T18:48:11","guid":{"rendered":"https:\/\/siteshom.goias.gov.br\/saude\/notas-tecnicas-estaduais\/"},"modified":"2024-01-18T09:11:52","modified_gmt":"2024-01-18T12:11:52","slug":"notas-tecnicas-estaduais","status":"publish","type":"post","link":"https:\/\/goias.gov.br\/saude\/notas-tecnicas-estaduais\/","title":{"rendered":"Notas T\u00e9cnicas Estaduais"},"content":{"rendered":"<p style=\"text-align: left;\">2023<\/p>\n<ul>\n<li style=\"text-align: left;\"><a id=\"\" title=\"\" href=\"https:\/\/goias.gov.br\/saude\/wp-content\/uploads\/sites\/34\/2021\/01\/Nota_Informativa_1_2023-8f5.pdf\" target=\"\" rel=\"noopener\">Nota Informativa n\u00ba. 1\/2023 &#8211; Seguimento da Campanha da Vacina\u00e7\u00e3o contra Covid-19 Bivalente para os Grupos Priorit\u00e1rios<\/a><\/li>\n<li style=\"text-align: left;\"><a id=\"\" title=\"\" href=\"https:\/\/goias.gov.br\/saude\/wp-content\/uploads\/sites\/34\/2021\/01\/ofciocircular-50-e4a.pdf\" target=\"\" rel=\"noopener\">Of\u00edcio Circular n\u00ba50\/2023\/SVSA\/MS Trata-se da recomenda\u00e7\u00e3o da aplica\u00e7\u00e3o das vacinas COVID-19 Bivalentes para TODOS os contemplados nos grupos priorit\u00e1rios.<\/a><\/li>\n<\/ul>\n<p style=\"text-align: left;\">2022<\/p>\n<ul>\n<li style=\"text-align: left;\"><a id=\"\" title=\"\" href=\"https:\/\/goias.gov.br\/saude\/wp-content\/uploads\/sites\/34\/2021\/01\/NotaTecnican2-61b.pdf\" target=\"\" rel=\"noopener\">Nota T\u00e9cnica n\u00ba 002\/2022 &#8211; Segunda dose de refor\u00e7o de\u00a0vacina Contra Covid-19 para pessoas com 30 anos ou mais de idade<\/a><\/li>\n<li style=\"text-align: left;\"><a id=\"\" title=\"\" href=\"https:\/\/goias.gov.br\/saude\/wp-content\/uploads\/sites\/34\/2021\/01\/NotaInformativan.01.2022-3ea.pdf\" target=\"\" rel=\"noopener\">Nota Informativa n\u00ba: 1\/2022\u00a0&#8211;\u00a0GI- 03815\u200b &#8211;\u00a0Vacina\u00e7\u00e3o Pfizer\/Comirnaty Pedi\u00e1trica<\/a><\/li>\n<li style=\"text-align: left;\"><a href=\"https:\/\/goias.gov.br\/saude\/wp-content\/uploads\/sites\/34\/2021\/01\/SEI_202200010007811-1eb.pdf\" target=\"_blank\" rel=\"noopener\">Of\u00edcio Circular n\u00ba 110\/2022 &#8211; SES &#8211;\u00a0Altera\u00e7\u00e3o da data de distribui\u00e7\u00e3o das vacinas contra Covid-19<\/a><\/li>\n<\/ul>\n<p style=\"text-align: left;\">2021<\/p>\n<ul>\n<li><a href=\"https:\/\/goias.gov.br\/saude\/wp-content\/uploads\/sites\/34\/2024\/01\/notas-estaduais-nota-informativa-25-ret-nota-informativa-18-vacinacao-adolescentes-covid.pdf\" target=\"_blank\" rel=\"noopener\">Nota Informativa n\u00ba 024\/2021 &#8211; Retifica Nota Informativa n\u00ba 18\/2021- GI referente \u00e0 vacina\u00e7\u00e3o de adolescentes<\/a><\/li>\n<li><a href=\"https:\/\/goias.gov.br\/saude\/wp-content\/uploads\/sites\/34\/2024\/01\/notas-estaduais-nota-informativa-022-2021-orientacoes-quanto-aos-intervalos-entre-as-vacinas-covid.pdf\" target=\"_blank\" rel=\"noopener\">Nota Informativa n\u00ba 022\/2021 &#8211; Orienta\u00e7\u00f5es quanto aos intervalos entre as vacinas Covid-19<\/a><\/li>\n<li><a href=\"https:\/\/goias.gov.br\/saude\/wp-content\/uploads\/sites\/34\/2024\/01\/notas-estaduais-nota-20-21.pdf\" target=\"_blank\" rel=\"noopener\">Nota Informativa n\u00ba 020\/2021 &#8211; Administra\u00e7\u00e3o de dose de refor\u00e7o de vacinas contra a Covid-19 para idosos institucionalizados<\/a><\/li>\n<li><a href=\"https:\/\/goias.gov.br\/saude\/wp-content\/uploads\/sites\/34\/2024\/01\/notas-estaduais-nota-20-21.pdf\">Nota Informativa n\u00ba 019\/2021 &#8211; Esclarece quanto a vacina\u00e7\u00e3o contra Covid-19 das gestantes e pu\u00e9rperas<\/a><\/li>\n<li><a href=\"https:\/\/goias.gov.br\/saude\/wp-content\/uploads\/sites\/34\/2024\/01\/notas-estaduais-nota-18-21.pdf\">Nota Informativa n\u00ba 018\/2021 &#8211; Vacina\u00e7\u00e3o de adolescentes &#8211; COVID-19<\/a><\/li>\n<li><a href=\"https:\/\/goias.gov.br\/saude\/wp-content\/uploads\/sites\/34\/2024\/01\/notas-estaduais-oficio-977-21.pdf\" target=\"_blank\" rel=\"noopener\">Of\u00edcio Circular n\u00ba 977\/2021 &#8211; SES &#8211; Antecipa\u00e7\u00e3o de doses da vacina contra a Covid-19 em casos excepcionais<\/a><\/li>\n<li><a href=\"https:\/\/goias.gov.br\/saude\/wp-content\/uploads\/sites\/34\/2024\/01\/notas-estaduais-resolucao-cib-207-2021.pdf\" target=\"_blank\" rel=\"noopener\">Resolu\u00e7\u00e3o n\u00ba 207\/2021 &#8211; CIB &#8211; Aprova que a distribui\u00e7\u00e3o de vacinas contra SARS-COV2 ocorrer\u00e1 semanalmente nas quartas-feiras sa\u00eddo da Central Estadual de Rede de Frio (CERF)<\/a><\/li>\n<li><a href=\"https:\/\/goias.gov.br\/saude\/wp-content\/uploads\/sites\/34\/2024\/01\/notas-estaduais-resolucao-cib-205-2021.pdf\" target=\"_blank\" rel=\"noopener\">Resolu\u00e7\u00e3o n\u00ba 205\/2021 &#8211; CIB &#8211; Instituir estrat\u00e9gias para o in\u00edcio da vacina\u00e7\u00e3o contra a COVID-19 nas faixas et\u00e1rias entre 17 a 12 anos<\/a><\/li>\n<li><a href=\"https:\/\/goias.gov.br\/saude\/wp-content\/uploads\/sites\/34\/2024\/01\/notas-estaduais-resolucao-cib-n-203-2021.pdf\" target=\"_blank\" rel=\"noopener\">Resolu\u00e7\u00e3o n\u00ba 203\/2021 &#8211; CIB &#8211; Aprova a utiliza\u00e7\u00e3o da segunda dose (D2) das vacinas contra COVID-19 independente do laborat\u00f3rio como primeira dose (D1) ap\u00f3s 20 dias que as doses estiverem no estoque e o indiv\u00edduo n\u00e3o compareceu para vacinar a segunda dose, na data agendada de acordo com intervalo recomendado pelo laborat\u00f3rio<\/a><\/li>\n<li><a href=\"https:\/\/goias.gov.br\/saude\/wp-content\/uploads\/sites\/34\/2024\/01\/notas-estaduais-resolucao-cib-n-182-2021.pdf\" target=\"_blank\" rel=\"noopener\">Resolu\u00e7\u00e3o n\u00ba 182\/2021 &#8211; CIB &#8211; Aprova a destina\u00e7\u00e3o do quantitativo de 7.770 doses contra SARS-COV2 em uma \u00fanica remessa entre os munic\u00edpios que est\u00e3o vacinando na faixa et\u00e1ria de 36 anos ou mais. Ser\u00e1 enviado aos munic\u00edpios o quantitativo de doses proporcional a popula\u00e7\u00e3o eleg\u00edvel para vacina\u00e7\u00e3o<\/a><\/li>\n<li><a href=\"https:\/\/goias.gov.br\/saude\/wp-content\/uploads\/sites\/34\/2024\/01\/notas-estaduais-sei-202100010033232.pdf\" target=\"_blank\" rel=\"noopener\">Nota Informativa n\u00ba 015\/2021 &#8211; Recomenda\u00e7\u00e3o para vacina\u00e7\u00e3o da popula\u00e7\u00e3o privada de liberdade e dos funcion\u00e1rios do sistema de priva\u00e7\u00e3o de liberdade<\/a><\/li>\n<li><a href=\"https:\/\/goias.gov.br\/saude\/wp-content\/uploads\/sites\/34\/2024\/01\/notas-estaduais-sei-000022124833-nota-informativa-n-14-1.pdf\" target=\"_blank\" rel=\"noopener\">Nota Informativa n\u00ba 014\/2021 &#8211; Intervalo de doses das vacinas contra a Covid-19 dos laborat\u00f3rios AstraZeneca e Pfizer<\/a><\/li>\n<li><a href=\"https:\/\/goias.gov.br\/saude\/wp-content\/uploads\/sites\/34\/2024\/01\/notas-estaduais-nota-informativa-13.pdf\" target=\"_blank\" rel=\"noopener\">Nota Informativa \u00a0n\u00ba 013\/2021 \u2013 Vacina\u00e7\u00e3o de gestantes e pu\u00e9rperas contra a Covid-19 no Estado de Goi\u00e1s<\/a> \u200b<\/li>\n<li><a href=\"https:\/\/goias.gov.br\/saude\/wp-content\/uploads\/sites\/34\/2024\/01\/notas-estaduais-sei-ms-0021051929-oficio-circular-156.pdf\" target=\"_blank\" rel=\"noopener\">Of\u00edcio Circular n\u00ba 156\/2021 &#8211; Amplia\u00e7\u00e3o da vacina\u00e7\u00e3o do grupo priorit\u00e1rio &#8220;Trabalhadores da Sa\u00fade&#8221; da Campanha Nacional de Vacina\u00e7\u00e3o contra a Covid-19<\/a><\/li>\n<li><a href=\"https:\/\/goias.gov.br\/saude\/wp-content\/uploads\/sites\/34\/2024\/01\/notas-estaduais-resolucao-cib-089-2021.pdf\" target=\"_blank\" rel=\"noopener\">Resolu\u00e7\u00e3o n\u00ba 089\/2021 &#8211; CIB &#8211; Aprova o nivelamento da cobertura vacinal da COVID-19, distribuindo as doses recebidas da seguinte forma: 60% para todos os munic\u00edpios, proporcionalmente ao tamanho da popula\u00e7\u00e3o e dos grupos priorit\u00e1rios, e 40% somente entre os que receberam um quantitativo de vacinas menor que 50% das doses distribu\u00eddas D1 conforme popula\u00e7\u00e3o alvo<\/a><\/li>\n<li><a id=\"\" title=\"\" href=\"https:\/\/goias.gov.br\/saude\/wp-content\/uploads\/sites\/34\/2024\/01\/notas-estaduais-resolucao-cib-84-2021.pdf\" target=\"_blank\" rel=\"noopener\">Resolu\u00e7\u00e3o n\u00ba 084\/2021 &#8211; CIB &#8211; Aprova AD REFERENDUM a amplia\u00e7\u00e3o da vacina\u00e7\u00e3o, no Estado de Goi\u00e1s, para gestantes e pu\u00e9rperas SEM comorbidades, considerando o per\u00edodo do puerp\u00e9rio at\u00e9 o 45\u00ba dia da data do parto<\/a><\/li>\n<li><a href=\"https:\/\/goias.gov.br\/saude\/wp-content\/uploads\/sites\/34\/2024\/01\/notas-estaduais-resolucao-cib-083-2021.pdf\" target=\"_blank\" rel=\"noopener\">Resoluc\u0327a\u0303o n\u00ba 083\/2021 &#8211; Aprova AD REFERENDUM a ampliac\u0327a\u0303o dos Munici\u0301pios do Estado de Goia\u0301s elegi\u0301veis a\u0300 expansa\u0303o da vacina Pfizer\/Comirnaty<\/a><\/li>\n<li>\n<div><a id=\"\" title=\"\" href=\"https:\/\/goias.gov.br\/saude\/wp-content\/uploads\/sites\/34\/2024\/01\/notas-estaduais-resolucao-cib-082-2021.pdf\" target=\"\" rel=\"noopener\">Resolu\u00e7\u00e3o n\u00ba 082\/2021 &#8211; CIB &#8211; Aprova AD REFERENDUM a distribui\u00e7\u00e3o de doses de vacina Janssen\/Johnson&amp;Johnson para munic\u00edpios acima de 50 mil habitantes no Estado de Goi\u00e1s<\/a><\/div>\n<\/li>\n<li><a href=\"https:\/\/goias.gov.br\/saude\/wp-content\/uploads\/sites\/34\/2024\/01\/notas-estaduais-oficio-circular-666-2021-vacinacao-trabalhadores-saude-covid.pdf\" target=\"_blank\" rel=\"noopener\">Ofi\u0301cio Circular n\u00ba 666\/2021 &#8211; Vacinac\u0327a\u0303o dos Trabalhadores de Sau\u0301de no Estado de Goia\u0301s Contra COVID-19<\/a><\/li>\n<li><a href=\"https:\/\/goias.gov.br\/saude\/wp-content\/uploads\/sites\/34\/2024\/01\/notas-estaduais-resoluao-078-2021.pdf\" target=\"_blank\" rel=\"noopener\">Resolu\u00e7\u00e3o n\u00ba 078\/2021 &#8211; Aprova a destina\u00e7\u00e3o de 70 por cento das doses de vacina contra a COVID-19 para a vacina\u00e7\u00e3o da popula\u00e7\u00e3o geral em ordem decrescente de idade<\/a><\/li>\n<li><a id=\"\" title=\"\" href=\"https:\/\/goias.gov.br\/saude\/wp-content\/uploads\/sites\/34\/2024\/01\/notas-estaduais-vacinacao-sms.pdf\" target=\"\" rel=\"noopener\">Vacina\u00e7\u00e3o &#8211; Necessidade de atualiza\u00e7\u00e3o de dados, sob pena de preju\u00edzo nas pr\u00f3ximas distribui\u00e7\u00f5es<\/a><\/li>\n<li><a id=\"\" title=\"\" href=\"https:\/\/goias.gov.br\/saude\/wp-content\/uploads\/sites\/34\/2024\/01\/notas-estaduais-orientacoes-para-utilizacao-das-vacinas-contra-covid-19-do-laboratorio-sinovac-butantan.pdf\" target=\"_blank\" rel=\"noopener\">Orienta\u00e7\u00f5es para utiliza\u00e7\u00e3o das vacinas contra covid-19 do laborat\u00f3rio Sinovac\/Butantan<\/a><\/li>\n<li><a href=\"https:\/\/goias.gov.br\/saude\/wp-content\/uploads\/sites\/34\/2024\/01\/notas-estaduais-orientacoes-para-utilizacao-das-vacinas-contra-covid-laboratorio-butantan.pdf\" target=\"_blank\" rel=\"noopener\">Orienta\u00e7\u00f5es para utiliza\u00e7\u00e3o das vacinas contra covid-19 do laborat\u00f3rio Butantan<\/a><\/li>\n<li><a href=\"https:\/\/goias.gov.br\/saude\/wp-content\/uploads\/sites\/34\/2024\/01\/notas-estaduais-nota-informativa-011-2021-sequenciamento-grupos-prioritarios-para-vacinacao-covid-goias.pdf\" target=\"_blank\" rel=\"noopener\">Nota Informativa \u00a0n\u00ba 011\/2021 \u2013 Sequenciamento dos Grupos priorita\u0301rios para vacinac\u0327a\u0303o contra a Covid-19 no Estado de Goia\u0301s<\/a><\/li>\n<li><a id=\"\" title=\"\" href=\"https:\/\/goias.gov.br\/saude\/wp-content\/uploads\/sites\/34\/2024\/01\/notas-estaduais-nota-informativa-10-2021-comorbidades-deficiencia-permanente-gestantes-puerperas.pdf\" target=\"_blank\" rel=\"noopener\">Nota Informativa n\u00ba 010\/2021 &#8211; Vacina\u00e7\u00e3o do grupo de pessoas com comorbidades, defici\u00eancia permanente, gestantes e pu\u00e9rperas contra a COVID-19<\/a><\/li>\n<li><a id=\"\" title=\"\" href=\"https:\/\/goias.gov.br\/saude\/wp-content\/uploads\/sites\/34\/2024\/01\/notas-estaduais-nota-informativa-7.pdf\" target=\"_blank\" rel=\"noopener\">Nota Informativa n\u00ba 7\/2021 &#8211; Vacina\u00e7\u00e3o dos profissionais e trabalhadores de sa\u00fade no Estado de Goi\u00e1s contra a COVID -19<\/a><\/li>\n<li><a id=\"\" title=\"\" href=\"https:\/\/goias.gov.br\/saude\/wp-content\/uploads\/sites\/34\/2024\/01\/notas-estaduais-nota-informativa-6.pdf\" target=\"_blank\" rel=\"noopener\">Nota Informativa n\u00ba 6\/2021 &#8211; Vacina\u00e7\u00e3o do Grupo de For\u00e7as de Seguran\u00e7a e Salvamento e For\u00e7as Armadas contra a COVID-19<\/a><\/li>\n<li><a id=\"\" title=\"\" href=\"https:\/\/goias.gov.br\/saude\/wp-content\/uploads\/sites\/34\/2024\/01\/notas-estaduais-nota-informativa-5.pdf\" target=\"_blank\" rel=\"noopener\">Nota Informativa n\u00ba 5\/2021 &#8211; Recomenda\u00e7\u00e3o dos tribunais de contas do Brasil referente \u00e0s estrat\u00e9gias de vacina\u00e7\u00e3o contra a COVID-19<\/a><\/li>\n<li><a id=\"\" title=\"\" href=\"https:\/\/goias.gov.br\/saude\/wp-content\/uploads\/sites\/34\/2024\/01\/notas-estaduais-nota-informativa-004.pdf\" target=\"_blank\" rel=\"noopener\">Nota Informativa n\u00ba 4\/2021 &#8211; Orienta\u00e7\u00f5es do in\u00edcio da vacina\u00e7\u00e3o contra COVID-19 para os idosos<\/a><\/li>\n<li><a id=\"\" title=\"\" href=\"https:\/\/goias.gov.br\/saude\/wp-content\/uploads\/sites\/34\/2024\/01\/notas-estaduais-nota-informativa-3.pdf\" target=\"_blank\" rel=\"noopener\">Nota Informativa n\u00ba 3\/2021 &#8211; Orienta\u00e7\u00f5es para Campanha de Vacina\u00e7\u00e3o contra a COVID-19 &#8211; GOI\u00c1S com a vacina AstraZeneca<\/a><\/li>\n<li><a id=\"\" title=\"\" href=\"https:\/\/goias.gov.br\/saude\/wp-content\/uploads\/sites\/34\/2024\/01\/notas-estaduais-nota-informativa-2-orientacoes-campanha-contra-covid.pdf\" target=\"_blank\" rel=\"noopener\">Nota Informativa n\u00ba 002\/2021 &#8211; Orienta\u00e7\u00f5es para a Execu\u00e7\u00e3o da Campanha de Vacina\u00e7\u00e3o contra a COVID-19 no Estado de Goi\u00e1s<\/a><\/li>\n<\/ul>\n","protected":false},"excerpt":{"rendered":"<p>2023 Nota Informativa n\u00ba. 1\/2023 &#8211; Seguimento da Campanha da Vacina\u00e7\u00e3o contra Covid-19 Bivalente para os Grupos Priorit\u00e1rios Of\u00edcio Circular n\u00ba50\/2023\/SVSA\/MS Trata-se da recomenda\u00e7\u00e3o da aplica\u00e7\u00e3o das vacinas COVID-19 Bivalentes para TODOS os contemplados nos grupos priorit\u00e1rios. 2022 Nota T\u00e9cnica n\u00ba 002\/2022 &#8211; Segunda dose de refor\u00e7o de\u00a0vacina Contra Covid-19 para pessoas com 30 anos [&hellip;]<\/p>\n","protected":false},"author":693,"featured_media":0,"comment_status":"closed","ping_status":"open","sticky":false,"template":"","format":"standard","meta":{"footnotes":""},"categories":[90],"tags":[],"class_list":["post-22619","post","type-post","status-publish","format-standard","hentry","category-coronavirus-2"],"rttpg_featured_image_url":null,"rttpg_author":{"display_name":"elzenubiamoreira","author_link":"https:\/\/goias.gov.br\/saude\/author\/elzenubiamoreira\/"},"rttpg_comment":0,"rttpg_category":"<a href=\"https:\/\/goias.gov.br\/saude\/categoria\/coronavirus-2\/\" rel=\"category tag\">CoronaVirus<\/a>","rttpg_excerpt":"2023 Nota Informativa n\u00ba. 1\/2023 &#8211; Seguimento da Campanha da Vacina\u00e7\u00e3o contra Covid-19 Bivalente para os Grupos Priorit\u00e1rios Of\u00edcio Circular n\u00ba50\/2023\/SVSA\/MS Trata-se da recomenda\u00e7\u00e3o da aplica\u00e7\u00e3o das vacinas COVID-19 Bivalentes para TODOS os contemplados nos grupos priorit\u00e1rios. 2022 Nota T\u00e9cnica n\u00ba 002\/2022 &#8211; Segunda dose de refor\u00e7o de\u00a0vacina Contra Covid-19 para pessoas com 30 anos&hellip;","_links":{"self":[{"href":"https:\/\/goias.gov.br\/saude\/wp-json\/wp\/v2\/posts\/22619","targetHints":{"allow":["GET"]}}],"collection":[{"href":"https:\/\/goias.gov.br\/saude\/wp-json\/wp\/v2\/posts"}],"about":[{"href":"https:\/\/goias.gov.br\/saude\/wp-json\/wp\/v2\/types\/post"}],"author":[{"embeddable":true,"href":"https:\/\/goias.gov.br\/saude\/wp-json\/wp\/v2\/users\/693"}],"replies":[{"embeddable":true,"href":"https:\/\/goias.gov.br\/saude\/wp-json\/wp\/v2\/comments?post=22619"}],"version-history":[{"count":2,"href":"https:\/\/goias.gov.br\/saude\/wp-json\/wp\/v2\/posts\/22619\/revisions"}],"predecessor-version":[{"id":40184,"href":"https:\/\/goias.gov.br\/saude\/wp-json\/wp\/v2\/posts\/22619\/revisions\/40184"}],"wp:attachment":[{"href":"https:\/\/goias.gov.br\/saude\/wp-json\/wp\/v2\/media?parent=22619"}],"wp:term":[{"taxonomy":"category","embeddable":true,"href":"https:\/\/goias.gov.br\/saude\/wp-json\/wp\/v2\/categories?post=22619"},{"taxonomy":"post_tag","embeddable":true,"href":"https:\/\/goias.gov.br\/saude\/wp-json\/wp\/v2\/tags?post=22619"}],"curies":[{"name":"wp","href":"https:\/\/api.w.org\/{rel}","templated":true}]}}