

{"id":2254,"date":"2017-12-06T13:52:57","date_gmt":"2017-12-06T15:52:57","guid":{"rendered":"https:\/\/siteshom.goias.gov.br\/saude\/saude-discute-tratamento-de-doencas-raras\/"},"modified":"2017-12-06T13:52:57","modified_gmt":"2017-12-06T15:52:57","slug":"saude-discute-tratamento-de-doencas-raras","status":"publish","type":"post","link":"https:\/\/goias.gov.br\/saude\/saude-discute-tratamento-de-doencas-raras\/","title":{"rendered":"Sa\u00fade discute tratamento de doen\u00e7as raras"},"content":{"rendered":"<p>O Semin\u00e1rio sobre a Situa\u00e7\u00e3o das Doen\u00e7as Raras em Goi\u00e1s reuniu nesta quarta-feira (6.12), no Audit\u00f3rio da Superintend\u00eancia de Educa\u00e7\u00e3o em Sa\u00fade e Trabalho para o SUS, pacientes e profissionais da sa\u00fade para discutir melhorias no atendimento de portadores destes tipos de enfermidades pelo Sistema \u00danico de Sa\u00fade.<\/p>\n<p>Representantes de Associa\u00e7\u00f5es dos Portadores de Epiderm\u00f3lise Bolhosa, Pr\u00f3-Cura ELA, Associa\u00e7\u00e3o Brasileira do Xeroderma Pigmentoso, Associa\u00e7\u00e3o Goi\u00e2nia de Apoio ao Fibroc\u00edstico e Representante dos Portadores de Atrofia Muscular cerebral (AME) participaram das discuss\u00f5es junto com profissionais do Minist\u00e9rio da Sa\u00fade e da Secretaria Estadual da Sa\u00fade e da Secretaria Municipal de Sa\u00fade.<\/p>\n<p>A gerente de programas especiais da Superintend\u00eancia de Pol\u00edticas de Aten\u00e7\u00e3o Integral \u00e0 Sa\u00fade do Estado de Goi\u00e1s, Edna Maria Covem, coordenou a primeira mesa redonda sobre as necessidades de a\u00e7\u00f5es de sa\u00fade para pessoas portadoras de doen\u00e7as raras no Estado de Goi\u00e1s. .<\/p>\n<p>Cuidados di\u00e1rios dos pacientes, capacita\u00e7\u00e3o adequada dos profissionais da sa\u00fade, acesso r\u00e1pido a medicamentos espec\u00edficos e diagn\u00f3sticos precoce foram algumas das solu\u00e7\u00f5es apontadas pelos representantes das associa\u00e7\u00f5es que participaram do semin\u00e1rio para melhorar a qualidade de vida de pacientes portadores de doen\u00e7as raras.<\/p>\n<p>Ap\u00f3s escutarem as demandas apresentadas, representantes do Minist\u00e9rio da Sa\u00fade, da Secretaria Estadual da Sa\u00fade e do Conselho de Secret\u00e1rios Municipais de Sa\u00fade de Goi\u00e1s apresentaram as pol\u00edticas de aten\u00e7\u00e3o integral em doen\u00e7as raras desenvolvidas no Pa\u00eds e continuaram os debates com foco na melhoria do atendimento destes pacientes.<\/p>\n<p>Participaram desta discuss\u00e3o a Superintendente da SPAIS, Evanilde Gomides; a gerente de programas especiais da SPAIS, Edna Covem, e.<\/p>\n<p>Eduardo David Gomes de Sousa, Coordenador Geral Substituto da Aten\u00e7\u00e3o Especializada do Minist\u00e9rio da Sa\u00fade.<\/p>\n","protected":false},"excerpt":{"rendered":"<p>O Semin\u00e1rio sobre a Situa\u00e7\u00e3o das Doen\u00e7as Raras em Goi\u00e1s reuniu nesta quarta-feira (6.12), no Audit\u00f3rio da Superintend\u00eancia de Educa\u00e7\u00e3o em Sa\u00fade e Trabalho para o SUS, pacientes e profissionais da sa\u00fade para discutir melhorias no atendimento de portadores destes tipos de enfermidades pelo Sistema \u00danico de Sa\u00fade. Representantes de Associa\u00e7\u00f5es dos Portadores de Epiderm\u00f3lise [&hellip;]<\/p>\n","protected":false},"author":46,"featured_media":0,"comment_status":"closed","ping_status":"open","sticky":false,"template":"","format":"standard","meta":{"footnotes":""},"categories":[3],"tags":[],"class_list":["post-2254","post","type-post","status-publish","format-standard","hentry","category-noticias"],"rttpg_featured_image_url":null,"rttpg_author":{"display_name":"cleybetsls","author_link":"https:\/\/goias.gov.br\/saude\/author\/cleybetsls\/"},"rttpg_comment":0,"rttpg_category":"<a href=\"https:\/\/goias.gov.br\/saude\/categoria\/noticias\/\" rel=\"category tag\">Not\u00edcias<\/a>","rttpg_excerpt":"O Semin\u00e1rio sobre a Situa\u00e7\u00e3o das Doen\u00e7as Raras em Goi\u00e1s reuniu nesta quarta-feira (6.12), no Audit\u00f3rio da Superintend\u00eancia de Educa\u00e7\u00e3o em Sa\u00fade e Trabalho para o SUS, pacientes e profissionais da sa\u00fade para discutir melhorias no atendimento de portadores destes tipos de enfermidades pelo Sistema \u00danico de Sa\u00fade. Representantes de Associa\u00e7\u00f5es dos Portadores de Epiderm\u00f3lise&hellip;","_links":{"self":[{"href":"https:\/\/goias.gov.br\/saude\/wp-json\/wp\/v2\/posts\/2254","targetHints":{"allow":["GET"]}}],"collection":[{"href":"https:\/\/goias.gov.br\/saude\/wp-json\/wp\/v2\/posts"}],"about":[{"href":"https:\/\/goias.gov.br\/saude\/wp-json\/wp\/v2\/types\/post"}],"author":[{"embeddable":true,"href":"https:\/\/goias.gov.br\/saude\/wp-json\/wp\/v2\/users\/46"}],"replies":[{"embeddable":true,"href":"https:\/\/goias.gov.br\/saude\/wp-json\/wp\/v2\/comments?post=2254"}],"version-history":[{"count":0,"href":"https:\/\/goias.gov.br\/saude\/wp-json\/wp\/v2\/posts\/2254\/revisions"}],"wp:attachment":[{"href":"https:\/\/goias.gov.br\/saude\/wp-json\/wp\/v2\/media?parent=2254"}],"wp:term":[{"taxonomy":"category","embeddable":true,"href":"https:\/\/goias.gov.br\/saude\/wp-json\/wp\/v2\/categories?post=2254"},{"taxonomy":"post_tag","embeddable":true,"href":"https:\/\/goias.gov.br\/saude\/wp-json\/wp\/v2\/tags?post=2254"}],"curies":[{"name":"wp","href":"https:\/\/api.w.org\/{rel}","templated":true}]}}