

{"id":2232,"date":"2017-12-13T16:09:59","date_gmt":"2017-12-13T18:09:59","guid":{"rendered":"https:\/\/siteshom.goias.gov.br\/saude\/vigilancia-em-saude-define-metas-para-2018\/"},"modified":"2017-12-13T16:09:59","modified_gmt":"2017-12-13T18:09:59","slug":"vigilancia-em-saude-define-metas-para-2018","status":"publish","type":"post","link":"https:\/\/goias.gov.br\/saude\/vigilancia-em-saude-define-metas-para-2018\/","title":{"rendered":"Vigil\u00e2ncia em Sa\u00fade define metas para 2018"},"content":{"rendered":"<p>A necessidade de planejamento estrat\u00e9gico para atua\u00e7\u00e3o anual da Vigil\u00e2ncia em Sa\u00fade, levou gerentes, coordenadores e subcoordenadores a separar uma semana de imers\u00e3o numa Oficina de Planejamento para revis\u00e3o das principais ferramentas do SUS, a fim de estudar e definir metas para 2018.<\/p>\n<p>A Oficina teve como objetivo a avalia\u00e7\u00e3o das a\u00e7\u00f5es realizadas em 2017, de forma participativa, com a apresenta\u00e7\u00e3o de Propostas e a\u00e7\u00f5es para 2018, com base no Plano Estadual de Sa\u00fade.<\/p>\n<p>As a\u00e7\u00f5es de relev\u00e2ncia abrangem as \u00e1reas de Imuniza\u00e7\u00e3o e gest\u00e3o institucional, considerando todas as ger\u00eancias da Vigil\u00e2ncia Sanit\u00e1ria, Epidemiol\u00f3gica, Sa\u00fade do Trabalhador e Ambiental, al\u00e9m do Laborat\u00f3rio Estadual Central Dr. Giovanni Cysneiros (Lacen).<\/p>\n<p>O evento foi organizado pela Coordena\u00e7\u00e3o-Geral de Planejamento e Descentraliza\u00e7\u00e3o em Sa\u00fade-SUVISA e contou com a participa\u00e7\u00e3o da Ger\u00eancia de Planejamento do Sistema \u00danico de Sa\u00fade-SGPF\/SES.<\/p>\n<p>Principais Propostas:<\/p>\n<p>&#8211; Fortalecer o mecanismo de tutoria junto a a\u00e7\u00f5es b\u00e1sicas de sa\u00fade;<\/p>\n<p>&#8211; Implantar o n\u00facleo de gest\u00e3o por processos;<\/p>\n<p>&#8211; Criar centros colaboradores com Universidades;<\/p>\n<p>&#8211; Fortalecimento dos N\u00facleos de Vigil\u00e2ncia Epidemiol\u00f3gica municipais, com uma proposta que inclui um conjunto de a\u00e7\u00f5es, como diagn\u00f3stico da situa\u00e7\u00e3o atual das equipes e funcionamento dos n\u00facleos, qualifica\u00e7\u00e3o das equipes, repactua\u00e7\u00e3o da equipe m\u00ednima estrutura, a\u00e7\u00f5es e indicadores a serem acompanhados pelos n\u00facleos;<\/p>\n<p>&#8211; Redu\u00e7\u00e3o de n\u00fameros de desvio de qualidade (sala de vacinas\/adequa\u00e7\u00e3o);<\/p>\n<p>&#8211; Inclus\u00e3o de dados de registro de c\u00e2ncer no Conecta-Sus para melhorar a constru\u00e7\u00e3o de indicadores de incid\u00eancia de neoplasias e favorecer o planejamento das a\u00e7\u00f5es e preven\u00e7\u00e3o e controle;<\/p>\n<p>&#8211; Instituir parcerias com MP a exemplo do Minist\u00e9rio P\u00fablico do Trabalho, a fim de fortalecer as atividades relacionadas a sa\u00fade do trabalhador;<\/p>\n<p>&#8211; Implantar novas metodologias de an\u00e1lises (Lacen);<\/p>\n<p>&#8211; Auxiliar na constru\u00e7\u00e3o de indicadores mais representativos, fortalecendo a constru\u00e7\u00e3o de indicadores de resultado da gest\u00e3o e ampliando os indicadores de Vigil\u00e2ncia.<\/p>\n<p>Para 2018, a Vigil\u00e2ncia em Sa\u00fade vai operar com uma conquista originada dos planejamentos de 2016 e 2017: a instala\u00e7\u00e3o do Vapt Vupt da Suvisa, que est\u00e1 em fase de implanta\u00e7\u00e3o na sede da Avenida 136 na Avenida Ricardo Paranhos em Goi\u00e2nia e que vai abrigar um mix de servi\u00e7os como emiss\u00e3o de alvar\u00e1s, licen\u00e7as, valida\u00e7\u00f5es, registros, etc, reunidos na concep\u00e7\u00e3o de efici\u00eancia e atendimento que s\u00e3o sucesso da metodologia do Vapt Vupt.<\/p>\n<p>\u201cA Vigil\u00e2ncia avan\u00e7a no seu papel de agente de sa\u00fade p\u00fablica ao se aproximar do cidad\u00e3o, melhorando sua infraestrutura de atendimento e atua\u00e7\u00e3o. A amplitude dos nossos servi\u00e7os n\u00e3o pode ser empecilho para a incorpora\u00e7\u00e3o de qualidade e efici\u00eancia. Por isso, investir em novas t\u00e9cnicas e tecnologias\u201d, explica a superintendente Maria Cec\u00edlia Martins Brito.<\/p>\n","protected":false},"excerpt":{"rendered":"<p>A necessidade de planejamento estrat\u00e9gico para atua\u00e7\u00e3o anual da Vigil\u00e2ncia em Sa\u00fade, levou gerentes, coordenadores e subcoordenadores a separar uma semana de imers\u00e3o numa Oficina de Planejamento para revis\u00e3o das principais ferramentas do SUS, a fim de estudar e definir metas para 2018. A Oficina teve como objetivo a avalia\u00e7\u00e3o das a\u00e7\u00f5es realizadas em 2017, [&hellip;]<\/p>\n","protected":false},"author":46,"featured_media":0,"comment_status":"closed","ping_status":"open","sticky":false,"template":"","format":"standard","meta":{"footnotes":""},"categories":[3],"tags":[],"class_list":["post-2232","post","type-post","status-publish","format-standard","hentry","category-noticias"],"rttpg_featured_image_url":null,"rttpg_author":{"display_name":"cleybetsls","author_link":"https:\/\/goias.gov.br\/saude\/author\/cleybetsls\/"},"rttpg_comment":0,"rttpg_category":"<a href=\"https:\/\/goias.gov.br\/saude\/categoria\/noticias\/\" rel=\"category tag\">Not\u00edcias<\/a>","rttpg_excerpt":"A necessidade de planejamento estrat\u00e9gico para atua\u00e7\u00e3o anual da Vigil\u00e2ncia em Sa\u00fade, levou gerentes, coordenadores e subcoordenadores a separar uma semana de imers\u00e3o numa Oficina de Planejamento para revis\u00e3o das principais ferramentas do SUS, a fim de estudar e definir metas para 2018. A Oficina teve como objetivo a avalia\u00e7\u00e3o das a\u00e7\u00f5es realizadas em 2017,&hellip;","_links":{"self":[{"href":"https:\/\/goias.gov.br\/saude\/wp-json\/wp\/v2\/posts\/2232","targetHints":{"allow":["GET"]}}],"collection":[{"href":"https:\/\/goias.gov.br\/saude\/wp-json\/wp\/v2\/posts"}],"about":[{"href":"https:\/\/goias.gov.br\/saude\/wp-json\/wp\/v2\/types\/post"}],"author":[{"embeddable":true,"href":"https:\/\/goias.gov.br\/saude\/wp-json\/wp\/v2\/users\/46"}],"replies":[{"embeddable":true,"href":"https:\/\/goias.gov.br\/saude\/wp-json\/wp\/v2\/comments?post=2232"}],"version-history":[{"count":0,"href":"https:\/\/goias.gov.br\/saude\/wp-json\/wp\/v2\/posts\/2232\/revisions"}],"wp:attachment":[{"href":"https:\/\/goias.gov.br\/saude\/wp-json\/wp\/v2\/media?parent=2232"}],"wp:term":[{"taxonomy":"category","embeddable":true,"href":"https:\/\/goias.gov.br\/saude\/wp-json\/wp\/v2\/categories?post=2232"},{"taxonomy":"post_tag","embeddable":true,"href":"https:\/\/goias.gov.br\/saude\/wp-json\/wp\/v2\/tags?post=2232"}],"curies":[{"name":"wp","href":"https:\/\/api.w.org\/{rel}","templated":true}]}}