

{"id":21034,"date":"2024-01-23T10:19:31","date_gmt":"2024-01-23T13:19:31","guid":{"rendered":"https:\/\/siteshom.goias.gov.br\/saude\/?p=21034"},"modified":"2024-01-23T10:19:37","modified_gmt":"2024-01-23T13:19:37","slug":"portarias-acesso-a-informacao-2","status":"publish","type":"post","link":"https:\/\/goias.gov.br\/saude\/portarias-acesso-a-informacao-2\/","title":{"rendered":"Portarias &#8211; Acesso \u00e0 Informa\u00e7\u00e3o"},"content":{"rendered":"<style type=\"text\/css\">#searchInput {\n    width: 300px;\n    padding: 5px;\n  }\n<\/style>\n<h4>Fa\u00e7a a busca<\/h4>\n<p><input id=\"searchInput\" type=\"text\" placeholder=\"Digite para buscar...\" \/><\/p>\n<ul id=\"itemList\">\n<li>\n<h2>2023<\/h2>\n<\/li>\n<li><a href=\"https:\/\/goias.gov.br\/saude\/wp-content\/uploads\/sites\/34\/files\/acesso_a_informacao\/portarias\/2023\/Portaria1868.pdf\" target=\"_blank\" rel=\"noopener\">Portaria n\u00ba 1868\/2023<\/a> &#8211; Institui a Pol\u00edtica de Comunica\u00e7\u00e3o da Secretaria de Estado da Sa\u00fade<\/li>\n<li><a href=\"https:\/\/goias.gov.br\/saude\/wp-content\/uploads\/sites\/34\/files\/acesso_a_informacao\/portarias\/2023\/Portaria1096-2023.pdf\" target=\"_blank\" rel=\"noopener\">Portaria n\u00ba 1096\/2023<\/a> &#8211;\u00a0Estabelecer os par\u00e2metros de distribui\u00e7\u00e3o de vagas de est\u00e1gio obrigat\u00f3rio curricular, ofertadas pelas Unidades Administrativas ou Assistenciais de Sa\u00fade da SES-GO<\/li>\n<li><a id=\"\" title=\"\" href=\"https:\/\/goias.gov.br\/saude\/wp-content\/uploads\/sites\/34\/files\/acesso_a_informacao\/portarias\/2023\/Portaria1279.pdf\" target=\"\" rel=\"noopener\">Portaria n\u00ba 1279\/2023 <\/a>&#8211;\u00a0Institui Grupo de Trabalho com a finalidade de elaborar minuta de ato normativo dispondo sobre os procedimentos de presta\u00e7\u00e3o de contas peri\u00f3dicas e finais, no \u00e2mbito das parcerias firmadas por esta Secretaria de Estado da Sa\u00fade com base na Lei Estadual n\u00ba 15.503\/2005, na Lei Estadual n\u00ba 21.740\/2022, e na Lei Federal n\u00ba 13.019\/2014<\/li>\n<li><a id=\"\" title=\"\" href=\"https:\/\/goias.gov.br\/saude\/wp-content\/uploads\/sites\/34\/files\/acesso_a_informacao\/portarias\/2023\/Portaria686.pdf\" target=\"\" rel=\"noopener\">Portaria n\u00ba 686\/2023<\/a> &#8211;\u00a01\u00ba Apostilamento ao Terceiro Termo Aditivo ao Contrato n\u00ba 81\/2017<\/li>\n<li><a id=\"\" title=\"\" href=\"https:\/\/goias.gov.br\/saude\/wp-content\/uploads\/sites\/34\/files\/acesso_a_informacao\/portarias\/2023\/Portaria742.pdf\" target=\"\" rel=\"noopener\">Portaria n\u00ba 742\/2023<\/a> &#8211;\u00a0Prorroga\u00e7\u00e3o do Contrato n\u00ba 0170\/2017, Processo 2017.0001.001-3470 de contrata\u00e7\u00e3o do Instituto Despertai &#8211; Comunidade Terap\u00eautica Meio Ambiente Dependente Qu\u00edmico e Alcoolismo<\/li>\n<li><a id=\"\" title=\"\" href=\"https:\/\/goias.gov.br\/saude\/wp-content\/uploads\/sites\/34\/files\/acesso_a_informacao\/portarias\/2023\/Portaria702.pdf\" target=\"\" rel=\"noopener\">Portaria n\u00ba 702\/2023<\/a> &#8211;\u00a0Parlamentar Impositiva n\u00ba 1480 do deputado estadual Rubens Marques para destina\u00e7\u00e3o de recursos ao fundo munic\u00edpio Americano do Brasil<\/li>\n<li><a href=\"\/saude\/wp-content\/uploads\/sites\/34\/files\/\/acesso_a_informacao\/portarias\/2023\/Portaria%20n%C2%BA%201270-2023%20-%20Estabelece%20par%C3%A2metros%20para%20qualifica%C3%A7%C3%A3o%20de%20entidades%20de%20direito%20privado%20como%20Organiza%C3%A7%C3%A3o%20Social%20da%20Sa%C3%BAde.pdf\" target=\"_blank\" rel=\"noopener\">Portaria n\u00ba 1270\/2023<\/a> &#8211; Estabelece par\u00e2metros para qualifica\u00e7\u00e3o de entidades de direito privado como Organiza\u00e7\u00e3o Social da Sa\u00fade<\/li>\n<li><a href=\"\/saude\/wp-content\/uploads\/sites\/34\/files\/\/acesso_a_informacao\/portarias\/2023\/Portaria%20Or%C3%A7ament%C3%A1ria%2049-2023%20-%20Cr%C3%A9ditos%20Suplementares%20-%20Fundo%20Estadual%20de%20Sa%C3%BAde%20-%20FES.pdf\" target=\"_blank\" rel=\"noopener\">Portaria Or\u00e7ament\u00e1ria 49\/2023<\/a> &#8211; Cr\u00e9ditos Suplementares &#8211; Fundo Estadual de Sa\u00fade &#8211; FES<\/li>\n<li>\n<h2 id=\"2022\">2022<\/h2>\n<\/li>\n<li><a href=\"\/saude\/wp-content\/uploads\/sites\/34\/files\/\/acesso_a_informacao\/portarias\/2022\/Portaria%20n%C2%BA%20342%20-%20SES%20-%20Institui%20o%20Sistema%20de%20Gest%C3%A3o%20de%20Unidades%20de%20Sa%C3%BAde.pdf\" target=\"_blank\" rel=\"noopener\">Portaria n\u00ba 342 &#8211; SES<\/a> &#8211; Institui o Sistema de Gest\u00e3o de Unidades de Sa\u00fade<\/li>\n<li><a href=\"\/saude\/wp-content\/uploads\/sites\/34\/files\/\/acesso_a_informacao\/portarias\/2022\/Portaria%20n%C2%BA%201%20-%20Regulamenta%20no%20%C3%A2mbito%20da%20SES%20o%20COE%20para%20Monkeypox.pdf\" target=\"_blank\" rel=\"noopener\">Portaria n\u00ba 1<\/a> &#8211; Regulamenta no \u00e2mbito da SES o COE para Monkeypox<\/li>\n<li>\n<h2 id=\"2021\">2021<\/h2>\n<\/li>\n<li><a href=\"\/saude\/wp-content\/uploads\/sites\/34\/files\/\/acesso_a_informacao\/portarias\/2021\/Portaria%20n%C2%BA%201908%20-%20SES%20-%20Pol%C3%ADtica%20de%20Comunica%C3%A7%C3%A3o%20da%20SES-GO.pdf\" target=\"_blank\" rel=\"noopener\">Portaria n\u00ba 1908 &#8211; SES<\/a> &#8211; Pol\u00edtica de Comunica\u00e7\u00e3o da SES-GO<\/li>\n<li><a href=\"\/saude\/wp-content\/uploads\/sites\/34\/files\/\/acesso_a_informacao\/portarias\/2021\/Portaria%20n%C2%BA%201688%20-%20SES%20-%20Comiss%C3%A3o%20Avalia%C3%A7%C3%A3o.pdf\" target=\"_blank\" rel=\"noopener\">Portaria n\u00ba 1688 &#8211; SES<\/a> &#8211; Comiss\u00e3o Avalia\u00e7\u00e3o<\/li>\n<li><a href=\"\/saude\/wp-content\/uploads\/sites\/34\/files\/\/acesso_a_informacao\/portarias\/2021\/Portaria%20n%C2%BA%201618%20-%20SES%20-%20Comiss%C3%A3o%20Invent%C3%A1rio.pdf\" target=\"_blank\" rel=\"noopener\">Portaria n\u00ba 1618 &#8211; SES<\/a> &#8211; Comiss\u00e3o Invent\u00e1rio<\/li>\n<li><a href=\"\/saude\/wp-content\/uploads\/sites\/34\/files\/\/acesso_a_informacao\/portarias\/2021\/Portaria%20n%C2%BA%201440%20-%20SES%20-%20Retomada%20de%20agendamentos%20e%20realiza%C3%A7%C3%A3o%20dos%20procedimentos%20cir%C3%BArgicos%20eletivos%20de%20m%C3%A9dia%20e%20alta%20complexidade.pdf\" target=\"_blank\" rel=\"noopener\">Portaria n\u00ba 1440 &#8211; SES<\/a> &#8211; Retomada de agendamentos e realiza\u00e7\u00e3o dos procedimentos cir\u00fargicos eletivos de m\u00e9dia e alta complexidade<\/li>\n<li><a href=\"\/saude\/wp-content\/uploads\/sites\/34\/files\/\/acesso_a_informacao\/portarias\/2021\/Portaria%20n%C2%BA%20426%20-%20Repasse%20de%20recursos%20financeiros%20%C3%A0s%20OSs%20a%20t%C3%ADtulo%20de%20investimento.pdf\" target=\"_blank\" rel=\"noopener\">Portaria n\u00ba 426<\/a> &#8211; Repasse de recursos financeiros \u00e0s OSs a t\u00edtulo de investimento<\/li>\n<li><a href=\"\/saude\/wp-content\/uploads\/sites\/34\/files\/\/acesso_a_informacao\/portarias\/2021\/Portaria%20n%C2%BA%20425%20-%20%20Diretrizes%20gerais%20a%20serem%20instu%C3%ADdas%20para%20execu%C3%A7%C3%A3o%20das%20medidas%20a%20%EF%AC%81m%20de%20atender%20as%20provid%C3%AAncias%20determinadas%20no%20Decreto%209.928%20d.pdf\" target=\"_blank\" rel=\"noopener\">Portaria n\u00ba 425<\/a> &#8211; Diretrizes gerais a serem instu\u00eddas para execu\u00e7\u00e3o das medidas a \ufb01m de atender as provid\u00eancias determinadas no Decreto 9.928 d<\/li>\n<li><a href=\"\/saude\/wp-content\/uploads\/sites\/34\/files\/\/acesso_a_informacao\/portarias\/2021\/Portaria%20n%C2%BA%20416%20-%20Diretrizes%20gerais%20a%20serem%20instu%C3%ADdas%20para%20execu%C3%A7%C3%A3o%20das%20medidas%20a%20%EF%AC%81m%20de%20atender%20as%20provid%C3%AAncias%20determinadas%20no%20Decreto%209.928%20.pdf\" target=\"_blank\" rel=\"noopener\">Portaria n\u00ba 416<\/a> &#8211; Diretrizes gerais a serem instu\u00eddas para execu\u00e7\u00e3o das medidas a \ufb01m de atender as provid\u00eancias determinadas no Decreto 9.928<\/li>\n<li><a href=\"\/saude\/wp-content\/uploads\/sites\/34\/files\/\/acesso_a_informacao\/portarias\/2021\/Portaria%20n%C2%BA%20382%20-%20Composi%C3%A7%C3%A3o%20da%20Comiss%C3%A3o%20Avaliativa.pdf\" target=\"_blank\" rel=\"noopener\">Portaria n\u00ba 382<\/a> &#8211; Composi\u00e7\u00e3o da Comiss\u00e3o Avaliativa<\/li>\n<li><a href=\"\/saude\/wp-content\/uploads\/sites\/34\/files\/\/acesso_a_informacao\/portarias\/2021\/Portaria%20n%C2%BA%20379%20-%20Revoga%C3%A7%C3%A3o%20de%20Portaria.pdf\" target=\"_blank\" rel=\"noopener\">Portaria n\u00ba 379<\/a> &#8211; Revoga\u00e7\u00e3o de Portaria<\/li>\n<li><a href=\"\/saude\/wp-content\/uploads\/sites\/34\/files\/\/acesso_a_informacao\/portarias\/2021\/Portaria%20n%C2%BA%20377%20-%20Altera%C3%A7%C3%A3o%20na%20composi%C3%A7%C3%A3o%20dos%20membros%20na%20Portaria%20n%C2%BA%20221.pdf\" target=\"_blank\" rel=\"noopener\">Portaria n\u00ba 377<\/a> &#8211; Altera\u00e7\u00e3o na composi\u00e7\u00e3o dos membros na Portaria n\u00ba 221<\/li>\n<li><a href=\"\/saude\/wp-content\/uploads\/sites\/34\/files\/\/acesso_a_informacao\/portarias\/2021\/Portaria%20n%C2%BA%20376%20-%20Altera%C3%A7%C3%A3o%20da%20composi%C3%A7%C3%A3o%20dos%20membros%20designados%20na%20Portaria%20n%C2%BA%20221.2021pdf.pdf\" target=\"_blank\" rel=\"noopener\">Portaria n\u00ba 376<\/a> &#8211; Altera\u00e7\u00e3o da composi\u00e7\u00e3o dos membros designados na Portaria n\u00ba 221.2021<\/li>\n<li><a href=\"\/saude\/wp-content\/uploads\/sites\/34\/files\/\/acesso_a_informacao\/portarias\/2021\/Portaria%20n%C2%BA%20312%20-%20Suspens%C3%A3o%20de%20todos%20os%20procedimentos%20cir%C3%BArgicos%20eletivos.pdf\" target=\"_blank\" rel=\"noopener\">Portaria n\u00ba 312<\/a> &#8211; Suspens\u00e3o de todos os procedimentos cir\u00fargicos eletivos<\/li>\n<li><a href=\"\/saude\/wp-content\/uploads\/sites\/34\/files\/\/acesso_a_informacao\/portarias\/2021\/Portaria%20n%C2%BA%20302%20-%20Adota%20o%20sistema%20de%20revezamento%20das%20atividades%20presenciais%20no%20%C3%A2mbito%20da%20SES.pdf\" target=\"_blank\" rel=\"noopener\">Portaria n\u00ba 302<\/a> &#8211; Adota o sistema de revezamento das atividades presenciais no \u00e2mbito da SES<\/li>\n<li><a href=\"\/saude\/wp-content\/uploads\/sites\/34\/files\/\/acesso_a_informacao\/portarias\/2021\/Portaria%20n%C2%BA%20301%20-%20Composi%C3%A7%C3%A3o%20da%20Junta%20M%C3%A9dica%20Oficial.pdf\" target=\"_blank\" rel=\"noopener\">Portaria n\u00ba 301<\/a> &#8211; Composi\u00e7\u00e3o da Junta M\u00e9dica Oficial<\/li>\n<li><a href=\"\/saude\/wp-content\/uploads\/sites\/34\/files\/\/acesso_a_informacao\/portarias\/2021\/Portaria%20n%C2%BA%20285%20-%20Regime%20Especial%20de%20Teletrabalho.pdf\" target=\"_blank\" rel=\"noopener\">Portaria n\u00ba 285<\/a> &#8211; Regime Especial de Teletrabalho<\/li>\n<li><a href=\"\/saude\/wp-content\/uploads\/sites\/34\/files\/\/acesso_a_informacao\/portarias\/2021\/Portaria%20n%C2%BA%20229%20-%20Suspender%20todos%20os%20procedimentos%20cir%C3%BArgicos%20eletivos%20que%20possam%20envolver%20a%20necessidade%20complementar%20de%20leitos%20de%20unidade%20de%20te.pdf\" target=\"_blank\" rel=\"noopener\">Portaria n\u00ba 229<\/a> &#8211; Suspender todos os procedimentos cir\u00fargicos eletivos que possam envolver a necessidade complementar de leitos de unidade<\/li>\n<li><a href=\"\/saude\/wp-content\/uploads\/sites\/34\/files\/\/acesso_a_informacao\/portarias\/2021\/Portaria%20n%C2%BA%20228%20-%20Comiss%C3%A3o%20Permanente%20de%20avalia%C3%A7%C3%A3o%20de%20documentos%20sigilosos%20-%20CPADS.pdf\" target=\"_blank\" rel=\"noopener\">Portaria n\u00ba 228<\/a> &#8211; Comiss\u00e3o Permanente de avalia\u00e7\u00e3o de documentos sigilosos &#8211; CPADS<\/li>\n<li><a href=\"\/saude\/wp-content\/uploads\/sites\/34\/files\/\/acesso_a_informacao\/portarias\/2021\/Portaria%20n%C2%BA%20221%20-%20Comiss%C3%A3o%20Permanente%20de%20apura%C3%A7%C3%A3o%20de%20descumprimento%20de%20contratos%20de%20gest%C3%A3o.pdf\" target=\"_blank\" rel=\"noopener\">Portaria n\u00ba 221<\/a> &#8211; Comiss\u00e3o Permanente de apura\u00e7\u00e3o de descumprimento de contratos de gest\u00e3o<\/li>\n<li><a href=\"\/saude\/wp-content\/uploads\/sites\/34\/files\/\/acesso_a_informacao\/portarias\/2021\/Portaria%20n%C2%BA%2018%20-%20Comiss%C3%A3o%20Permanente%20de%20Aliena%C3%A7%C3%A3o%20e%20Desfazimento%20de%20Bens%20Inserv%C3%ADveis.pdf\" target=\"_blank\" rel=\"noopener\">Portaria n\u00ba 18<\/a> &#8211; Comiss\u00e3o Permanente de Aliena\u00e7\u00e3o e Desfazimento de Bens Inserv\u00edveis<\/li>\n<li><a href=\"\/saude\/wp-content\/uploads\/sites\/34\/files\/\/acesso_a_informacao\/portarias\/2021\/Portaria%20n%C2%BA%204%20-%20Escrit%C3%B3rio%20do%20Programa%20de%20Compliance%20P%C3%BAblico.pdf\" target=\"_blank\" rel=\"noopener\">Portaria n\u00ba 4<\/a> &#8211; Escrit\u00f3rio do Programa de Compliance P\u00fablico<\/li>\n<li><a href=\"\/saude\/wp-content\/uploads\/sites\/34\/files\/\/acesso_a_informacao\/portarias\/2021\/Portaria%20n%C2%BA%203%20-%20Suspens%C3%A3o%20da%20obrigatoriedade%20da%20manuten%C3%A7%C3%A3o%20das%20metas%20contratuaias.pdf\" target=\"_blank\" rel=\"noopener\">Portaria n\u00ba 3<\/a> &#8211; Suspens\u00e3o da obrigatoriedade da manuten\u00e7\u00e3o das metas contratuaias<\/li>\n<li><a href=\"\/saude\/wp-content\/uploads\/sites\/34\/files\/\/acesso_a_informacao\/portarias\/2021\/Portaria%20n%C2%BA%202%20-%20Comiss%C3%A3o%20Especial%20de%20Transi%C3%A7%C3%A3o,%20Supervis%C3%A3o,%20Fiscaliza%C3%A7%C3%A3o%20e%20Acompanhamento.pdf\" target=\"_blank\" rel=\"noopener\">Portaria n\u00ba 2<\/a> &#8211; Comiss\u00e3o Especial de Transi\u00e7\u00e3o, Supervis\u00e3o, Fiscaliza\u00e7\u00e3o e Acompanhamento<\/li>\n<li><a href=\"\/saude\/wp-content\/uploads\/sites\/34\/files\/\/acesso_a_informacao\/portarias\/2021\/Portaria%20n%C2%BA%201%20-%20Comiss%C3%A3o%20Interna%20de%20Chamamento%20P%C3%BAblico.pdf\" target=\"_blank\" rel=\"noopener\">Portaria n\u00ba 1<\/a> &#8211; Comiss\u00e3o Interna de Chamamento P\u00fablico<\/li>\n<\/ul>\n<p><script>\nconst searchInput = document.getElementById('searchInput');\nconst itemList = document.getElementById('itemList').getElementsByTagName('li');<\/p>\n<p>searchInput.addEventListener('input', function() {\n  const searchTerm = searchInput.value.toLowerCase();<\/p>\n<p>  for (let i = 0; i < itemList.length; i++) {\n    const itemText = itemList[i].textContent.toLowerCase();\n    if (itemText.includes(searchTerm)) {\n      itemList[i].style.display = 'block';\n    } else {\n      itemList[i].style.display = 'none';\n    }\n  }\n});\n<\/script><\/p>\n<h2>Anos anteriores<\/h2>\n<p>{loadmoduleid 1510}<\/p>\n","protected":false},"excerpt":{"rendered":"<p>Fa\u00e7a a busca 2023 Portaria n\u00ba 1868\/2023 &#8211; Institui a Pol\u00edtica de Comunica\u00e7\u00e3o da Secretaria de Estado da Sa\u00fade Portaria n\u00ba 1096\/2023 &#8211;\u00a0Estabelecer os par\u00e2metros de distribui\u00e7\u00e3o de vagas de est\u00e1gio obrigat\u00f3rio curricular, ofertadas pelas Unidades Administrativas ou Assistenciais de Sa\u00fade da SES-GO Portaria n\u00ba 1279\/2023 &#8211;\u00a0Institui Grupo de Trabalho com a finalidade de elaborar [&hellip;]<\/p>\n","protected":false},"author":693,"featured_media":0,"comment_status":"closed","ping_status":"open","sticky":false,"template":"","format":"standard","meta":{"footnotes":""},"categories":[2],"tags":[],"class_list":["post-21034","post","type-post","status-publish","format-standard","hentry","category-institucional"],"rttpg_featured_image_url":null,"rttpg_author":{"display_name":"elzenubiamoreira","author_link":"https:\/\/goias.gov.br\/saude\/author\/elzenubiamoreira\/"},"rttpg_comment":0,"rttpg_category":"<a href=\"https:\/\/goias.gov.br\/saude\/categoria\/institucional\/\" rel=\"category tag\">Institucional<\/a>","rttpg_excerpt":"Fa\u00e7a a busca 2023 Portaria n\u00ba 1868\/2023 &#8211; Institui a Pol\u00edtica de Comunica\u00e7\u00e3o da Secretaria de Estado da Sa\u00fade Portaria n\u00ba 1096\/2023 &#8211;\u00a0Estabelecer os par\u00e2metros de distribui\u00e7\u00e3o de vagas de est\u00e1gio obrigat\u00f3rio curricular, ofertadas pelas Unidades Administrativas ou Assistenciais de Sa\u00fade da SES-GO Portaria n\u00ba 1279\/2023 &#8211;\u00a0Institui Grupo de Trabalho com a finalidade de elaborar&hellip;","_links":{"self":[{"href":"https:\/\/goias.gov.br\/saude\/wp-json\/wp\/v2\/posts\/21034","targetHints":{"allow":["GET"]}}],"collection":[{"href":"https:\/\/goias.gov.br\/saude\/wp-json\/wp\/v2\/posts"}],"about":[{"href":"https:\/\/goias.gov.br\/saude\/wp-json\/wp\/v2\/types\/post"}],"author":[{"embeddable":true,"href":"https:\/\/goias.gov.br\/saude\/wp-json\/wp\/v2\/users\/693"}],"replies":[{"embeddable":true,"href":"https:\/\/goias.gov.br\/saude\/wp-json\/wp\/v2\/comments?post=21034"}],"version-history":[{"count":1,"href":"https:\/\/goias.gov.br\/saude\/wp-json\/wp\/v2\/posts\/21034\/revisions"}],"predecessor-version":[{"id":40505,"href":"https:\/\/goias.gov.br\/saude\/wp-json\/wp\/v2\/posts\/21034\/revisions\/40505"}],"wp:attachment":[{"href":"https:\/\/goias.gov.br\/saude\/wp-json\/wp\/v2\/media?parent=21034"}],"wp:term":[{"taxonomy":"category","embeddable":true,"href":"https:\/\/goias.gov.br\/saude\/wp-json\/wp\/v2\/categories?post=21034"},{"taxonomy":"post_tag","embeddable":true,"href":"https:\/\/goias.gov.br\/saude\/wp-json\/wp\/v2\/tags?post=21034"}],"curies":[{"name":"wp","href":"https:\/\/api.w.org\/{rel}","templated":true}]}}