

{"id":209616,"date":"2025-01-06T16:18:00","date_gmt":"2025-01-06T19:18:00","guid":{"rendered":"https:\/\/goias.gov.br\/saude\/?p=209616"},"modified":"2025-01-06T16:18:00","modified_gmt":"2025-01-06T19:18:00","slug":"concurso-promove-integracao-e-humanizacao-na-ses","status":"publish","type":"post","link":"https:\/\/goias.gov.br\/saude\/concurso-promove-integracao-e-humanizacao-na-ses\/","title":{"rendered":"Concurso promove integra\u00e7\u00e3o e humaniza\u00e7\u00e3o na SES"},"content":{"rendered":"\n<p class=\"has-text-align-center\"><strong>Iniciativa da Ger\u00eancia de Humaniza\u00e7\u00e3o realizou entre os servidores as melhores decora\u00e7\u00f5es de natal e fim de ano que proporcionaram um clima organizacional festivo<\/strong><\/p>\n\n\n\n<!--more-->\n\n\n<div class=\"wp-block-image\">\n<figure class=\"aligncenter size-large\"><img fetchpriority=\"high\" decoding=\"async\" width=\"1024\" height=\"683\" src=\"https:\/\/goias.gov.br\/saude\/wp-content\/uploads\/sites\/34\/2025\/01\/0601-decoracao-natal-01-1024x683.jpeg\" alt=\"\" class=\"wp-image-209870\" srcset=\"https:\/\/goias.gov.br\/saude\/wp-content\/uploads\/sites\/34\/2025\/01\/0601-decoracao-natal-01-1024x683.jpeg 1024w, https:\/\/goias.gov.br\/saude\/wp-content\/uploads\/sites\/34\/2025\/01\/0601-decoracao-natal-01-300x200.jpeg 300w, https:\/\/goias.gov.br\/saude\/wp-content\/uploads\/sites\/34\/2025\/01\/0601-decoracao-natal-01-768x512.jpeg 768w, https:\/\/goias.gov.br\/saude\/wp-content\/uploads\/sites\/34\/2025\/01\/0601-decoracao-natal-01.jpeg 1224w\" sizes=\"(max-width: 1024px) 100vw, 1024px\" \/><figcaption class=\"wp-element-caption\"><em>Departamentos da SES ficaram decorados nas festas de fim de ano<\/em><\/figcaption><\/figure>\n<\/div>\n\n\n<p>O concurso realizado pela Ger\u00eancia de Humaniza\u00e7\u00e3o da Secretaria de Estado da Sa\u00fade de Goi\u00e1s (SES-GO), no final do ano passado teve como objetivo principal aproximar a gest\u00e3o dos servidores, agilizando processos de trabalho e empoderando os colaboradores. <\/p>\n\n\n\n<p>\u201cEssa a\u00e7\u00e3o busca comprometer e ampliar o coletivo, quebrando barreiras que muitas vezes se formam atrav\u00e9s das hierarquias. Este \u00e9 o primeiro princ\u00edpio da Pol\u00edtica Nacional de Humaniza\u00e7\u00e3o\u201d, afirma a gerente de Humaniza\u00e7\u00e3o Maria Salette Batista Paulino.<\/p>\n\n\n\n<p>A participa\u00e7\u00e3o de todos os servidores foi fundamental para o sucesso do concurso, proporcionando oportunidades de intera\u00e7\u00e3o e criando um clima organizacional favor\u00e1vel e contagiante. \u201cO clima organizacional ficou muito bom. Todos se movimentaram para realizar o natal. Isso facilitou bastante o trabalho da equipe. A gente espera que novas datas, a gente possa tamb\u00e9m reunir as pessoas\u201d, refor\u00e7ou o gerente de projetos de infraestrutura da SES, Pedro Vaz.<\/p>\n\n\n\n<p>Na Superintend\u00eancia de Pol\u00edticas e Aten\u00e7\u00e3o Integral \u00e0 Sa\u00fade (Spais), o esp\u00edrito natalino foi al\u00e9m da decora\u00e7\u00e3o, como garante a superintendente de Pol\u00edticas e Aten\u00e7\u00e3o Integral \u00e0 Sa\u00fade, Amanda Limongi.<\/p>\n\n\n\n<p>Muitos servidores levaram de casa para as salas de trabalho, algumas rel\u00edquias que colaboraram ainda mais para o evento. Grande parte foi confeccionada pelos pr\u00f3prios servidores.<\/p>\n\n\n\n<p>Ap\u00f3s uma an\u00e1lise criteriosa realizada por especialistas em decora\u00e7\u00e3o, os times foram classificados da seguinte forma: em primeiro lugar, o time da Ger\u00eancia de Projetos de Infraestrutura; em segundo lugar, a Ger\u00eancia de Engenharia e Arquitetura, Coordena\u00e7\u00e3o de Obras; em terceiro lugar, o time da SGI, que empatou com o time da Spais. Al\u00e9m disso, uma men\u00e7\u00e3o honrosa foi concedida ao time da<br>Secretaria Adjunta.<\/p>\n\n\n\n<p>A Ger\u00eancia de Humaniza\u00e7\u00e3o agradece a todos que participaram do concurso e que contribu\u00edram para o ambiente mais harmonioso no final de ano. A comemora\u00e7\u00e3o ser\u00e1 realizada em uma data a ser marcada, com a premia\u00e7\u00e3o de um coffee break para aqueles que participaram ativamente do processo.<\/p>\n\n\n\n<p>Fotos: Iron Braz<\/p>\n\n\n\n<p>Legenda: <\/p>\n\n\n\n<p>Yara Galv\u00e3o \/ Comunica\u00e7\u00e3o Setorial<\/p>\n","protected":false},"excerpt":{"rendered":"<p>Iniciativa da Ger\u00eancia de Humaniza\u00e7\u00e3o realizou entre os servidores as melhores decora\u00e7\u00f5es de natal e fim de ano que proporcionaram um clima organizacional festivo<\/p>\n","protected":false},"author":164,"featured_media":209875,"comment_status":"closed","ping_status":"open","sticky":false,"template":"","format":"standard","meta":{"footnotes":""},"categories":[3],"tags":[256],"class_list":["post-209616","post","type-post","status-publish","format-standard","has-post-thumbnail","hentry","category-noticias","tag-humanizacao"],"rttpg_featured_image_url":{"full":["https:\/\/goias.gov.br\/saude\/wp-content\/uploads\/sites\/34\/2025\/01\/0601-decoracao-natal-02.jpeg",1224,816,false],"landscape":["https:\/\/goias.gov.br\/saude\/wp-content\/uploads\/sites\/34\/2025\/01\/0601-decoracao-natal-02.jpeg",1224,816,false],"portraits":["https:\/\/goias.gov.br\/saude\/wp-content\/uploads\/sites\/34\/2025\/01\/0601-decoracao-natal-02.jpeg",1224,816,false],"thumbnail":["https:\/\/goias.gov.br\/saude\/wp-content\/uploads\/sites\/34\/2025\/01\/0601-decoracao-natal-02-150x150.jpeg",150,150,true],"medium":["https:\/\/goias.gov.br\/saude\/wp-content\/uploads\/sites\/34\/2025\/01\/0601-decoracao-natal-02-300x200.jpeg",300,200,true],"large":["https:\/\/goias.gov.br\/saude\/wp-content\/uploads\/sites\/34\/2025\/01\/0601-decoracao-natal-02-1024x683.jpeg",1024,683,true],"1536x1536":["https:\/\/goias.gov.br\/saude\/wp-content\/uploads\/sites\/34\/2025\/01\/0601-decoracao-natal-02.jpeg",1224,816,false],"2048x2048":["https:\/\/goias.gov.br\/saude\/wp-content\/uploads\/sites\/34\/2025\/01\/0601-decoracao-natal-02.jpeg",1224,816,false]},"rttpg_author":{"display_name":"isabelamelo","author_link":"https:\/\/goias.gov.br\/saude\/author\/isabelamelo\/"},"rttpg_comment":0,"rttpg_category":"<a href=\"https:\/\/goias.gov.br\/saude\/categoria\/noticias\/\" rel=\"category tag\">Not\u00edcias<\/a>","rttpg_excerpt":"Iniciativa da Ger\u00eancia de Humaniza\u00e7\u00e3o realizou entre os servidores as melhores decora\u00e7\u00f5es de natal e fim de ano que proporcionaram um clima organizacional festivo","_links":{"self":[{"href":"https:\/\/goias.gov.br\/saude\/wp-json\/wp\/v2\/posts\/209616","targetHints":{"allow":["GET"]}}],"collection":[{"href":"https:\/\/goias.gov.br\/saude\/wp-json\/wp\/v2\/posts"}],"about":[{"href":"https:\/\/goias.gov.br\/saude\/wp-json\/wp\/v2\/types\/post"}],"author":[{"embeddable":true,"href":"https:\/\/goias.gov.br\/saude\/wp-json\/wp\/v2\/users\/164"}],"replies":[{"embeddable":true,"href":"https:\/\/goias.gov.br\/saude\/wp-json\/wp\/v2\/comments?post=209616"}],"version-history":[{"count":1,"href":"https:\/\/goias.gov.br\/saude\/wp-json\/wp\/v2\/posts\/209616\/revisions"}],"predecessor-version":[{"id":209882,"href":"https:\/\/goias.gov.br\/saude\/wp-json\/wp\/v2\/posts\/209616\/revisions\/209882"}],"wp:featuredmedia":[{"embeddable":true,"href":"https:\/\/goias.gov.br\/saude\/wp-json\/wp\/v2\/media\/209875"}],"wp:attachment":[{"href":"https:\/\/goias.gov.br\/saude\/wp-json\/wp\/v2\/media?parent=209616"}],"wp:term":[{"taxonomy":"category","embeddable":true,"href":"https:\/\/goias.gov.br\/saude\/wp-json\/wp\/v2\/categories?post=209616"},{"taxonomy":"post_tag","embeddable":true,"href":"https:\/\/goias.gov.br\/saude\/wp-json\/wp\/v2\/tags?post=209616"}],"curies":[{"name":"wp","href":"https:\/\/api.w.org\/{rel}","templated":true}]}}