

{"id":204691,"date":"2024-12-27T15:44:27","date_gmt":"2024-12-27T18:44:27","guid":{"rendered":"https:\/\/goias.gov.br\/saude\/?p=204691"},"modified":"2024-12-27T15:44:27","modified_gmt":"2024-12-27T18:44:27","slug":"fila-por-leitos-de-uti-em-goiania-e-zerada","status":"publish","type":"post","link":"https:\/\/goias.gov.br\/saude\/fila-por-leitos-de-uti-em-goiania-e-zerada\/","title":{"rendered":"Fila por leitos de UTI em Goi\u00e2nia \u00e9 zerada"},"content":{"rendered":"\n<p class=\"has-text-align-center\"><strong>Esfor\u00e7o conjunto do Estado, Prefeitura e equipe de transi\u00e7\u00e3o garante resultado na capital; 30 dias ap\u00f3s a instala\u00e7\u00e3o do Gabinete de Crise, 1.944 pacientes foram admitidos em leitos de UTI e enfermaria<\/strong><\/p>\n\n\n\n<!--more-->\n\n\n<div class=\"wp-block-image\">\n<figure class=\"aligncenter size-full\"><img fetchpriority=\"high\" decoding=\"async\" width=\"1024\" height=\"682\" src=\"https:\/\/goias.gov.br\/saude\/wp-content\/uploads\/sites\/34\/2024\/12\/1000184995.jpg\" alt=\"\" class=\"wp-image-204716\" srcset=\"https:\/\/goias.gov.br\/saude\/wp-content\/uploads\/sites\/34\/2024\/12\/1000184995.jpg 1024w, https:\/\/goias.gov.br\/saude\/wp-content\/uploads\/sites\/34\/2024\/12\/1000184995-300x200.jpg 300w, https:\/\/goias.gov.br\/saude\/wp-content\/uploads\/sites\/34\/2024\/12\/1000184995-768x512.jpg 768w\" sizes=\"(max-width: 1024px) 100vw, 1024px\" \/><figcaption class=\"wp-element-caption\"><em>Gabinete de crise da Sa\u00fade de Goi\u00e2nia consegue zerar fila de UTI na capital em esfor\u00e7o conjunto do Governo do Estado e munic\u00edpio<\/em><\/figcaption><\/figure>\n<\/div>\n\n\n<p>O Gabinete de Crise da Sa\u00fade de Goi\u00e2nia, coordenado pela Secretaria da Sa\u00fade de Goi\u00e1s (SES), zerou a fila de espera por leitos de UTI na capital em 30 dias. O feito, apresentado nesta quinta-feira (26\/12) ao Minist\u00e9rio P\u00fablico de Goi\u00e1s (MP-GO) e ao Tribunal de Contas do Estado (TCE-GO), \u00e9 resultado da coopera\u00e7\u00e3o entre a pasta, a Secretaria Municipal de Sa\u00fade (SMS) e a comiss\u00e3o de transi\u00e7\u00e3o do prefeito eleito, Sandro Mabel. <\/p>\n\n\n\n<p>Ao todo, 1.944 pacientes foram internados em leitos de enfermaria e UTI. Durante a reuni\u00e3o, o secret\u00e1rio estadual de Sa\u00fade, Ras\u00edvel Santos, destacou os avan\u00e7os promovidos pelo gabinete. &#8220;Esses resultados demonstram como a gest\u00e3o di\u00e1ria e cont\u00ednua dos recursos, aliada \u00e0 organiza\u00e7\u00e3o e \u00e0 coopera\u00e7\u00e3o entre as esferas estadual e municipal, otimiza o uso de leitos, insumos e demais recursos&#8221;, afirmou. <\/p>\n\n\n\n<p>Ap\u00f3s a instala\u00e7\u00e3o do gabinete, houve a abertura de 20 novos leitos de UTI e a reativa\u00e7\u00e3o de outros 47 no Hospital Ruy Azeredo, a disponibiliza\u00e7\u00e3o de 16 leitos no Hospital das Cl\u00ednicas da UFG, e a inaugura\u00e7\u00e3o de 40 leitos de UTI e de 55 de enfermaria no Hospital Estadual de \u00c1guas Lindas. Essa expans\u00e3o da rede de atendimento em permitiu que a maioria das solicita\u00e7\u00f5es por UTI fosse atendida em menos de 24 horas.<\/p>\n\n\n\n<p>Outro marco relevante foi a amplia\u00e7\u00e3o do transporte sanit\u00e1rio na capital, que passou de 6 para 11 ambul\u00e2ncias brancas. O Servi\u00e7o de Atendimento M\u00f3vel de Urg\u00eancia (Samu) tamb\u00e9m teve sua frota refor\u00e7ada, saltando de uma m\u00e9dia de 9 para 14 ambul\u00e2ncias em opera\u00e7\u00e3o, com previs\u00e3o de chegar a 17. Todos os ve\u00edculos \u2013 de transporte sanit\u00e1rio, urg\u00eancia e emerg\u00eancia, e administrativo \u2013 est\u00e3o em condi\u00e7\u00f5es de operar. <\/p>\n\n\n\n<p>\u201cEsses resultados mostram o comprometimento de um grande n\u00famero de profissionais de sa\u00fade com a vida e o bem-estar da popula\u00e7\u00e3o\u201d, destacou Ras\u00edvel Santos, acrescentando que o resultado reflete a for\u00e7a da integra\u00e7\u00e3o entre gest\u00e3o estadual e municipal e estabelece um novo padr\u00e3o de efici\u00eancia e organiza\u00e7\u00e3o para a sa\u00fade p\u00fablica em Goi\u00e2nia, beneficiando diretamente a popula\u00e7\u00e3o com mais qualidade no atendimento.<\/p>\n\n\n\n<p>Foto: SES-GO<\/p>\n\n\n\n<p><strong>Secretaria de Estado da Sa\u00fade \u2013 Governo de Goi\u00e1s<\/strong><\/p>\n","protected":false},"excerpt":{"rendered":"<p>Esfor\u00e7o conjunto do Estado, Prefeitura e equipe de transi\u00e7\u00e3o garante resultado na capital<\/p>\n","protected":false},"author":164,"featured_media":204716,"comment_status":"closed","ping_status":"open","sticky":false,"template":"","format":"standard","meta":{"footnotes":""},"categories":[3],"tags":[406],"class_list":["post-204691","post","type-post","status-publish","format-standard","has-post-thumbnail","hentry","category-noticias","tag-gabinete-de-crise"],"rttpg_featured_image_url":{"full":["https:\/\/goias.gov.br\/saude\/wp-content\/uploads\/sites\/34\/2024\/12\/1000184995.jpg",1024,682,false],"landscape":["https:\/\/goias.gov.br\/saude\/wp-content\/uploads\/sites\/34\/2024\/12\/1000184995.jpg",1024,682,false],"portraits":["https:\/\/goias.gov.br\/saude\/wp-content\/uploads\/sites\/34\/2024\/12\/1000184995.jpg",1024,682,false],"thumbnail":["https:\/\/goias.gov.br\/saude\/wp-content\/uploads\/sites\/34\/2024\/12\/1000184995-150x150.jpg",150,150,true],"medium":["https:\/\/goias.gov.br\/saude\/wp-content\/uploads\/sites\/34\/2024\/12\/1000184995-300x200.jpg",300,200,true],"large":["https:\/\/goias.gov.br\/saude\/wp-content\/uploads\/sites\/34\/2024\/12\/1000184995.jpg",1024,682,false],"1536x1536":["https:\/\/goias.gov.br\/saude\/wp-content\/uploads\/sites\/34\/2024\/12\/1000184995.jpg",1024,682,false],"2048x2048":["https:\/\/goias.gov.br\/saude\/wp-content\/uploads\/sites\/34\/2024\/12\/1000184995.jpg",1024,682,false]},"rttpg_author":{"display_name":"isabelamelo","author_link":"https:\/\/goias.gov.br\/saude\/author\/isabelamelo\/"},"rttpg_comment":0,"rttpg_category":"<a href=\"https:\/\/goias.gov.br\/saude\/categoria\/noticias\/\" rel=\"category tag\">Not\u00edcias<\/a>","rttpg_excerpt":"Esfor\u00e7o conjunto do Estado, Prefeitura e equipe de transi\u00e7\u00e3o garante resultado na capital","_links":{"self":[{"href":"https:\/\/goias.gov.br\/saude\/wp-json\/wp\/v2\/posts\/204691","targetHints":{"allow":["GET"]}}],"collection":[{"href":"https:\/\/goias.gov.br\/saude\/wp-json\/wp\/v2\/posts"}],"about":[{"href":"https:\/\/goias.gov.br\/saude\/wp-json\/wp\/v2\/types\/post"}],"author":[{"embeddable":true,"href":"https:\/\/goias.gov.br\/saude\/wp-json\/wp\/v2\/users\/164"}],"replies":[{"embeddable":true,"href":"https:\/\/goias.gov.br\/saude\/wp-json\/wp\/v2\/comments?post=204691"}],"version-history":[{"count":1,"href":"https:\/\/goias.gov.br\/saude\/wp-json\/wp\/v2\/posts\/204691\/revisions"}],"predecessor-version":[{"id":204730,"href":"https:\/\/goias.gov.br\/saude\/wp-json\/wp\/v2\/posts\/204691\/revisions\/204730"}],"wp:featuredmedia":[{"embeddable":true,"href":"https:\/\/goias.gov.br\/saude\/wp-json\/wp\/v2\/media\/204716"}],"wp:attachment":[{"href":"https:\/\/goias.gov.br\/saude\/wp-json\/wp\/v2\/media?parent=204691"}],"wp:term":[{"taxonomy":"category","embeddable":true,"href":"https:\/\/goias.gov.br\/saude\/wp-json\/wp\/v2\/categories?post=204691"},{"taxonomy":"post_tag","embeddable":true,"href":"https:\/\/goias.gov.br\/saude\/wp-json\/wp\/v2\/tags?post=204691"}],"curies":[{"name":"wp","href":"https:\/\/api.w.org\/{rel}","templated":true}]}}