

{"id":20121,"date":"2020-04-22T16:28:28","date_gmt":"2020-04-22T19:28:28","guid":{"rendered":"https:\/\/siteshom.goias.gov.br\/saude\/fichas-de-notificacao-coronavirus\/"},"modified":"2020-04-22T16:28:28","modified_gmt":"2020-04-22T19:28:28","slug":"fichas-de-notificacao-coronavirus","status":"publish","type":"post","link":"https:\/\/goias.gov.br\/saude\/fichas-de-notificacao-coronavirus\/","title":{"rendered":"Fichas de Notifica\u00e7\u00e3o &#8211; Coronav\u00edrus"},"content":{"rendered":"<ul>\n<li><a href=\"https:\/\/goias.gov.br\/saude\/wp-content\/uploads\/sites\/34\/2020\/04\/Ficha-CasoSuspeitodeReinfeccaoSARS-CoV-2-c9f.pdf\" id=\"\" style=\"\" target=\"_blank\" title=\"\" rel=\"noopener\">Ficha de notica&ccedil;&atilde;o &#8211; Caso Suspeito de Reinfec&ccedil;&atilde;o SARS- CoV-2<\/a><br \/>\n\t&nbsp;<\/li>\n<li><a href=\"https:\/\/redcap.saude.gov.br\/surveys\/index.php?s=TDHEXK9HDR\" target=\"_blank\" rel=\"noopener\">Ficha de notifica&ccedil;&atilde;o para casos da S&iacute;ndrome Inflamat&oacute;ria Multissist&ecirc;mica Pedi&aacute;trica, temporalmente associada &agrave; COVID-19<\/a><br \/>\n\t<a href=\"https:\/\/goias.gov.br\/saude\/wp-content\/uploads\/sites\/34\/2020\/04\/Anexo-A-f0f.pdf\" id=\"\" style=\"\" target=\"_blank\" title=\"\" rel=\"noopener\">ANEXO A<\/a><br \/>\n\t<a href=\"https:\/\/goias.gov.br\/saude\/wp-content\/uploads\/sites\/34\/2020\/04\/AnexoB-AmostraLacen-704.pdf\" id=\"\" style=\"\" target=\"_blank\" title=\"\" rel=\"noopener\">ANEXO B<\/a><\/p>\n<hr \/>\n<p><strong>Notifica&ccedil;&atilde;o de S&iacute;ndrome Gripal &#8211; Coronav&iacute;rus &#8211; ESUS-VE<\/strong><br \/>\n\t&nbsp;<\/p>\n<p class=\"pull-center\"><a href=\"https:\/\/notifica.saude.gov.br\" target=\"_blank\" rel=\"noopener\"><img fetchpriority=\"high\" decoding=\"async\" class=\" size-full wp-image-20111\" alt=\"\" data-image-widget-flowlayout=\"1\" id=\"\" src=\"https:\/\/goias.gov.br\/saude\/wp-content\/uploads\/sites\/34\/2020\/04\/ESUS-6a1.png\" title=\"\" width=\"1288\" height=\"106\" srcset=\"https:\/\/goias.gov.br\/saude\/wp-content\/uploads\/sites\/34\/2020\/04\/ESUS-6a1.png 1288w, https:\/\/goias.gov.br\/saude\/wp-content\/uploads\/sites\/34\/2020\/04\/ESUS-6a1-300x25.png 300w, https:\/\/goias.gov.br\/saude\/wp-content\/uploads\/sites\/34\/2020\/04\/ESUS-6a1-1024x84.png 1024w, https:\/\/goias.gov.br\/saude\/wp-content\/uploads\/sites\/34\/2020\/04\/ESUS-6a1-768x63.png 768w\" sizes=\"(max-width: 1288px) 100vw, 1288px\" \/><\/a><\/p>\n<\/li>\n<li><a href=\"https:\/\/goias.gov.br\/saude\/wp-content\/uploads\/sites\/34\/2020\/04\/Ficha-de-Notificacao-COVID-19-com-Monitoramento-de-Contatos-c5e.pdf\" target=\"_blank\" rel=\"noopener\">Ficha de notifica&ccedil;&atilde;o Covid-19 e rastreamento de contatos<\/a><br \/>\n\t&nbsp;<\/li>\n<li><a href=\"https:\/\/goias.gov.br\/saude\/wp-content\/uploads\/sites\/34\/2020\/04\/Instrutivo-Ficha-de-Notificacao-e-SUS-Notifica_04_05-177.pdf\" id=\"\" style=\"\" target=\"_blank\" title=\"\" rel=\"noopener\">Instrutivo de preenchimento da ficha de notifica&ccedil;&atilde;o de caso de S&iacute;ndrome Gripal suspeito de doen&ccedil;a pelo Coronav&iacute;rus 2019 <\/a><br \/>\n\t&nbsp;<\/li>\n<li><a href=\"https:\/\/goias.gov.br\/saude\/wp-content\/uploads\/sites\/34\/2020\/04\/Ficha-de-Monitoramento-de-Contatos-49b.pdf\" id=\"\" style=\"\" target=\"_blank\" title=\"\" rel=\"noopener\">Ficha de monitoramento de contatos<\/a><\/li>\n<li>\n<p><a href=\"https:\/\/goias.gov.br\/saude\/wp-content\/uploads\/sites\/34\/2020\/04\/Instrutivo-Ficha-de-Monitoramento-de-Contatos-e-SUS-Notifica_04_05-afe.pdf\" id=\"\" style=\"\" target=\"_blank\" title=\"\" rel=\"noopener\">\u200bInstrutivo de preenchimento da ficha de Monitoramento de Contatos de caso suspeito ou confirmado de doen&ccedil;a pelo Coronav&iacute;rus 2019 (covid-19)<\/a><\/p>\n<\/li>\n<\/ul>\n<hr \/>\n<p>&nbsp;&nbsp;&nbsp;&nbsp;&nbsp;&nbsp;&nbsp;<strong>&nbsp;Notifica&ccedil;&atilde;o de S&iacute;ndrome Respirat&oacute;ria Aguda Grave -SIVEPGRIPE<\/strong><br \/>\n&nbsp;<\/p>\n<p class=\"pull-center\"><a href=\"https:\/\/www.saude.gov.br\/sivepgripe\" target=\"_blank\" rel=\"noopener\"><img decoding=\"async\" class=\" size-full wp-image-20119\" alt=\"\" data-image-widget-flowlayout=\"1\" id=\"\" src=\"https:\/\/goias.gov.br\/saude\/wp-content\/uploads\/sites\/34\/2020\/04\/SIVERGRIPE-535.png\" title=\"\" width=\"1288\" height=\"106\" srcset=\"https:\/\/goias.gov.br\/saude\/wp-content\/uploads\/sites\/34\/2020\/04\/SIVERGRIPE-535.png 1288w, https:\/\/goias.gov.br\/saude\/wp-content\/uploads\/sites\/34\/2020\/04\/SIVERGRIPE-535-300x25.png 300w, https:\/\/goias.gov.br\/saude\/wp-content\/uploads\/sites\/34\/2020\/04\/SIVERGRIPE-535-1024x84.png 1024w, https:\/\/goias.gov.br\/saude\/wp-content\/uploads\/sites\/34\/2020\/04\/SIVERGRIPE-535-768x63.png 768w\" sizes=\"(max-width: 1288px) 100vw, 1288px\" \/><\/a><\/p>\n<ul>\n<li>\n<p><a href=\"https:\/\/goias.gov.br\/saude\/wp-content\/uploads\/sites\/34\/2020\/04\/SindromeRespiratoriaAgudaGrave-SIVEPGRIPE.pdf-48c.pdf\" target=\"_blank\" rel=\"noopener\">Ficha de notifica&ccedil;&atilde;o &#8211; S&iacute;ndrome Respirat&oacute;ria Aguda Grave &#8211; SIVEPGRIPE<\/a><\/p>\n<\/li>\n<li>\n<p><a href=\"https:\/\/goias.gov.br\/saude\/wp-content\/uploads\/sites\/34\/files\/vigilancia\/epidemiologica\/fichas-de-notificacao\/InstrutivodepreenchimentodafichadenotificacaodecasodeSindromeRespiratoriaAgudaGrave.pdf\" id=\"\" style=\"\" target=\"_blank\" title=\"\" rel=\"noopener\">Instrutivo de preenchimento da ficha de notifica&ccedil;&atilde;o de caso de S&iacute;ndrome Respirat&oacute;ria Aguda Grave<\/a><\/p>\n<\/li>\n<\/ul>\n","protected":false},"excerpt":{"rendered":"<p>Ficha de notica&ccedil;&atilde;o &#8211; Caso Suspeito de Reinfec&ccedil;&atilde;o SARS- CoV-2 &nbsp; Ficha de notifica&ccedil;&atilde;o para casos da S&iacute;ndrome Inflamat&oacute;ria Multissist&ecirc;mica Pedi&aacute;trica, temporalmente associada &agrave; COVID-19 ANEXO A ANEXO B Notifica&ccedil;&atilde;o de S&iacute;ndrome Gripal &#8211; Coronav&iacute;rus &#8211; ESUS-VE &nbsp; Ficha de notifica&ccedil;&atilde;o Covid-19 e rastreamento de contatos &nbsp; Instrutivo de preenchimento da ficha de notifica&ccedil;&atilde;o de [&hellip;]<\/p>\n","protected":false},"author":693,"featured_media":20111,"comment_status":"closed","ping_status":"open","sticky":false,"template":"","format":"standard","meta":{"footnotes":""},"categories":[90],"tags":[],"class_list":["post-20121","post","type-post","status-publish","format-standard","has-post-thumbnail","hentry","category-coronavirus-2"],"rttpg_featured_image_url":{"full":["https:\/\/goias.gov.br\/saude\/wp-content\/uploads\/sites\/34\/2020\/04\/ESUS-6a1.png",1288,106,false],"landscape":["https:\/\/goias.gov.br\/saude\/wp-content\/uploads\/sites\/34\/2020\/04\/ESUS-6a1.png",1288,106,false],"portraits":["https:\/\/goias.gov.br\/saude\/wp-content\/uploads\/sites\/34\/2020\/04\/ESUS-6a1.png",1288,106,false],"thumbnail":["https:\/\/goias.gov.br\/saude\/wp-content\/uploads\/sites\/34\/2020\/04\/ESUS-6a1-150x106.png",150,106,true],"medium":["https:\/\/goias.gov.br\/saude\/wp-content\/uploads\/sites\/34\/2020\/04\/ESUS-6a1-300x25.png",300,25,true],"large":["https:\/\/goias.gov.br\/saude\/wp-content\/uploads\/sites\/34\/2020\/04\/ESUS-6a1-1024x84.png",1024,84,true],"1536x1536":["https:\/\/goias.gov.br\/saude\/wp-content\/uploads\/sites\/34\/2020\/04\/ESUS-6a1.png",1288,106,false],"2048x2048":["https:\/\/goias.gov.br\/saude\/wp-content\/uploads\/sites\/34\/2020\/04\/ESUS-6a1.png",1288,106,false]},"rttpg_author":{"display_name":"elzenubiamoreira","author_link":"https:\/\/goias.gov.br\/saude\/author\/elzenubiamoreira\/"},"rttpg_comment":0,"rttpg_category":"<a href=\"https:\/\/goias.gov.br\/saude\/categoria\/coronavirus-2\/\" rel=\"category tag\">CoronaVirus<\/a>","rttpg_excerpt":"Ficha de notica&ccedil;&atilde;o &#8211; Caso Suspeito de Reinfec&ccedil;&atilde;o SARS- CoV-2 &nbsp; Ficha de notifica&ccedil;&atilde;o para casos da S&iacute;ndrome Inflamat&oacute;ria Multissist&ecirc;mica Pedi&aacute;trica, temporalmente associada &agrave; COVID-19 ANEXO A ANEXO B Notifica&ccedil;&atilde;o de S&iacute;ndrome Gripal &#8211; Coronav&iacute;rus &#8211; ESUS-VE &nbsp; Ficha de notifica&ccedil;&atilde;o Covid-19 e rastreamento de contatos &nbsp; Instrutivo de preenchimento da ficha de notifica&ccedil;&atilde;o de&hellip;","_links":{"self":[{"href":"https:\/\/goias.gov.br\/saude\/wp-json\/wp\/v2\/posts\/20121","targetHints":{"allow":["GET"]}}],"collection":[{"href":"https:\/\/goias.gov.br\/saude\/wp-json\/wp\/v2\/posts"}],"about":[{"href":"https:\/\/goias.gov.br\/saude\/wp-json\/wp\/v2\/types\/post"}],"author":[{"embeddable":true,"href":"https:\/\/goias.gov.br\/saude\/wp-json\/wp\/v2\/users\/693"}],"replies":[{"embeddable":true,"href":"https:\/\/goias.gov.br\/saude\/wp-json\/wp\/v2\/comments?post=20121"}],"version-history":[{"count":0,"href":"https:\/\/goias.gov.br\/saude\/wp-json\/wp\/v2\/posts\/20121\/revisions"}],"wp:featuredmedia":[{"embeddable":true,"href":"https:\/\/goias.gov.br\/saude\/wp-json\/wp\/v2\/media\/20111"}],"wp:attachment":[{"href":"https:\/\/goias.gov.br\/saude\/wp-json\/wp\/v2\/media?parent=20121"}],"wp:term":[{"taxonomy":"category","embeddable":true,"href":"https:\/\/goias.gov.br\/saude\/wp-json\/wp\/v2\/categories?post=20121"},{"taxonomy":"post_tag","embeddable":true,"href":"https:\/\/goias.gov.br\/saude\/wp-json\/wp\/v2\/tags?post=20121"}],"curies":[{"name":"wp","href":"https:\/\/api.w.org\/{rel}","templated":true}]}}