

{"id":19105,"date":"2019-03-20T11:03:59","date_gmt":"2019-03-20T14:03:59","guid":{"rendered":"https:\/\/siteshom.goias.gov.br\/saude\/sest-sus-participa-de-projeto-sobre-nova-formacao-em-saude-publica-2\/"},"modified":"2019-03-20T11:03:59","modified_gmt":"2019-03-20T14:03:59","slug":"sest-sus-participa-de-projeto-sobre-nova-formacao-em-saude-publica-2","status":"publish","type":"post","link":"https:\/\/goias.gov.br\/saude\/sest-sus-participa-de-projeto-sobre-nova-formacao-em-saude-publica-2\/","title":{"rendered":"SEST-SUS participa de projeto sobre nova forma\u00e7\u00e3o em Sa\u00fade P\u00fablica"},"content":{"rendered":"<p><img fetchpriority=\"high\" decoding=\"async\" class=\" size-full wp-image-8829\" src=\"https:\/\/goias.gov.br\/saude\/wp-content\/uploads\/sites\/34\/2019\/03\/servidoras-da-esap-participam-de-oficina-da-redeescola-ecf.jpg\" alt=\"\" width=\"1032\" height=\"774\" srcset=\"https:\/\/goias.gov.br\/saude\/wp-content\/uploads\/sites\/34\/2019\/03\/servidoras-da-esap-participam-de-oficina-da-redeescola-ecf.jpg 1032w, https:\/\/goias.gov.br\/saude\/wp-content\/uploads\/sites\/34\/2019\/03\/servidoras-da-esap-participam-de-oficina-da-redeescola-ecf-300x225.jpg 300w, https:\/\/goias.gov.br\/saude\/wp-content\/uploads\/sites\/34\/2019\/03\/servidoras-da-esap-participam-de-oficina-da-redeescola-ecf-1024x768.jpg 1024w, https:\/\/goias.gov.br\/saude\/wp-content\/uploads\/sites\/34\/2019\/03\/servidoras-da-esap-participam-de-oficina-da-redeescola-ecf-768x576.jpg 768w, https:\/\/goias.gov.br\/saude\/wp-content\/uploads\/sites\/34\/2019\/03\/servidoras-da-esap-participam-de-oficina-da-redeescola-ecf-600x450.jpg 600w\" sizes=\"(max-width: 1032px) 100vw, 1032px\" \/><!DOCTYPE html PUBLIC \"-\/\/W3C\/\/DTD HTML 4.0 Transitional\/\/EN\" \"https:\/\/www.w3.org\/TR\/REC-html40\/loose.dtd\"><br \/>\n<html><body><\/p>\n<p>As servidoras da Superintend&ecirc;ncia de Educa&ccedil;&atilde;o em Sa&uacute;de e Trabalho para o SUS, SEST-SUS Kelli Santos, da Coordena&ccedil;&atilde;o de P&oacute;s Gradua&ccedil;&atilde;o, e Rafaela Veronezi, da Ger&ecirc;ncia do Centro de Excel&ecirc;ncia em Ensino, Pesquisa e Projetos &ldquo;Leide das Neves Ferreira&rdquo;, participaram da Oficina Regional das Regi&otilde;es Norte e Centro-Oeste promovido pela REDESCOLA, da Fiocruz, em Bel&eacute;m (Par&aacute;). Elas foram designadas para as fun&ccedil;&otilde;es de Coordena&ccedil;&atilde;o Geral e Apoiador Estadual no Projeto &ldquo;A nova forma&ccedil;&atilde;o em Sa&uacute;de P&uacute;blica para discuss&atilde;o da abordagem interprofissional&rdquo;, no curso de Especializa&ccedil;&atilde;o em Sa&uacute;de P&uacute;blica que ser&aacute; oferecido ainda neste semestre pela ESAP-GO em parceria com a Fiocruz.<\/p>\n<p>A previs&atilde;o &eacute; de que o edital seja publicado em abril e ofere&ccedil;a 36 vagas destinadas aos servidores lotados nas Secretarias de Sa&uacute;de do Estado de Goi&aacute;s. O objetivo principal do projeto &eacute; expandir a oferta dos cursos lato sensu da &aacute;rea da sa&uacute;de p&uacute;blica no Brasil, contribuindo para a qualifica&ccedil;&atilde;o das pr&aacute;ticas profissionais e de organiza&ccedil;&atilde;o do trabalho nas institui&ccedil;&otilde;es de sa&uacute;de que estejam alinhadas com os princ&iacute;pios e diretrizes do Sistema &Uacute;nico de Sa&uacute;de.<\/p>\n<p><em>Gabriela Dutra, da Superintend&ecirc;ncia de Educa&ccedil;&atilde;o em Sa&uacute;de e Trabalho para o SUS, SEST-SUS<\/em><\/p>\n<p><em>Foto: RedEscola \/ Fiocruz<\/em><\/p>\n<p><\/body><\/html><\/p>\n","protected":false},"excerpt":{"rendered":"<p>As servidoras da Superintend&ecirc;ncia de Educa&ccedil;&atilde;o em Sa&uacute;de e Trabalho para o SUS, SEST-SUS Kelli Santos, da Coordena&ccedil;&atilde;o de P&oacute;s Gradua&ccedil;&atilde;o, e Rafaela Veronezi, da Ger&ecirc;ncia do Centro de Excel&ecirc;ncia em Ensino, Pesquisa e Projetos &ldquo;Leide das Neves Ferreira&rdquo;, participaram da Oficina Regional das Regi&otilde;es Norte e Centro-Oeste promovido pela REDESCOLA, da Fiocruz, em Bel&eacute;m [&hellip;]<\/p>\n","protected":false},"author":7,"featured_media":8829,"comment_status":"closed","ping_status":"open","sticky":false,"template":"","format":"standard","meta":{"footnotes":""},"categories":[3],"tags":[],"class_list":["post-19105","post","type-post","status-publish","format-standard","has-post-thumbnail","hentry","category-noticias"],"rttpg_featured_image_url":{"full":["https:\/\/goias.gov.br\/saude\/wp-content\/uploads\/sites\/34\/2019\/03\/servidoras-da-esap-participam-de-oficina-da-redeescola-ecf.jpg",1032,774,false],"landscape":["https:\/\/goias.gov.br\/saude\/wp-content\/uploads\/sites\/34\/2019\/03\/servidoras-da-esap-participam-de-oficina-da-redeescola-ecf.jpg",1032,774,false],"portraits":["https:\/\/goias.gov.br\/saude\/wp-content\/uploads\/sites\/34\/2019\/03\/servidoras-da-esap-participam-de-oficina-da-redeescola-ecf.jpg",1032,774,false],"thumbnail":["https:\/\/goias.gov.br\/saude\/wp-content\/uploads\/sites\/34\/2019\/03\/servidoras-da-esap-participam-de-oficina-da-redeescola-ecf-150x150.jpg",150,150,true],"medium":["https:\/\/goias.gov.br\/saude\/wp-content\/uploads\/sites\/34\/2019\/03\/servidoras-da-esap-participam-de-oficina-da-redeescola-ecf-300x225.jpg",300,225,true],"large":["https:\/\/goias.gov.br\/saude\/wp-content\/uploads\/sites\/34\/2019\/03\/servidoras-da-esap-participam-de-oficina-da-redeescola-ecf-1024x768.jpg",1024,768,true],"1536x1536":["https:\/\/goias.gov.br\/saude\/wp-content\/uploads\/sites\/34\/2019\/03\/servidoras-da-esap-participam-de-oficina-da-redeescola-ecf.jpg",1032,774,false],"2048x2048":["https:\/\/goias.gov.br\/saude\/wp-content\/uploads\/sites\/34\/2019\/03\/servidoras-da-esap-participam-de-oficina-da-redeescola-ecf.jpg",1032,774,false]},"rttpg_author":{"display_name":"gustavogoncalves","author_link":"https:\/\/goias.gov.br\/saude\/author\/gustavogoncalves\/"},"rttpg_comment":0,"rttpg_category":"<a href=\"https:\/\/goias.gov.br\/saude\/categoria\/noticias\/\" rel=\"category tag\">Not\u00edcias<\/a>","rttpg_excerpt":"As servidoras da Superintend&ecirc;ncia de Educa&ccedil;&atilde;o em Sa&uacute;de e Trabalho para o SUS, SEST-SUS Kelli Santos, da Coordena&ccedil;&atilde;o de P&oacute;s Gradua&ccedil;&atilde;o, e Rafaela Veronezi, da Ger&ecirc;ncia do Centro de Excel&ecirc;ncia em Ensino, Pesquisa e Projetos &ldquo;Leide das Neves Ferreira&rdquo;, participaram da Oficina Regional das Regi&otilde;es Norte e Centro-Oeste promovido pela REDESCOLA, da Fiocruz, em Bel&eacute;m&hellip;","_links":{"self":[{"href":"https:\/\/goias.gov.br\/saude\/wp-json\/wp\/v2\/posts\/19105","targetHints":{"allow":["GET"]}}],"collection":[{"href":"https:\/\/goias.gov.br\/saude\/wp-json\/wp\/v2\/posts"}],"about":[{"href":"https:\/\/goias.gov.br\/saude\/wp-json\/wp\/v2\/types\/post"}],"author":[{"embeddable":true,"href":"https:\/\/goias.gov.br\/saude\/wp-json\/wp\/v2\/users\/7"}],"replies":[{"embeddable":true,"href":"https:\/\/goias.gov.br\/saude\/wp-json\/wp\/v2\/comments?post=19105"}],"version-history":[{"count":0,"href":"https:\/\/goias.gov.br\/saude\/wp-json\/wp\/v2\/posts\/19105\/revisions"}],"wp:featuredmedia":[{"embeddable":true,"href":"https:\/\/goias.gov.br\/saude\/wp-json\/wp\/v2\/media\/8829"}],"wp:attachment":[{"href":"https:\/\/goias.gov.br\/saude\/wp-json\/wp\/v2\/media?parent=19105"}],"wp:term":[{"taxonomy":"category","embeddable":true,"href":"https:\/\/goias.gov.br\/saude\/wp-json\/wp\/v2\/categories?post=19105"},{"taxonomy":"post_tag","embeddable":true,"href":"https:\/\/goias.gov.br\/saude\/wp-json\/wp\/v2\/tags?post=19105"}],"curies":[{"name":"wp","href":"https:\/\/api.w.org\/{rel}","templated":true}]}}