

{"id":19104,"date":"2019-03-26T12:03:04","date_gmt":"2019-03-26T15:03:04","guid":{"rendered":"https:\/\/siteshom.goias.gov.br\/saude\/curso-nova-formacao-em-saude-publica-e-pactuado-em-cib-2\/"},"modified":"2019-03-26T12:03:04","modified_gmt":"2019-03-26T15:03:04","slug":"curso-nova-formacao-em-saude-publica-e-pactuado-em-cib-2","status":"publish","type":"post","link":"https:\/\/goias.gov.br\/saude\/curso-nova-formacao-em-saude-publica-e-pactuado-em-cib-2\/","title":{"rendered":"Curso &#8220;Nova Forma\u00e7\u00e3o em Sa\u00fade P\u00fablica&#8221; \u00e9 pactuado em CIB"},"content":{"rendered":"<p><img fetchpriority=\"high\" decoding=\"async\" class=\" size-full wp-image-8827\" src=\"https:\/\/goias.gov.br\/saude\/wp-content\/uploads\/sites\/34\/2019\/03\/cib-26-de-marco-c2b.jpg\" alt=\"\" width=\"1280\" height=\"853\" srcset=\"https:\/\/goias.gov.br\/saude\/wp-content\/uploads\/sites\/34\/2019\/03\/cib-26-de-marco-c2b.jpg 1280w, https:\/\/goias.gov.br\/saude\/wp-content\/uploads\/sites\/34\/2019\/03\/cib-26-de-marco-c2b-300x200.jpg 300w, https:\/\/goias.gov.br\/saude\/wp-content\/uploads\/sites\/34\/2019\/03\/cib-26-de-marco-c2b-1024x682.jpg 1024w, https:\/\/goias.gov.br\/saude\/wp-content\/uploads\/sites\/34\/2019\/03\/cib-26-de-marco-c2b-768x512.jpg 768w\" sizes=\"(max-width: 1280px) 100vw, 1280px\" \/><!DOCTYPE html PUBLIC \"-\/\/W3C\/\/DTD HTML 4.0 Transitional\/\/EN\" \"https:\/\/www.w3.org\/TR\/REC-html40\/loose.dtd\"><br \/>\n<html><body><\/p>\n<p>A oferta do curso de Especializa&ccedil;&atilde;o em Sa&uacute;de P&uacute;blica com uma abordagem interprofissional proposta pela Escola de Sa&uacute;de P&uacute;blica C&acirc;ndido Santiago, da Superintend&ecirc;ncia de Educa&ccedil;&atilde;o em Sa&uacute;de e Trabalho para o SUS, SEST-SUS, se consolidou hoje (26 de mar&ccedil;o) por meio da pactua&ccedil;&atilde;o em Comiss&atilde;o Intergestores Bipartite, da Secretaria de Estado da Sa&uacute;de. &nbsp;<\/p>\n<p>A nova forma&ccedil;&atilde;o em Sa&uacute;de P&uacute;blica da ESAP-GO, em parceria com a Fiocruz, tem edital previsto para abril e vai oferecer 36 vagas destinadas aos servidores lotados nas Secretarias de Sa&uacute;de do Estado de Goi&aacute;s. A coordenadora de p&oacute;s-gradua&ccedil;&atilde;o da Escola, Kelli Santos, explica que a atua&ccedil;&atilde;o integrada ser&aacute; o carro-chefe neste projeto. &ldquo;Vamos promover a integra&ccedil;&atilde;o de v&aacute;rios profissionais da &aacute;rea da sa&uacute;de, que estar&atilde;o preparados para atuarem em seus locais de trabalho de maneira interprofssional&rdquo;, explica ela, que foi a respons&aacute;vel pela apresenta&ccedil;&atilde;o do projeto em CIB.&nbsp;<\/p>\n<p>Gabriela Dutra, da Superintend&ecirc;ncia de Educa&ccedil;&atilde;o em Sa&uacute;de e Trabalho para o SUS<\/p>\n<p>Foto: Erus Jenner<\/p>\n<p><\/body><\/html><\/p>\n","protected":false},"excerpt":{"rendered":"<p>A oferta do curso de Especializa&ccedil;&atilde;o em Sa&uacute;de P&uacute;blica com uma abordagem interprofissional proposta pela Escola de Sa&uacute;de P&uacute;blica C&acirc;ndido Santiago, da Superintend&ecirc;ncia de Educa&ccedil;&atilde;o em Sa&uacute;de e Trabalho para o SUS, SEST-SUS, se consolidou hoje (26 de mar&ccedil;o) por meio da pactua&ccedil;&atilde;o em Comiss&atilde;o Intergestores Bipartite, da Secretaria de Estado da Sa&uacute;de. &nbsp; A [&hellip;]<\/p>\n","protected":false},"author":7,"featured_media":8827,"comment_status":"closed","ping_status":"open","sticky":false,"template":"","format":"standard","meta":{"footnotes":""},"categories":[3],"tags":[],"class_list":["post-19104","post","type-post","status-publish","format-standard","has-post-thumbnail","hentry","category-noticias"],"rttpg_featured_image_url":{"full":["https:\/\/goias.gov.br\/saude\/wp-content\/uploads\/sites\/34\/2019\/03\/cib-26-de-marco-c2b.jpg",1280,853,false],"landscape":["https:\/\/goias.gov.br\/saude\/wp-content\/uploads\/sites\/34\/2019\/03\/cib-26-de-marco-c2b.jpg",1280,853,false],"portraits":["https:\/\/goias.gov.br\/saude\/wp-content\/uploads\/sites\/34\/2019\/03\/cib-26-de-marco-c2b.jpg",1280,853,false],"thumbnail":["https:\/\/goias.gov.br\/saude\/wp-content\/uploads\/sites\/34\/2019\/03\/cib-26-de-marco-c2b-150x150.jpg",150,150,true],"medium":["https:\/\/goias.gov.br\/saude\/wp-content\/uploads\/sites\/34\/2019\/03\/cib-26-de-marco-c2b-300x200.jpg",300,200,true],"large":["https:\/\/goias.gov.br\/saude\/wp-content\/uploads\/sites\/34\/2019\/03\/cib-26-de-marco-c2b-1024x682.jpg",1024,682,true],"1536x1536":["https:\/\/goias.gov.br\/saude\/wp-content\/uploads\/sites\/34\/2019\/03\/cib-26-de-marco-c2b.jpg",1280,853,false],"2048x2048":["https:\/\/goias.gov.br\/saude\/wp-content\/uploads\/sites\/34\/2019\/03\/cib-26-de-marco-c2b.jpg",1280,853,false]},"rttpg_author":{"display_name":"gustavogoncalves","author_link":"https:\/\/goias.gov.br\/saude\/author\/gustavogoncalves\/"},"rttpg_comment":0,"rttpg_category":"<a href=\"https:\/\/goias.gov.br\/saude\/categoria\/noticias\/\" rel=\"category tag\">Not\u00edcias<\/a>","rttpg_excerpt":"A oferta do curso de Especializa&ccedil;&atilde;o em Sa&uacute;de P&uacute;blica com uma abordagem interprofissional proposta pela Escola de Sa&uacute;de P&uacute;blica C&acirc;ndido Santiago, da Superintend&ecirc;ncia de Educa&ccedil;&atilde;o em Sa&uacute;de e Trabalho para o SUS, SEST-SUS, se consolidou hoje (26 de mar&ccedil;o) por meio da pactua&ccedil;&atilde;o em Comiss&atilde;o Intergestores Bipartite, da Secretaria de Estado da Sa&uacute;de. &nbsp; A&hellip;","_links":{"self":[{"href":"https:\/\/goias.gov.br\/saude\/wp-json\/wp\/v2\/posts\/19104","targetHints":{"allow":["GET"]}}],"collection":[{"href":"https:\/\/goias.gov.br\/saude\/wp-json\/wp\/v2\/posts"}],"about":[{"href":"https:\/\/goias.gov.br\/saude\/wp-json\/wp\/v2\/types\/post"}],"author":[{"embeddable":true,"href":"https:\/\/goias.gov.br\/saude\/wp-json\/wp\/v2\/users\/7"}],"replies":[{"embeddable":true,"href":"https:\/\/goias.gov.br\/saude\/wp-json\/wp\/v2\/comments?post=19104"}],"version-history":[{"count":0,"href":"https:\/\/goias.gov.br\/saude\/wp-json\/wp\/v2\/posts\/19104\/revisions"}],"wp:featuredmedia":[{"embeddable":true,"href":"https:\/\/goias.gov.br\/saude\/wp-json\/wp\/v2\/media\/8827"}],"wp:attachment":[{"href":"https:\/\/goias.gov.br\/saude\/wp-json\/wp\/v2\/media?parent=19104"}],"wp:term":[{"taxonomy":"category","embeddable":true,"href":"https:\/\/goias.gov.br\/saude\/wp-json\/wp\/v2\/categories?post=19104"},{"taxonomy":"post_tag","embeddable":true,"href":"https:\/\/goias.gov.br\/saude\/wp-json\/wp\/v2\/tags?post=19104"}],"curies":[{"name":"wp","href":"https:\/\/api.w.org\/{rel}","templated":true}]}}