

{"id":1898,"date":"2018-03-26T14:13:08","date_gmt":"2018-03-26T17:13:08","guid":{"rendered":"https:\/\/siteshom.goias.gov.br\/saude\/aviso-de-coletiva-4\/"},"modified":"2018-03-26T14:13:08","modified_gmt":"2018-03-26T17:13:08","slug":"aviso-de-coletiva-4","status":"publish","type":"post","link":"https:\/\/goias.gov.br\/saude\/aviso-de-coletiva-4\/","title":{"rendered":"AVISO DE COLETIVA"},"content":{"rendered":"<p><p style=\"font-weight: 400;\">A Secretaria de Estado da Sa\u00fade de Goi\u00e1s (SES-GO) convida para coletiva nessa ter\u00e7a-feira, 27\/03, \u00e0s 14h, para informar sobre atualiza\u00e7\u00e3o do boletim da S\u00edndrome Respirat\u00f3ria Aguda Grava (SRAG\/H1N1). A m\u00e9dica Samanta Furtado da Secretaria de Estado da Sa\u00fade de Goi\u00e1s (SES-GO), e a gerente substituta de imuniza\u00e7\u00e3o e rede de frio da SES-GO, Joice Dorneles, atender\u00e3o os ve\u00edculos de comunica\u00e7\u00e3o no\u00a0Centro de Informa\u00e7\u00f5es e Decis\u00f5es Estrat\u00e9gicas em Sa\u00fade \u2013 Conecta SUS Zilda Arns Neumann.<\/p>\n<\/p>\n<p><p style=\"font-weight: 400;\"><strong><u>Servi\u00e7o:<\/u><\/strong><u><\/u><\/p>\n<\/p>\n<p>&nbsp;<\/p>\n<p><p style=\"font-weight: 400;\"><strong>Assunto<\/strong>:\u00a0\u00a0atualiza\u00e7\u00e3o do boletim SRAG\/H1N1<\/p>\n<\/p>\n<p><p style=\"font-weight: 400;\"><strong>Data<\/strong>: ter\u00e7a-feira, 27\/03<\/p>\n<\/p>\n<p><p style=\"font-weight: 400;\"><strong>Hor\u00e1rio<\/strong>: \u00e0s 14h<\/p>\n<\/p>\n<p><p style=\"font-weight: 400;\"><strong>LOCAL<\/strong>: Centro de Informa\u00e7\u00f5es e Decis\u00f5es Estrat\u00e9gicas em Sa\u00fade \u2013 Conecta SUS Zilda Arns Neumann, que funciona na sede administrativa da SES-GO, na\u00a0<a href=\"https:\/\/maps.google.com\/?q=Rua+SC1,+n%C2%B0+299&amp;entry=gmail&amp;source=g\">Rua SC1, n\u00b0 299<\/a>, Parque Santa Cruz, Goi\u00e2nia (GO).<\/p><\/p>\n","protected":false},"excerpt":{"rendered":"<p>A Secretaria de Estado da Sa\u00fade de Goi\u00e1s (SES-GO) convida para coletiva nessa ter\u00e7a-feira, 27\/03, \u00e0s 14h, para informar sobre atualiza\u00e7\u00e3o do boletim da S\u00edndrome Respirat\u00f3ria Aguda Grava (SRAG\/H1N1). A m\u00e9dica Samanta Furtado da Secretaria de Estado da Sa\u00fade de Goi\u00e1s (SES-GO), e a gerente substituta de imuniza\u00e7\u00e3o e rede de frio da SES-GO, Joice [&hellip;]<\/p>\n","protected":false},"author":46,"featured_media":0,"comment_status":"closed","ping_status":"open","sticky":false,"template":"","format":"standard","meta":{"footnotes":""},"categories":[3],"tags":[],"class_list":["post-1898","post","type-post","status-publish","format-standard","hentry","category-noticias"],"rttpg_featured_image_url":null,"rttpg_author":{"display_name":"cleybetsls","author_link":"https:\/\/goias.gov.br\/saude\/author\/cleybetsls\/"},"rttpg_comment":0,"rttpg_category":"<a href=\"https:\/\/goias.gov.br\/saude\/categoria\/noticias\/\" rel=\"category tag\">Not\u00edcias<\/a>","rttpg_excerpt":"A Secretaria de Estado da Sa\u00fade de Goi\u00e1s (SES-GO) convida para coletiva nessa ter\u00e7a-feira, 27\/03, \u00e0s 14h, para informar sobre atualiza\u00e7\u00e3o do boletim da S\u00edndrome Respirat\u00f3ria Aguda Grava (SRAG\/H1N1). A m\u00e9dica Samanta Furtado da Secretaria de Estado da Sa\u00fade de Goi\u00e1s (SES-GO), e a gerente substituta de imuniza\u00e7\u00e3o e rede de frio da SES-GO, Joice&hellip;","_links":{"self":[{"href":"https:\/\/goias.gov.br\/saude\/wp-json\/wp\/v2\/posts\/1898","targetHints":{"allow":["GET"]}}],"collection":[{"href":"https:\/\/goias.gov.br\/saude\/wp-json\/wp\/v2\/posts"}],"about":[{"href":"https:\/\/goias.gov.br\/saude\/wp-json\/wp\/v2\/types\/post"}],"author":[{"embeddable":true,"href":"https:\/\/goias.gov.br\/saude\/wp-json\/wp\/v2\/users\/46"}],"replies":[{"embeddable":true,"href":"https:\/\/goias.gov.br\/saude\/wp-json\/wp\/v2\/comments?post=1898"}],"version-history":[{"count":0,"href":"https:\/\/goias.gov.br\/saude\/wp-json\/wp\/v2\/posts\/1898\/revisions"}],"wp:attachment":[{"href":"https:\/\/goias.gov.br\/saude\/wp-json\/wp\/v2\/media?parent=1898"}],"wp:term":[{"taxonomy":"category","embeddable":true,"href":"https:\/\/goias.gov.br\/saude\/wp-json\/wp\/v2\/categories?post=1898"},{"taxonomy":"post_tag","embeddable":true,"href":"https:\/\/goias.gov.br\/saude\/wp-json\/wp\/v2\/tags?post=1898"}],"curies":[{"name":"wp","href":"https:\/\/api.w.org\/{rel}","templated":true}]}}