

{"id":1892,"date":"2018-03-27T06:32:28","date_gmt":"2018-03-27T09:32:28","guid":{"rendered":"https:\/\/siteshom.goias.gov.br\/saude\/leonardo-vilela-recebe-comenda-de-temer\/"},"modified":"2018-03-27T06:32:28","modified_gmt":"2018-03-27T09:32:28","slug":"leonardo-vilela-recebe-comenda-de-temer","status":"publish","type":"post","link":"https:\/\/goias.gov.br\/saude\/leonardo-vilela-recebe-comenda-de-temer\/","title":{"rendered":"Leonardo Vilela recebe a Ordem do M\u00e9rito M\u00e9dico"},"content":{"rendered":"<p>O secret\u00e1rio de Estado da Sa\u00fade de Goi\u00e1s Leonardo Vilela, recebe nesta ter\u00e7a-feira, \u00e0s 16h, das m\u00e3os do presidente Michel Temer, a Ordem do M\u00e9rito M\u00e9dico, que \u00e9 uma condecora\u00e7\u00e3o a m\u00e9dicos que prestaram servi\u00e7os not\u00e1veis ao pa\u00eds ou que se distinguiram no exerc\u00edcio da profiss\u00e3o.<br \/>\n<!--more--><\/p>\n<p>O secret\u00e1rio de Estado da Sa\u00fade de Goi\u00e1s Leonardo Vilela, recebe nesta ter\u00e7a-feira, \u00e0s 16h, das m\u00e3os do presidente Michel Temer, a Ordem do M\u00e9rito M\u00e9dico, que \u00e9 uma condecora\u00e7\u00e3o a m\u00e9dicos que prestaram servi\u00e7os not\u00e1veis ao pa\u00eds ou que se distinguiram no exerc\u00edcio da profiss\u00e3o. Entre os j\u00e1 agraciados, destacam-se Adib Jatene, Dr\u00e1uzio Varella, Zilda Arns e Ivo Pitanguy. A cerim\u00f4nia acontece no Pal\u00e1cio do Planalto. Leonardo Vilela \u00e9 m\u00e9dico pediatra, j\u00e1 foi secret\u00e1rio de estado em quatro pastas anteriores, deputado federal em tr\u00eas mandatos e membro de conselhos de empresas estatais do governo de Goi\u00e1s. A experi\u00eancia pol\u00edtica e t\u00e9cnica o levou a ser eleito por aclama\u00e7\u00e3o, presidente do Conselho Nacional de Secret\u00e1rios de Sa\u00fade, no \u00faltimo dia 23 de mar\u00e7o. O reconhecimento deve-se ao trabalho realizado frente \u00e0 gest\u00e3o da Sa\u00fade P\u00fablica de Goi\u00e1s, onde, com a marca da transpar\u00eancia, tem efetivado a qualifica\u00e7\u00e3o e a descentraliza\u00e7\u00e3o da sa\u00fade aos goianos.<\/p>\n<p>Entre os programas de governo que s\u00e3o refer\u00eancia nacional na \u00e1rea da sa\u00fade est\u00e3o; a gest\u00e3o da rede pr\u00f3pria hospitalar no modelo de contratualiza\u00e7\u00e3o com organiza\u00e7\u00f5es sociais, o Conecta SUS um centro de informa\u00e7\u00f5es e decis\u00f5es estrat\u00e9gicas e o combate ao mosquito Aedes aegypti, a partir de uma opera\u00e7\u00e3o de campo em parceria com a Defesa Civil, monitorada com sistema de georreferenciamento. Desde 2015 frente \u00e0 SES-GO, tem tocado um programa de obras que j\u00e1 entregou um hospital com 514 leitos, dois Centros de Recupera\u00e7\u00e3o de Dependentes Qu\u00edmicos e uma Unidade de Sa\u00fade Especializada, e conclui ainda este ano, outros dois hospitais de grande porte, duas Unidades Especializadas e dois Centros de Recupera\u00e7\u00e3o de Dependentes Qu\u00edmicos.<\/p>\n","protected":false},"excerpt":{"rendered":"<p>O secret\u00e1rio de Estado da Sa\u00fade de Goi\u00e1s Leonardo Vilela, recebe nesta ter\u00e7a-feira, \u00e0s 16h, das m\u00e3os do presidente Michel Temer, a Ordem do M\u00e9rito M\u00e9dico, que \u00e9 uma condecora\u00e7\u00e3o a m\u00e9dicos que prestaram servi\u00e7os not\u00e1veis ao pa\u00eds ou que se distinguiram no exerc\u00edcio da profiss\u00e3o.<\/p>\n","protected":false},"author":46,"featured_media":0,"comment_status":"closed","ping_status":"open","sticky":false,"template":"","format":"standard","meta":{"footnotes":""},"categories":[3],"tags":[],"class_list":["post-1892","post","type-post","status-publish","format-standard","hentry","category-noticias"],"rttpg_featured_image_url":null,"rttpg_author":{"display_name":"cleybetsls","author_link":"https:\/\/goias.gov.br\/saude\/author\/cleybetsls\/"},"rttpg_comment":0,"rttpg_category":"<a href=\"https:\/\/goias.gov.br\/saude\/categoria\/noticias\/\" rel=\"category tag\">Not\u00edcias<\/a>","rttpg_excerpt":"O secret\u00e1rio de Estado da Sa\u00fade de Goi\u00e1s Leonardo Vilela, recebe nesta ter\u00e7a-feira, \u00e0s 16h, das m\u00e3os do presidente Michel Temer, a Ordem do M\u00e9rito M\u00e9dico, que \u00e9 uma condecora\u00e7\u00e3o a m\u00e9dicos que prestaram servi\u00e7os not\u00e1veis ao pa\u00eds ou que se distinguiram no exerc\u00edcio da profiss\u00e3o.","_links":{"self":[{"href":"https:\/\/goias.gov.br\/saude\/wp-json\/wp\/v2\/posts\/1892","targetHints":{"allow":["GET"]}}],"collection":[{"href":"https:\/\/goias.gov.br\/saude\/wp-json\/wp\/v2\/posts"}],"about":[{"href":"https:\/\/goias.gov.br\/saude\/wp-json\/wp\/v2\/types\/post"}],"author":[{"embeddable":true,"href":"https:\/\/goias.gov.br\/saude\/wp-json\/wp\/v2\/users\/46"}],"replies":[{"embeddable":true,"href":"https:\/\/goias.gov.br\/saude\/wp-json\/wp\/v2\/comments?post=1892"}],"version-history":[{"count":0,"href":"https:\/\/goias.gov.br\/saude\/wp-json\/wp\/v2\/posts\/1892\/revisions"}],"wp:attachment":[{"href":"https:\/\/goias.gov.br\/saude\/wp-json\/wp\/v2\/media?parent=1892"}],"wp:term":[{"taxonomy":"category","embeddable":true,"href":"https:\/\/goias.gov.br\/saude\/wp-json\/wp\/v2\/categories?post=1892"},{"taxonomy":"post_tag","embeddable":true,"href":"https:\/\/goias.gov.br\/saude\/wp-json\/wp\/v2\/tags?post=1892"}],"curies":[{"name":"wp","href":"https:\/\/api.w.org\/{rel}","templated":true}]}}