

{"id":18742,"date":"2019-12-05T16:24:21","date_gmt":"2019-12-05T19:24:21","guid":{"rendered":"https:\/\/siteshom.goias.gov.br\/saude\/comite-gestor-apresenta-ferramentas-contra-o-aedes\/"},"modified":"2019-12-05T16:24:21","modified_gmt":"2019-12-05T19:24:21","slug":"comite-gestor-apresenta-ferramentas-contra-o-aedes","status":"publish","type":"post","link":"https:\/\/goias.gov.br\/saude\/comite-gestor-apresenta-ferramentas-contra-o-aedes\/","title":{"rendered":"Comit\u00ea Gestor apresenta ferramentas contra o Aedes"},"content":{"rendered":"<p><em>Terceira reuni\u00e3o do ano re\u00fane representantes da SES-GO, do Corpo de Bombeiros e Cosems-GO no Conecta SUS<\/em><\/p>\n<p>O Comit\u00ea Gestor Executivo Estadual respons\u00e1vel por formular e acompanhar as a\u00e7\u00f5es de controle do <em>Aedes aegypti<\/em> no territ\u00f3rio goiano realizou na tarde desta quinta-feira, 5, sua terceira reuni\u00e3o deste ano. Representantes da Secretaria de Estado da Sa\u00fade de Goi\u00e1s (SES-GO), Corpo de Bombeiros Militar do Estado de Goi\u00e1s (CBM-GO) e Conselho de Secret\u00e1rios Municipais de Sa\u00fade (Cosems-GO) participaram do encontro.<\/p>\n<p>O coordenador de Vigil\u00e2ncia da dengue, Zika e chikungunya da SES-GO, Murilo do Carmo, apresentou o Boletim Epidemiol\u00f3gico Semanal da Dengue. O informe, divulgado sempre \u00e0s quintas-feiras no site da secretaria, traz dados da doen\u00e7a e a evolu\u00e7\u00e3o dos n\u00fameros de casos nos \u00faltimos cinco anos. <a href=\"https:\/\/extranet.saude.go.gov.br\/public\/dengue.html\">O documento est\u00e1 dispon\u00edvel para consulta dos gestores estaduais, municipais e da popula\u00e7\u00e3o<\/a>.<\/p>\n<p>Segundo o boletim, neste ano foram notificados 146.679 casos de dengue em todo o Estado. Goi\u00e2nia, Aparecida de Goi\u00e2nia e An\u00e1polis concentram os maiores n\u00fameros de casos. Os maiores coeficientes de incid\u00eancia de dengue (n\u00famero de casos por 100 mil habitantes), contudo, s\u00e3o verificados nos munic\u00edpios de S\u00e3o Jo\u00e3o D\u2019Alian\u00e7a, Bom Jardim de Goi\u00e1s e Nova Igua\u00e7u de Goi\u00e1s. Os dados correspondem \u00e0 Semana Epidemiol\u00f3gica 48, ou seja, at\u00e9 30 de novembro.<\/p>\n<p>Marcello Rosa, coordenador de Vigil\u00e2ncia e Controle Ambiental de Vetores da SES-GO, apresentou o Sistema Integrado de Monitoramento Aedes Zero (Simaz). A ferramenta foi criada por equipes da Ger\u00eancia de Tecnologia da Informa\u00e7\u00e3o (TI) da Secretaria e pela coordena\u00e7\u00e3o de TI do Centro de Informa\u00e7\u00f5es e Decis\u00f5es Estrat\u00e9gicas em Sa\u00fade Conecta SUS, sob a orienta\u00e7\u00e3o t\u00e9cnica Superintend\u00eancia de Vigil\u00e2ncia em Sa\u00fade da SES-GO e em parceria com o Corpo de Bombeiros Militar.<\/p>\n<p><strong>Georreferenciamento<\/strong><\/p>\n<p>O sistema tem como fundamento o georreferenciamento, o que permite o monitoramento do n\u00famero de im\u00f3veis visitados, trabalhados, fechados, com foco do mosquito, visitas recusadas e recuperadas. O sistema tamb\u00e9m faz o acompanhamento das notifica\u00e7\u00f5es georreferenciadas e da realiza\u00e7\u00e3o de bloqueios de transmiss\u00e3o.<\/p>\n<p>Rosa tamb\u00e9m falou sobre o Arbo, que \u00e9 utilizado para monitorar poss\u00edveis altera\u00e7\u00f5es no status de gravidade de um munic\u00edpio no que tange \u00e0 incid\u00eancia de dengue. O mecanismo envia mensagens por meio de um aplicativo no celular, informando ao gestor a situa\u00e7\u00e3o do controle do Aedes em seu manc\u00edpio.<\/p>\n<p>Os participantes tamb\u00e9m receberam informa\u00e7\u00f5es sobre a vers\u00e3o preliminar do Plano de Conting\u00eancia para Dengue no Estado. O documento, elaborado com bases em diretrizes do Minist\u00e9rio da Sa\u00fade, definir\u00e1 as a\u00e7\u00f5es que o governo estadual adotar\u00e1 em casos de epidemia de dengue em territ\u00f3rio goiano.<\/p>\n<p><em>Maria Vit\u00f3ria (texto) e Brito (foto)\/Comunica\u00e7\u00e3o Setorial<\/em><\/p>\n","protected":false},"excerpt":{"rendered":"<p>Terceira reuni\u00e3o do ano re\u00fane representantes da SES-GO, do Corpo de Bombeiros e Cosems-GO no Conecta SUS O Comit\u00ea Gestor Executivo Estadual respons\u00e1vel por formular e acompanhar as a\u00e7\u00f5es de controle do Aedes aegypti no territ\u00f3rio goiano realizou na tarde desta quinta-feira, 5, sua terceira reuni\u00e3o deste ano. Representantes da Secretaria de Estado da Sa\u00fade [&hellip;]<\/p>\n","protected":false},"author":7,"featured_media":0,"comment_status":"closed","ping_status":"open","sticky":false,"template":"","format":"standard","meta":{"footnotes":""},"categories":[3],"tags":[],"class_list":["post-18742","post","type-post","status-publish","format-standard","hentry","category-noticias"],"rttpg_featured_image_url":null,"rttpg_author":{"display_name":"gustavogoncalves","author_link":"https:\/\/goias.gov.br\/saude\/author\/gustavogoncalves\/"},"rttpg_comment":0,"rttpg_category":"<a href=\"https:\/\/goias.gov.br\/saude\/categoria\/noticias\/\" rel=\"category tag\">Not\u00edcias<\/a>","rttpg_excerpt":"Terceira reuni\u00e3o do ano re\u00fane representantes da SES-GO, do Corpo de Bombeiros e Cosems-GO no Conecta SUS O Comit\u00ea Gestor Executivo Estadual respons\u00e1vel por formular e acompanhar as a\u00e7\u00f5es de controle do Aedes aegypti no territ\u00f3rio goiano realizou na tarde desta quinta-feira, 5, sua terceira reuni\u00e3o deste ano. Representantes da Secretaria de Estado da Sa\u00fade&hellip;","_links":{"self":[{"href":"https:\/\/goias.gov.br\/saude\/wp-json\/wp\/v2\/posts\/18742","targetHints":{"allow":["GET"]}}],"collection":[{"href":"https:\/\/goias.gov.br\/saude\/wp-json\/wp\/v2\/posts"}],"about":[{"href":"https:\/\/goias.gov.br\/saude\/wp-json\/wp\/v2\/types\/post"}],"author":[{"embeddable":true,"href":"https:\/\/goias.gov.br\/saude\/wp-json\/wp\/v2\/users\/7"}],"replies":[{"embeddable":true,"href":"https:\/\/goias.gov.br\/saude\/wp-json\/wp\/v2\/comments?post=18742"}],"version-history":[{"count":0,"href":"https:\/\/goias.gov.br\/saude\/wp-json\/wp\/v2\/posts\/18742\/revisions"}],"wp:attachment":[{"href":"https:\/\/goias.gov.br\/saude\/wp-json\/wp\/v2\/media?parent=18742"}],"wp:term":[{"taxonomy":"category","embeddable":true,"href":"https:\/\/goias.gov.br\/saude\/wp-json\/wp\/v2\/categories?post=18742"},{"taxonomy":"post_tag","embeddable":true,"href":"https:\/\/goias.gov.br\/saude\/wp-json\/wp\/v2\/tags?post=18742"}],"curies":[{"name":"wp","href":"https:\/\/api.w.org\/{rel}","templated":true}]}}