

{"id":18739,"date":"2019-12-06T10:53:35","date_gmt":"2019-12-06T13:53:35","guid":{"rendered":"https:\/\/siteshom.goias.gov.br\/saude\/cuidados-nas-ferias-podem-prevenir-casos-de-dengue\/"},"modified":"2019-12-06T10:53:35","modified_gmt":"2019-12-06T13:53:35","slug":"cuidados-nas-ferias-podem-prevenir-casos-de-dengue","status":"publish","type":"post","link":"https:\/\/goias.gov.br\/saude\/cuidados-nas-ferias-podem-prevenir-casos-de-dengue\/","title":{"rendered":"Cuidados nas f\u00e9rias podem prevenir casos de dengue"},"content":{"rendered":"<p><em><i>Limpeza no quintal, com retirada de entulhos e recipientes que acumulam \u00e1gua, \u00e9 fundamental antes de pegar a estrada<\/i><\/em><\/p>\n<p>A aus\u00eancia de moradores em suas resid\u00eancias durante o per\u00edodo de f\u00e9rias pode comprometer os cuidados di\u00e1rios que evitam o acumulo de \u00e1gua parada, ambiente perfeito para as larvas do mosquito <em><i>Aedes aegypti<\/i><\/em>, transmissor de dengue, Zika e chikungunya. O coordenador de Vigil\u00e2ncia e Controle Ambiental de Vetores da Secretaria de Estado da Sa\u00fade de Goi\u00e1s (SES-GO), Marcello Rosa, ressalta a import\u00e2ncia de uma vistoria completa dos moradores em suas casas antes de pegar a estrada.<\/p>\n<p>\u201cNo per\u00edodo de chuvas, a aten\u00e7\u00e3o deve ser redobrada com poss\u00edveis criadouros de larvas do mosquito. Observar a limpeza das calhas e grelhas e retirar todos as vasilhas, bebedouros de animais, garrafas ou qualquer outro recipiente que possa acumular \u00e1gua das chuvas \u00e9 fundamental antes das viagens\u201d, lembra.<\/p>\n<p>Marcello Rosa pontua ainda que o clima de Goi\u00e1s \u00e9 potencialmente mais prop\u00edcio \u00e0 prolifera\u00e7\u00e3o do mosquito. \u201cA regi\u00e3o sul, com clima mais frio; e a regi\u00e3o norte, com clima mais quente, acabam dificultando a prolifera\u00e7\u00e3o do mosquito. Goi\u00e1s \u00e9 geograficamente mais vulner\u00e1vel devido ao pr\u00f3prio clima\u201d, afirma.<\/p>\n<p>Segundo ele, um litro de \u00e1gua parada em Goi\u00e1s \u00e9 capaz de produzir muito mais larvas do mosquito do que em qualquer outra regi\u00e3o do Pa\u00eds, e isso deveria ser um motivo a mais para os cuidados da popula\u00e7\u00e3o. \u201cN\u00f3s sempre vamos ter um risco ambiental maior do que de outros Estados. A faixa central do Brasil tem a temperatura ideal para o mosquito\u201d, explica.<\/p>\n<p><img fetchpriority=\"high\" decoding=\"async\" class=\" wp-image-29670 aligncenter size-full wp-image-18738\" src=\"https:\/\/goias.gov.br\/saude\/wp-content\/uploads\/sites\/34\/2019\/12\/dengue03-1024x701-cb7.jpg\" alt=\"\" width=\"528\" height=\"361\" \/><\/p>\n<p><strong><b>Casos notificados<\/b><\/strong><\/p>\n<p>A circula\u00e7\u00e3o do sorotipo 2 da dengue em todo o Pa\u00eds desde 2018 continuou este ano, aumentando expressivamente os n\u00fameros de casos de dengue notificados por todo o Pa\u00eds e, consequentemente, em Goi\u00e1s. O Boletim Semanal de Dengue em Goi\u00e1s, divulgado na quinta-feira, 5, mostra um aumento de 45,71% no n\u00famero de casos notificados em rela\u00e7\u00e3o ao mesmo per\u00edodo de 2018, com mais de 146 mil casos notificados.<\/p>\n<p>Para o coordenador, a popula\u00e7\u00e3o precisa estar atenta aos cuidados di\u00e1rios, de forma espont\u00e2nea, como ocorria h\u00e1 tr\u00eas anos atr\u00e1s, devido \u00e0 grande divulga\u00e7\u00e3o na m\u00eddia de casos de microcefalia associados ao Aedes. \u201cO medo da popula\u00e7\u00e3o com o Zika v\u00edrus deixou de repercutir na m\u00eddia, e isso acabou deixando a popula\u00e7\u00e3o menos preocupada com os entulhos e criadouros do mosquito\u201d, alerta.<\/p>\n<p>Marcello Rosa avalia tamb\u00e9m que o descuido da popula\u00e7\u00e3o e a circula\u00e7\u00e3o de um sorotipo mais cr\u00edtico desencadeiam automaticamente no aumento de n\u00fameros de casos.<\/p>\n<p>Outro ponto levantado pelo coordenador \u00e9 a import\u00e2ncia de a popula\u00e7\u00e3o abrir suas casas para a visita dos Agentes de Combate \u00e0s Endemias, que realizam inspe\u00e7\u00e3o rigorosa nas resid\u00eancias, promovendo orienta\u00e7\u00f5es para os moradores. \u201cO per\u00edodo de f\u00e9rias tamb\u00e9m t\u00eam essa particularidade de ter mais casas fechadas, dificultando o trabalho do agente, que \u00e9 fundamental para identificar riscos e promover preven\u00e7\u00e3o\u201d, destaca.<\/p>\n<p><em><i>Felipe Cordeiro (texto) e Sebasti\u00e3o Nogueira (foto)\/Comunica\u00e7\u00e3o Setorial<\/i><\/em><\/p>\n","protected":false},"excerpt":{"rendered":"<p>Limpeza no quintal, com retirada de entulhos e recipientes que acumulam \u00e1gua, \u00e9 fundamental antes de pegar a estrada A aus\u00eancia de moradores em suas resid\u00eancias durante o per\u00edodo de f\u00e9rias pode comprometer os cuidados di\u00e1rios que evitam o acumulo de \u00e1gua parada, ambiente perfeito para as larvas do mosquito Aedes aegypti, transmissor de dengue, [&hellip;]<\/p>\n","protected":false},"author":7,"featured_media":18738,"comment_status":"closed","ping_status":"open","sticky":false,"template":"","format":"standard","meta":{"footnotes":""},"categories":[3],"tags":[],"class_list":["post-18739","post","type-post","status-publish","format-standard","has-post-thumbnail","hentry","category-noticias"],"rttpg_featured_image_url":{"full":["https:\/\/goias.gov.br\/saude\/wp-content\/uploads\/sites\/34\/2019\/12\/dengue03-1024x701-cb7.jpg",1024,701,false],"landscape":["https:\/\/goias.gov.br\/saude\/wp-content\/uploads\/sites\/34\/2019\/12\/dengue03-1024x701-cb7.jpg",1024,701,false],"portraits":["https:\/\/goias.gov.br\/saude\/wp-content\/uploads\/sites\/34\/2019\/12\/dengue03-1024x701-cb7.jpg",1024,701,false],"thumbnail":["https:\/\/goias.gov.br\/saude\/wp-content\/uploads\/sites\/34\/2019\/12\/dengue03-1024x701-cb7-150x150.jpg",150,150,true],"medium":["https:\/\/goias.gov.br\/saude\/wp-content\/uploads\/sites\/34\/2019\/12\/dengue03-1024x701-cb7-300x205.jpg",300,205,true],"large":["https:\/\/goias.gov.br\/saude\/wp-content\/uploads\/sites\/34\/2019\/12\/dengue03-1024x701-cb7.jpg",1024,701,false],"1536x1536":["https:\/\/goias.gov.br\/saude\/wp-content\/uploads\/sites\/34\/2019\/12\/dengue03-1024x701-cb7.jpg",1024,701,false],"2048x2048":["https:\/\/goias.gov.br\/saude\/wp-content\/uploads\/sites\/34\/2019\/12\/dengue03-1024x701-cb7.jpg",1024,701,false]},"rttpg_author":{"display_name":"gustavogoncalves","author_link":"https:\/\/goias.gov.br\/saude\/author\/gustavogoncalves\/"},"rttpg_comment":0,"rttpg_category":"<a href=\"https:\/\/goias.gov.br\/saude\/categoria\/noticias\/\" rel=\"category tag\">Not\u00edcias<\/a>","rttpg_excerpt":"Limpeza no quintal, com retirada de entulhos e recipientes que acumulam \u00e1gua, \u00e9 fundamental antes de pegar a estrada A aus\u00eancia de moradores em suas resid\u00eancias durante o per\u00edodo de f\u00e9rias pode comprometer os cuidados di\u00e1rios que evitam o acumulo de \u00e1gua parada, ambiente perfeito para as larvas do mosquito Aedes aegypti, transmissor de dengue,&hellip;","_links":{"self":[{"href":"https:\/\/goias.gov.br\/saude\/wp-json\/wp\/v2\/posts\/18739","targetHints":{"allow":["GET"]}}],"collection":[{"href":"https:\/\/goias.gov.br\/saude\/wp-json\/wp\/v2\/posts"}],"about":[{"href":"https:\/\/goias.gov.br\/saude\/wp-json\/wp\/v2\/types\/post"}],"author":[{"embeddable":true,"href":"https:\/\/goias.gov.br\/saude\/wp-json\/wp\/v2\/users\/7"}],"replies":[{"embeddable":true,"href":"https:\/\/goias.gov.br\/saude\/wp-json\/wp\/v2\/comments?post=18739"}],"version-history":[{"count":0,"href":"https:\/\/goias.gov.br\/saude\/wp-json\/wp\/v2\/posts\/18739\/revisions"}],"wp:featuredmedia":[{"embeddable":true,"href":"https:\/\/goias.gov.br\/saude\/wp-json\/wp\/v2\/media\/18738"}],"wp:attachment":[{"href":"https:\/\/goias.gov.br\/saude\/wp-json\/wp\/v2\/media?parent=18739"}],"wp:term":[{"taxonomy":"category","embeddable":true,"href":"https:\/\/goias.gov.br\/saude\/wp-json\/wp\/v2\/categories?post=18739"},{"taxonomy":"post_tag","embeddable":true,"href":"https:\/\/goias.gov.br\/saude\/wp-json\/wp\/v2\/tags?post=18739"}],"curies":[{"name":"wp","href":"https:\/\/api.w.org\/{rel}","templated":true}]}}