

{"id":1865,"date":"2018-04-02T04:44:42","date_gmt":"2018-04-02T07:44:42","guid":{"rendered":"https:\/\/siteshom.goias.gov.br\/saude\/hugol-recebe-liderancas-da-regiao-noroeste\/"},"modified":"2018-04-02T04:44:42","modified_gmt":"2018-04-02T07:44:42","slug":"hugol-recebe-liderancas-da-regiao-noroeste","status":"publish","type":"post","link":"https:\/\/goias.gov.br\/saude\/hugol-recebe-liderancas-da-regiao-noroeste\/","title":{"rendered":"HUGOL recebe lideran\u00e7as da Regi\u00e3o Noroeste"},"content":{"rendered":"<p>Os l\u00edderes e representantes dos bairros da Regi\u00e3o Noroeste participaram de uma reuni\u00e3o na quinta-feira, 29, no audit\u00f3rio do HUGOL \u2013 Hospital Estadual de Urg\u00eancias da Regi\u00e3o Noroeste de Goi\u00e2nia Governador Ot\u00e1vio Lage de Siqueira, unidade da SES \u2013 Governo de Goi\u00e1s.<br \/>\n<!--more--><\/p>\n<p>Os l\u00edderes e representantes dos bairros da Regi\u00e3o Noroeste participaram de uma reuni\u00e3o na quinta-feira, 29, no audit\u00f3rio do HUGOL \u2013 Hospital Estadual de Urg\u00eancias da Regi\u00e3o Noroeste de Goi\u00e2nia Governador Ot\u00e1vio Lage de Siqueira, unidade da SES \u2013 Governo de Goi\u00e1s. Os l\u00edderes e representantes dos bairros da Regi\u00e3o Noroeste participaram de uma reuni\u00e3o na quinta-feira, 29, no audit\u00f3rio do HUGOL \u2013 Hospital Estadual de Urg\u00eancias da Regi\u00e3o Noroeste de Goi\u00e2nia Governador Ot\u00e1vio Lage de Siqueira, unidade da SES \u2013 Governo de Goi\u00e1s.<\/p>\n<p>Assim como promovido nos anos anteriores, o Diretor Geral do HUGOL, H\u00e9lio Ponciano Trevenzol, recebeu os convidados com a apresenta\u00e7\u00e3o de um balan\u00e7o estat\u00edstico e as principais a\u00e7\u00f5es desenvolvidas pela unidade de sa\u00fade em benef\u00edcio de sua \u00e1rea de abrang\u00eancia. Ap\u00f3s, os moradores e l\u00edderes da Regi\u00e3o Noroeste puderam expressar sua opini\u00e3o quanto ao andamento do HUGOL, sanar d\u00favidas e relatar expectativas.<\/p>\n<p>O representante do bairro S\u00e3o Domingos, Gleydson Alc\u00e2ntara, afirmou durante a reuni\u00e3o que o HUGOL \u00e9 um patrim\u00f4nio da Regi\u00e3o Noroeste e de todo o Estado. \u201cEsse \u00e9 um hospital muito importante, um sonho da noroeste que se tornou realidade. Um amigo e um tio j\u00e1 foram atendidos aqui e me disseram que o atendimento foi excelente\u201d, conta o morador da regi\u00e3o.<\/p>\n<p><strong>Estat\u00edsticas<\/strong><\/p>\n<p>Segundo os dados apresentados, dos atendimentos a pacientes de Goi\u00e2nia, 36% s\u00e3o dedicados a moradores de bairros que comp\u00f5em a Noroeste, regi\u00e3o mais populosa da cidade. Outro ponto frisado pelo diretor foi o desenvolvimento humano promovido na regi\u00e3o. Dos 2.042 colaboradores, 37% residem nos bairros e munic\u00edpios circunvizinhos da \u00e1rea de abrang\u00eancia da unidade de sa\u00fade. Al\u00e9m disso, dos 28 jovens aprendizes que trabalham no hospital, 54% s\u00e3o especificamente dos bairros da regi\u00e3o Noroeste.<\/p>\n<p>Atuar na educa\u00e7\u00e3o em sa\u00fade da comunidade da Regi\u00e3o Noroeste \u00e9 uma das a\u00e7\u00f5es cont\u00ednuas realizadas pelo HUGOL desde 2016. De l\u00e1 at\u00e9 dezembro de 2017, o hospital, por meio de seus programas institucionais PARE \u2013 Preven\u00e7\u00e3o de Acidentes e Reeduca\u00e7\u00e3o no Tr\u00e2nsito, HUGOL na Comunidade e HUGOL nas Escolas, j\u00e1 interagiu com 29.349 pessoas, realizando orienta\u00e7\u00f5es ou procedimentos de sa\u00fade.<\/p>\n<p><strong>3\u00ba HUGOL na Comunidade<\/strong><\/p>\n<p>Durante o encontro tamb\u00e9m foi apresentado o escopo da terceira edi\u00e7\u00e3o do HUGOL na Comunidade, a\u00e7\u00e3o que acontecer\u00e1 no s\u00e1bado, 07 de abril de 2018, das 09h \u00e0s 14h, no Col\u00e9gio Estadual Edmundo Rocha, localizado na Vila Mutir\u00e3o. O evento promove educa\u00e7\u00e3o em sa\u00fade, cidadania, responsabilidade social e entretenimento para os moradores da Regi\u00e3o Noroeste de Goi\u00e2nia. Em 2017, a a\u00e7\u00e3o realizou 4.610 procedimentos, mais que o dobro do primeiro ano, e contou com o apoio de mais de 200 volunt\u00e1rios, dentre colaboradores do hospital, acad\u00eamicos da \u00e1rea da sa\u00fade e profissionais de empresas e institui\u00e7\u00f5es parceiras.<\/p>\n","protected":false},"excerpt":{"rendered":"<p>Os l\u00edderes e representantes dos bairros da Regi\u00e3o Noroeste participaram de uma reuni\u00e3o na quinta-feira, 29, no audit\u00f3rio do HUGOL \u2013 Hospital Estadual de Urg\u00eancias da Regi\u00e3o Noroeste de Goi\u00e2nia Governador Ot\u00e1vio Lage de Siqueira, unidade da SES \u2013 Governo de Goi\u00e1s.<\/p>\n","protected":false},"author":46,"featured_media":0,"comment_status":"closed","ping_status":"open","sticky":false,"template":"","format":"standard","meta":{"footnotes":""},"categories":[3],"tags":[],"class_list":["post-1865","post","type-post","status-publish","format-standard","hentry","category-noticias"],"rttpg_featured_image_url":null,"rttpg_author":{"display_name":"cleybetsls","author_link":"https:\/\/goias.gov.br\/saude\/author\/cleybetsls\/"},"rttpg_comment":0,"rttpg_category":"<a href=\"https:\/\/goias.gov.br\/saude\/categoria\/noticias\/\" rel=\"category tag\">Not\u00edcias<\/a>","rttpg_excerpt":"Os l\u00edderes e representantes dos bairros da Regi\u00e3o Noroeste participaram de uma reuni\u00e3o na quinta-feira, 29, no audit\u00f3rio do HUGOL \u2013 Hospital Estadual de Urg\u00eancias da Regi\u00e3o Noroeste de Goi\u00e2nia Governador Ot\u00e1vio Lage de Siqueira, unidade da SES \u2013 Governo de Goi\u00e1s.","_links":{"self":[{"href":"https:\/\/goias.gov.br\/saude\/wp-json\/wp\/v2\/posts\/1865","targetHints":{"allow":["GET"]}}],"collection":[{"href":"https:\/\/goias.gov.br\/saude\/wp-json\/wp\/v2\/posts"}],"about":[{"href":"https:\/\/goias.gov.br\/saude\/wp-json\/wp\/v2\/types\/post"}],"author":[{"embeddable":true,"href":"https:\/\/goias.gov.br\/saude\/wp-json\/wp\/v2\/users\/46"}],"replies":[{"embeddable":true,"href":"https:\/\/goias.gov.br\/saude\/wp-json\/wp\/v2\/comments?post=1865"}],"version-history":[{"count":0,"href":"https:\/\/goias.gov.br\/saude\/wp-json\/wp\/v2\/posts\/1865\/revisions"}],"wp:attachment":[{"href":"https:\/\/goias.gov.br\/saude\/wp-json\/wp\/v2\/media?parent=1865"}],"wp:term":[{"taxonomy":"category","embeddable":true,"href":"https:\/\/goias.gov.br\/saude\/wp-json\/wp\/v2\/categories?post=1865"},{"taxonomy":"post_tag","embeddable":true,"href":"https:\/\/goias.gov.br\/saude\/wp-json\/wp\/v2\/tags?post=1865"}],"curies":[{"name":"wp","href":"https:\/\/api.w.org\/{rel}","templated":true}]}}