

{"id":18610,"date":"2020-02-02T12:34:49","date_gmt":"2020-02-02T15:34:49","guid":{"rendered":"https:\/\/siteshom.goias.gov.br\/saude\/nota-de-agradecimento\/"},"modified":"2020-02-02T12:34:49","modified_gmt":"2020-02-02T15:34:49","slug":"nota-de-agradecimento","status":"publish","type":"post","link":"https:\/\/goias.gov.br\/saude\/nota-de-agradecimento\/","title":{"rendered":"Nota de agradecimento"},"content":{"rendered":"<p>Venho a p\u00fablico agradecer o empenho e a dedica\u00e7\u00e3o dos diversos profissionais da Secretaria de Estado da Sa\u00fade de Goi\u00e1s (SES-GO), superintend\u00eancias, unidades de sa\u00fade do Estado e municipais que prestaram atendimento \u00e0s v\u00edtimas de acidente ocorrido na BR-153, pr\u00f3ximo a Porangatu, no norte de Goi\u00e1s, na noite desse s\u00e1bado, 1\u00ba de fevereiro.<\/p>\n<p>Lamentavelmente, do tr\u00e1gico acidente entre o \u00f4nibus que levava 64 passageiros e um caminh\u00e3o resultaram tr\u00eas mortes, 33 v\u00edtimas hospitalizadas, entre as quais 5 em estado grave e 18 com traumas ortop\u00e9dicos. Aos familiares e amigos das v\u00edtimas fatais, transmitimos nossas sinceras condol\u00eancias.<\/p>\n<p>Certamente, a rapidez no socorro e aten\u00e7\u00e3o dos diversos profissionais envolvidos impediram que os danos e perdas fossem maiores. Destaco especialmente a presteza da Superintend\u00eancia do Complexo Regulador em Sa\u00fade de Goi\u00e1s, do Hugol, do Hugo, do Huana, do Corpo de Bombeiros Militar do Estado de Goi\u00e1s, do Samu de Porangatu, do Samu de Urua\u00e7u, do Samu de Ceres, do Samu de Goi\u00e2nia e da Comiss\u00e3o Intergestores Regional Norte.<\/p>\n<p>Cito ainda os incans\u00e1veis esfor\u00e7os do assessor do gabinete da SES-GO, enfermeiro Fernando Jesus; da gerente de Regula\u00e7\u00e3o de Urg\u00eancia e Emerg\u00eancia da SES-GO, Wanessa Medeiros Pinto Santana; da secret\u00e1ria municipal de sa\u00fade de Porongatu, Carla Marques; dos m\u00e9dicos cirurgi\u00f5es de trauma, dos m\u00e9dicos anestesistas, dos enfermeiros e t\u00e9cnicos de enfermagem, dos motoristas e de todos os demais integrantes da equipe da sa\u00fade.<\/p>\n<p><strong>Ismael Alexandrino<\/strong><\/p>\n<p><strong>Secret\u00e1rio de Estado da Sa\u00fade de Goi\u00e1s<\/strong><\/p>\n","protected":false},"excerpt":{"rendered":"<p>Venho a p\u00fablico agradecer o empenho e a dedica\u00e7\u00e3o dos diversos profissionais da Secretaria de Estado da Sa\u00fade de Goi\u00e1s (SES-GO), superintend\u00eancias, unidades de sa\u00fade do Estado e municipais que prestaram atendimento \u00e0s v\u00edtimas de acidente ocorrido na BR-153, pr\u00f3ximo a Porangatu, no norte de Goi\u00e1s, na noite desse s\u00e1bado, 1\u00ba de fevereiro. Lamentavelmente, do [&hellip;]<\/p>\n","protected":false},"author":7,"featured_media":0,"comment_status":"closed","ping_status":"open","sticky":false,"template":"","format":"standard","meta":{"footnotes":""},"categories":[3],"tags":[],"class_list":["post-18610","post","type-post","status-publish","format-standard","hentry","category-noticias"],"rttpg_featured_image_url":null,"rttpg_author":{"display_name":"gustavogoncalves","author_link":"https:\/\/goias.gov.br\/saude\/author\/gustavogoncalves\/"},"rttpg_comment":0,"rttpg_category":"<a href=\"https:\/\/goias.gov.br\/saude\/categoria\/noticias\/\" rel=\"category tag\">Not\u00edcias<\/a>","rttpg_excerpt":"Venho a p\u00fablico agradecer o empenho e a dedica\u00e7\u00e3o dos diversos profissionais da Secretaria de Estado da Sa\u00fade de Goi\u00e1s (SES-GO), superintend\u00eancias, unidades de sa\u00fade do Estado e municipais que prestaram atendimento \u00e0s v\u00edtimas de acidente ocorrido na BR-153, pr\u00f3ximo a Porangatu, no norte de Goi\u00e1s, na noite desse s\u00e1bado, 1\u00ba de fevereiro. Lamentavelmente, do&hellip;","_links":{"self":[{"href":"https:\/\/goias.gov.br\/saude\/wp-json\/wp\/v2\/posts\/18610","targetHints":{"allow":["GET"]}}],"collection":[{"href":"https:\/\/goias.gov.br\/saude\/wp-json\/wp\/v2\/posts"}],"about":[{"href":"https:\/\/goias.gov.br\/saude\/wp-json\/wp\/v2\/types\/post"}],"author":[{"embeddable":true,"href":"https:\/\/goias.gov.br\/saude\/wp-json\/wp\/v2\/users\/7"}],"replies":[{"embeddable":true,"href":"https:\/\/goias.gov.br\/saude\/wp-json\/wp\/v2\/comments?post=18610"}],"version-history":[{"count":0,"href":"https:\/\/goias.gov.br\/saude\/wp-json\/wp\/v2\/posts\/18610\/revisions"}],"wp:attachment":[{"href":"https:\/\/goias.gov.br\/saude\/wp-json\/wp\/v2\/media?parent=18610"}],"wp:term":[{"taxonomy":"category","embeddable":true,"href":"https:\/\/goias.gov.br\/saude\/wp-json\/wp\/v2\/categories?post=18610"},{"taxonomy":"post_tag","embeddable":true,"href":"https:\/\/goias.gov.br\/saude\/wp-json\/wp\/v2\/tags?post=18610"}],"curies":[{"name":"wp","href":"https:\/\/api.w.org\/{rel}","templated":true}]}}