

{"id":1859,"date":"2018-04-02T12:04:44","date_gmt":"2018-04-02T15:04:44","guid":{"rendered":"https:\/\/siteshom.goias.gov.br\/saude\/ses-institui-comite-de-enfrentamento-a-influenza\/"},"modified":"2018-04-02T12:04:44","modified_gmt":"2018-04-02T15:04:44","slug":"ses-institui-comite-de-enfrentamento-a-influenza","status":"publish","type":"post","link":"https:\/\/goias.gov.br\/saude\/ses-institui-comite-de-enfrentamento-a-influenza\/","title":{"rendered":"SES institui Comit\u00ea de Enfrentamento \u00e0 Influenza"},"content":{"rendered":"<p>A Secretaria de Estado da Sa\u00fade de Goi\u00e1s (SES-GO) convida para coletiva nessa ter\u00e7a-feira, 3\/04, \u00e0s 16h30, para informar sobre institui\u00e7\u00e3o do Comit\u00ea de Enfrentamento \u00e0 Influenza e atualiza\u00e7\u00e3o do boletim SRAG \u2013 S\u00edndrome Respirat\u00f3ria Aguda Grave\/H1N1. A gerente de vigil\u00e2ncia epidemiol\u00f3gica da SES-GO, Magna Maria de Carvalho atender\u00e1 os ve\u00edculos de comunica\u00e7\u00e3o.<br \/>\n<!--more--><\/p>\n<p>A Secretaria de Estado da Sa\u00fade de Goi\u00e1s (SES-GO) convida para coletiva nessa ter\u00e7a-feira, 3\/04, \u00e0s 16h30, para informar sobre institui\u00e7\u00e3o do Comit\u00ea de Enfrentamento \u00e0 Influenza e atualiza\u00e7\u00e3o do boletim SRAG \u2013 S\u00edndrome Respirat\u00f3ria Aguda Grave\/H1N1. A gerente de vigil\u00e2ncia epidemiol\u00f3gica da SES-GO, Magna Maria de Carvalho atender\u00e1 os ve\u00edculos de comunica\u00e7\u00e3o.<\/p>\n<p>Devido ao registro de casos de Influenza A com antecipa\u00e7\u00e3o da circula\u00e7\u00e3o dos tipos graves de v\u00edrus gripal, no estado de Goi\u00e1s, a Secretaria de Estado da Sa\u00fade (SES-GO) instituiu no \u00faltimo dia 28 de mar\u00e7o, o Comit\u00ea de Enfrentamento \u00e0 Influenza 2018. Os membros e atribui\u00e7\u00f5es do referido Comit\u00ea est\u00e3o descritos em portaria da SES-GO a ser publicada essa semana e referem-se \u00e0 articula\u00e7\u00e3o necess\u00e1ria para o enfrentamento desse agravo de sa\u00fade.<\/p>\n<p>O Boletim de SRAG (S\u00edndrome Respirat\u00f3ria Aguda Grave), atualizado semanalmente e publicado no portal da SES-GO apresenta at\u00e9 o momento, 50 casos de Influenza A, sendo 44 causados pelo v\u00edrus H1N1, 5 pelo H3N2 e 01 caso pelo Influenza B. Houve 04 mortes confirmadas por Influenza A, dentre as quais 03 \u00f3bitos foram confirmados pelo v\u00edrus H1N1 e 01 por H3N2.<\/p>\n<p>Outros 92 casos de SRAG est\u00e3o em investiga\u00e7\u00e3o, para definir o agente causador. Confira o Boletim no link <a href=\"https:\/\/extranet.saude.go.gov.br\/public\/influenza.html\">https:\/\/extranet.https:\/\/goias.gov.br\/saude\/public\/influenza.html<\/a><\/p>\n<p>A SES-GO esclarece que essa \u00e9 a \u00e9poca da circula\u00e7\u00e3o dos v\u00edrus gripais, sendo que em 2017, no mesmo per\u00edodo (semana 13) havia 235 casos de SRAG, sendo 28 por Influenza A (sendo 20 casos pelo H3N2, 6 pelo Influenza B, apenas 1 pelo H1N1 e um por um v\u00edrus Influenza A n\u00e3o subtipado) e, como maior registro, os casos de SRAG provocados pelo V\u00edrus Sincicial Respirat\u00f3rio com 57 casos.<\/p>\n<p>A principal medida de preven\u00e7\u00e3o \u00e9 a vacina a ser disponibilizada pelo Minist\u00e9rio da Sa\u00fade, segundo informe do dia 28 de mar\u00e7o de 2018, aos grupos priorit\u00e1rios a partir do dia 23 de abril. De acordo com o MS haver\u00e1 atraso na chegada da vacina ao pa\u00eds e portanto, haver\u00e1 altera\u00e7\u00e3o no calend\u00e1rio inicialmente previsto. Confira o informe (<a href=\"https:\/\/goias.gov.br\/saude\/wp-content\/uploads\/2018\/04\/oficio-ms-sobre-vacina.pdf\">clique aqui<\/a>).<\/p>\n<p>O Comit\u00ea de Enfrentamento ter\u00e1 a segunda reuni\u00e3o nesta ter\u00e7a-feira dia 03 de abril \u00e0s 15 h para acompanhamento e monitoramento dos casos e para ajustar todos os detalhes tanto na assist\u00eancia, capacita\u00e7\u00e3o de profissionais, distribui\u00e7\u00e3o de vacinas etc. A SES-GO tamb\u00e9m formulou um Plano de Conting\u00eancia, apresentado ao Minist\u00e9rio P\u00fablico e Minist\u00e9rio da Sa\u00fade (<a href=\"https:\/\/goias.gov.br\/saude\/wp-content\/uploads\/2018\/04\/plano_de_enfrentamento_srag___2018-1.pdf\">leia aqui<\/a>).<\/p>\n<p>A coletiva ter\u00e1 transmiss\u00e3o ao vivo no seguinte link: <a href=\"https:\/\/www.instagram.com\/saudegoias\/\">https:\/\/www.instagram.com\/saudegoias\/<\/a><\/p>\n<p>&nbsp;<\/p>\n<p><strong>Servi\u00e7o:<\/strong><\/p>\n<p>Assunto: coletiva \u00e0 imprensa para esclarecimentos sobre a\u00e7\u00f5es contra Influenza A<\/p>\n<p>Data: ter\u00e7a-feira, 03\/04<\/p>\n<p>Hor\u00e1rio: 16h30<\/p>\n<p>Local: Escola Estadual de Sa\u00fade P\u00fablica de Goi\u00e1s \u201cC\u00e2ndido Santiago\u201d, rua 26, s\/n\u00ba, Bairro Santo Ant\u00f4nio, Goi\u00e2nia-GO.<\/p>\n<p><span class=\"m_7952037937030346757m_-600914466147833192gmail-lrzxr\">\u00a0<\/span><\/p>\n<p><span class=\"m_7952037937030346757m_-600914466147833192gmail-lrzxr\">\u00a0<\/span><\/p>\n","protected":false},"excerpt":{"rendered":"<p>A Secretaria de Estado da Sa\u00fade de Goi\u00e1s (SES-GO) convida para coletiva nessa ter\u00e7a-feira, 3\/04, \u00e0s 16h30, para informar sobre institui\u00e7\u00e3o do Comit\u00ea de Enfrentamento \u00e0 Influenza e atualiza\u00e7\u00e3o do boletim SRAG \u2013 S\u00edndrome Respirat\u00f3ria Aguda Grave\/H1N1. A gerente de vigil\u00e2ncia epidemiol\u00f3gica da SES-GO, Magna Maria de Carvalho atender\u00e1 os ve\u00edculos de comunica\u00e7\u00e3o.<\/p>\n","protected":false},"author":46,"featured_media":0,"comment_status":"closed","ping_status":"open","sticky":false,"template":"","format":"standard","meta":{"footnotes":""},"categories":[3],"tags":[],"class_list":["post-1859","post","type-post","status-publish","format-standard","hentry","category-noticias"],"rttpg_featured_image_url":null,"rttpg_author":{"display_name":"cleybetsls","author_link":"https:\/\/goias.gov.br\/saude\/author\/cleybetsls\/"},"rttpg_comment":0,"rttpg_category":"<a href=\"https:\/\/goias.gov.br\/saude\/categoria\/noticias\/\" rel=\"category tag\">Not\u00edcias<\/a>","rttpg_excerpt":"A Secretaria de Estado da Sa\u00fade de Goi\u00e1s (SES-GO) convida para coletiva nessa ter\u00e7a-feira, 3\/04, \u00e0s 16h30, para informar sobre institui\u00e7\u00e3o do Comit\u00ea de Enfrentamento \u00e0 Influenza e atualiza\u00e7\u00e3o do boletim SRAG \u2013 S\u00edndrome Respirat\u00f3ria Aguda Grave\/H1N1. A gerente de vigil\u00e2ncia epidemiol\u00f3gica da SES-GO, Magna Maria de Carvalho atender\u00e1 os ve\u00edculos de comunica\u00e7\u00e3o.","_links":{"self":[{"href":"https:\/\/goias.gov.br\/saude\/wp-json\/wp\/v2\/posts\/1859","targetHints":{"allow":["GET"]}}],"collection":[{"href":"https:\/\/goias.gov.br\/saude\/wp-json\/wp\/v2\/posts"}],"about":[{"href":"https:\/\/goias.gov.br\/saude\/wp-json\/wp\/v2\/types\/post"}],"author":[{"embeddable":true,"href":"https:\/\/goias.gov.br\/saude\/wp-json\/wp\/v2\/users\/46"}],"replies":[{"embeddable":true,"href":"https:\/\/goias.gov.br\/saude\/wp-json\/wp\/v2\/comments?post=1859"}],"version-history":[{"count":0,"href":"https:\/\/goias.gov.br\/saude\/wp-json\/wp\/v2\/posts\/1859\/revisions"}],"wp:attachment":[{"href":"https:\/\/goias.gov.br\/saude\/wp-json\/wp\/v2\/media?parent=1859"}],"wp:term":[{"taxonomy":"category","embeddable":true,"href":"https:\/\/goias.gov.br\/saude\/wp-json\/wp\/v2\/categories?post=1859"},{"taxonomy":"post_tag","embeddable":true,"href":"https:\/\/goias.gov.br\/saude\/wp-json\/wp\/v2\/tags?post=1859"}],"curies":[{"name":"wp","href":"https:\/\/api.w.org\/{rel}","templated":true}]}}